{"id":10960,"date":"2019-06-13T13:33:32","date_gmt":"2019-06-13T16:33:32","guid":{"rendered":"https:\/\/blogs.correiobraziliense.com.br\/vicente\/?p=10960"},"modified":"2019-06-13T14:42:24","modified_gmt":"2019-06-13T17:42:24","slug":"vendas-do-dia-dos-namorados-caem-004-em-2019-diz-cndl","status":"publish","type":"post","link":"https:\/\/blogs.correiobraziliense.com.br\/vicente\/vendas-do-dia-dos-namorados-caem-004-em-2019-diz-cndl\/","title":{"rendered":"Vendas do Dia dos Namorados caem 0,04% em 2019, diz CNDL"},"content":{"rendered":"<h2>HAMILTON FERRARI<\/h2>\n<h2><\/h2>\n<h2>Um levantamento da Confedera\u00e7\u00e3o Nacional de Dirigentes e Lojistas (CNDL), em parceria com o Servi\u00e7o de Prote\u00e7\u00e3o ao Cr\u00e9dito (SPC Brasil), mostrou que as vendas do Dia dos Namorados ca\u00edram 0,04% em 2019, em rela\u00e7\u00e3o ao ano passado. Na pr\u00e1tica, a data comemorativa interrompeu a trajet\u00f3ria de consumo.<\/h2>\n<h2><\/h2>\n<p>De acordo com a CNDL, o desemprego e renda achatada s\u00e3o os respons\u00e1veis pelo resultado negativo. \u201cA conjuntura econ\u00f4mica atual, que inibe a melhora da confian\u00e7a do consumidor e vem provocando uma revers\u00e3o nas expectativas de sa\u00edda da crise, tem freado uma retomada mais consistente do com\u00e9rcio\u201d, informou a entidade.<\/p>\n<p>&nbsp;<\/p>\n<p>Em pesquisa anterior, a CNDL mostrou que mais da metade dos consumidores (59%) pretendiam realizar compras \u00e0 vista e 39% tinham a inten\u00e7\u00e3o de parcelar os pagamentos. Em 2018, as vendas cresceram 3,08% em rela\u00e7\u00e3o ao ano anterior.<\/p>\n<p>&nbsp;<\/p>\n<p>Para o presidente do SPC Brasil, Roque Pellizzaro Junior, o desaquecimento das vendas continua refletindo o cen\u00e1rio de dificuldades em voltar ao patamar de crescimento anterior \u00e0 recess\u00e3o econ\u00f4mica.<\/p>\n<p>&nbsp;<\/p>\n<p>\u201cCom o mercado de trabalho enfraquecido e a renda comprimida, observa-se um comportamento de compras mais cauteloso por parte do brasileiro. Nem mesmo o apelo comercial das datas comemorativas, que tradicionalmente impulsiona o varejo, est\u00e1 sendo suficiente para despertar o apetite de consumo das fam\u00edlias\u201d, destacou.<\/p>\n<p>&nbsp;<\/p>\n<p>Apesar disso, um estudo da Ebit, que calcula informa\u00e7\u00f5es sobre o com\u00e9rcio eletr\u00f4nico brasileiro, mostrou que a data faturou R$ 2,2 bilh\u00f5es neste ano. O crescimento \u00e9 de 24% em rela\u00e7\u00e3o ao mesmo per\u00edodo do ano passado (28 de maio e 11 de junho), quando ocorreu a greve dos caminhoneiros.<\/p>\n<p>&nbsp;<\/p>\n<p>\u201cEmbora o t\u00edquete m\u00e9dio tenha sofrido uma varia\u00e7\u00e3o negativa de 17%, com valor de R$ 384, o n\u00famero de pedidos cresceu 50% em rela\u00e7\u00e3o ao ano passado, com a impressionante marca de 5,7 milh\u00f5es de pedidos\u201d, informou a Ebit.<\/p>\n<p>&nbsp;<\/p>\n<p>Dentre as categorias campe\u00e3s de pedidos est\u00e3o: Perfumaria &amp; Cosm\u00e9ticos (19,9%), Moda &amp; Acess\u00f3rios (18,2%), Casa &amp; Decora\u00e7\u00e3o (10,3%), Eletrodom\u00e9sticos (9,4%), Inform\u00e1tica (5,9%), Telefonia &amp; Celulares (4,8%), Esporte &amp; Lazer (4,1%), Alimentos &amp; Bebidas (3,8%), Eletr\u00f4nicos (3,2%) e Livros (3,1%).<\/p>\n<p>&nbsp;<\/p>\n<p><em>Bras\u00edlia, 13h24min<\/em><\/p>\n","protected":false},"excerpt":{"rendered":"<p>HAMILTON FERRARI Um levantamento da Confedera\u00e7\u00e3o Nacional de Dirigentes e Lojistas (CNDL), em parceria com o Servi\u00e7o de Prote\u00e7\u00e3o ao Cr\u00e9dito (SPC Brasil), mostrou que as vendas do Dia dos Namorados ca\u00edram 0,04% em 2019, em rela\u00e7\u00e3o ao ano passado. Na pr\u00e1tica, a data comemorativa interrompeu a trajet\u00f3ria de consumo. De acordo com a CNDL, [&hellip;]<\/p>\n","protected":false},"author":22,"featured_media":0,"comment_status":"open","ping_status":"closed","sticky":false,"template":"","format":"standard","meta":{"footnotes":""},"categories":[600],"tags":[3292,3930,3931,3291,3929],"class_list":["post-10960","post","type-post","status-publish","format-standard","hentry","category-economia","tag-cndl","tag-comerio","tag-dia-dos-namorados","tag-spc-brasil","tag-vendas"],"_links":{"self":[{"href":"https:\/\/blogs.correiobraziliense.com.br\/vicente\/wp-json\/wp\/v2\/posts\/10960","targetHints":{"allow":["GET"]}}],"collection":[{"href":"https:\/\/blogs.correiobraziliense.com.br\/vicente\/wp-json\/wp\/v2\/posts"}],"about":[{"href":"https:\/\/blogs.correiobraziliense.com.br\/vicente\/wp-json\/wp\/v2\/types\/post"}],"author":[{"embeddable":true,"href":"https:\/\/blogs.correiobraziliense.com.br\/vicente\/wp-json\/wp\/v2\/users\/22"}],"replies":[{"embeddable":true,"href":"https:\/\/blogs.correiobraziliense.com.br\/vicente\/wp-json\/wp\/v2\/comments?post=10960"}],"version-history":[{"count":3,"href":"https:\/\/blogs.correiobraziliense.com.br\/vicente\/wp-json\/wp\/v2\/posts\/10960\/revisions"}],"predecessor-version":[{"id":10970,"href":"https:\/\/blogs.correiobraziliense.com.br\/vicente\/wp-json\/wp\/v2\/posts\/10960\/revisions\/10970"}],"wp:attachment":[{"href":"https:\/\/blogs.correiobraziliense.com.br\/vicente\/wp-json\/wp\/v2\/media?parent=10960"}],"wp:term":[{"taxonomy":"category","embeddable":true,"href":"https:\/\/blogs.correiobraziliense.com.br\/vicente\/wp-json\/wp\/v2\/categories?post=10960"},{"taxonomy":"post_tag","embeddable":true,"href":"https:\/\/blogs.correiobraziliense.com.br\/vicente\/wp-json\/wp\/v2\/tags?post=10960"}],"curies":[{"name":"wp","href":"https:\/\/api.w.org\/{rel}","templated":true}]}}