{"id":10954,"date":"2019-06-13T12:34:46","date_gmt":"2019-06-13T15:34:46","guid":{"rendered":"https:\/\/blogs.correiobraziliense.com.br\/vicente\/?p=10954"},"modified":"2019-06-13T12:42:02","modified_gmt":"2019-06-13T15:42:02","slug":"congresso-inicia-processo-para-encaminhar-projetos-sobre-seguranca-publica-em-resposta-a-moro","status":"publish","type":"post","link":"https:\/\/blogs.correiobraziliense.com.br\/vicente\/congresso-inicia-processo-para-encaminhar-projetos-sobre-seguranca-publica-em-resposta-a-moro\/","title":{"rendered":"Congresso inicia processo para encaminhar projetos sobre seguran\u00e7a p\u00fablica em resposta a Moro"},"content":{"rendered":"<p><span style=\"font-weight: 400\">RODOLFO COSTA<\/span><\/p>\n<p><span style=\"font-weight: 400\">A retirada dos estados e munic\u00edpios da reforma da Previd\u00eancia e a aprova\u00e7\u00e3o do projeto que tem por objetivo derrubar o decreto que flexibiliza o porte de armas n\u00e3o s\u00e3o as \u00fanicas derrotas que o Congresso est\u00e1 preparando para o governo. O vazamento das conversas entre o ministro da Justi\u00e7a, S\u00e9rgio Moro, e do coordenador da for\u00e7a-tarefa da Opera\u00e7\u00e3o Lava Jato em Curitiba, procurador Deltan Dallagnol, freou as discuss\u00f5es do pacote anticrime. Deputados e senadores, agora, se articulam para votar e aprovar pautas do Parlamento referentes \u00e0 seguran\u00e7a p\u00fablica. <\/span><\/p>\n<p>&nbsp;<\/p>\n<p><span style=\"font-weight: 400\">Os congressistas est\u00e3o garimpando projetos pr\u00f3prios ou de interesse das bancadas partid\u00e1rias. A prioridade \u00e9 mapear os projetos em est\u00e1gio mais avan\u00e7ado para encaminhamento ao Plen\u00e1rio. Os que j\u00e1 est\u00e3o prontos para vota\u00e7\u00e3o em sess\u00e3o plen\u00e1rio est\u00e3o sendo articulados com as lideran\u00e7as partid\u00e1rias e o respectivo presidente da Casa para votar a mat\u00e9ria.<\/span><\/p>\n<p>&nbsp;<\/p>\n<p><span style=\"font-weight: 400\">\u00c9 o caso do Projeto de Lei 2.530\/2015, de autoria do deputado H\u00e9lio Leite (DEM-PA), por exemplo. O texto, que se encontra no Plen\u00e1rio da C\u00e2mara, est\u00e1 sendo articulado pelo DEM e entre aliados para ser aprovado. O\u00a0<\/span>vazamento das conversas entre Moro e Dallagnol, gerou um clima desconfian\u00e7a. A sugestiva imagem de interfer\u00eancia do ministro nas investiga\u00e7\u00f5es,\u00a0quando ainda era titular da 13\u00aa Vara Federal de Curitiba, colocam em xeque a credibilidade e a conduta de Moro no atual cargo. E, por consequ\u00eancia, a necessidade de aprovar o pacote &#8220;anticrime&#8221; encaminhado pelo Minist\u00e9rio da Justi\u00e7a, agenda que, para os parlamentares, pode ser feita pelo Congresso.<\/p>\n<p>&nbsp;<\/p>\n<p><span style=\"font-weight: 400\"> A proposta de Leite classifica como homic\u00eddio qualificado assassinatos contra guardas municipais ou agentes de tr\u00e2nsito no exerc\u00edcio da fun\u00e7\u00e3o ou em decorr\u00eancia dela, bem como c\u00f4njuge, companheiro ou parente consangu\u00edneo at\u00e9 terceiro grau. O per\u00edodo de reclus\u00e3o para esse tipo de crime, previsto no artigo 121 do Decreto-Lei 2.848\/1940, \u00e9 de 12 a 30 anos de pris\u00e3o.<\/span><\/p>\n<p>&nbsp;<\/p>\n<p><span style=\"font-weight: 400\">O texto pune, tamb\u00e9m, les\u00f5es corporais cometidas a integrantes das mesmas categorias, al\u00e9m de c\u00f4njuges e parentes at\u00e9 o terceiro grau. A inten\u00e7\u00e3o \u00e9 inserir no C\u00f3digo Penal os guardas municipais e agentes de tr\u00e2nsito. A ponto de o projeto tamb\u00e9m alterar o PL 8.072\/1990, incluindo como les\u00e3o corporal dolosa de natureza grav\u00edssima e les\u00e3o corporal seguida de morte crimes praticados contra essas autoridades por uma pessoa ou por grupo de exterm\u00ednio. <\/span><\/p>\n","protected":false},"excerpt":{"rendered":"<p>RODOLFO COSTA A retirada dos estados e munic\u00edpios da reforma da Previd\u00eancia e a aprova\u00e7\u00e3o do projeto que tem por objetivo derrubar o decreto que flexibiliza o porte de armas n\u00e3o s\u00e3o as \u00fanicas derrotas que o Congresso est\u00e1 preparando para o governo. O vazamento das conversas entre o ministro da Justi\u00e7a, S\u00e9rgio Moro, e [&hellip;]<\/p>\n","protected":false},"author":22,"featured_media":0,"comment_status":"open","ping_status":"closed","sticky":false,"template":"","format":"standard","meta":{"footnotes":""},"categories":[600],"tags":[3928,2554,254,2392,97,3863,42],"class_list":["post-10954","post","type-post","status-publish","format-standard","hentry","category-economia","tag-anticrime","tag-bolsonaro","tag-congresso","tag-moro","tag-pacote","tag-parlamento","tag-sergio-moro"],"_links":{"self":[{"href":"https:\/\/blogs.correiobraziliense.com.br\/vicente\/wp-json\/wp\/v2\/posts\/10954","targetHints":{"allow":["GET"]}}],"collection":[{"href":"https:\/\/blogs.correiobraziliense.com.br\/vicente\/wp-json\/wp\/v2\/posts"}],"about":[{"href":"https:\/\/blogs.correiobraziliense.com.br\/vicente\/wp-json\/wp\/v2\/types\/post"}],"author":[{"embeddable":true,"href":"https:\/\/blogs.correiobraziliense.com.br\/vicente\/wp-json\/wp\/v2\/users\/22"}],"replies":[{"embeddable":true,"href":"https:\/\/blogs.correiobraziliense.com.br\/vicente\/wp-json\/wp\/v2\/comments?post=10954"}],"version-history":[{"count":4,"href":"https:\/\/blogs.correiobraziliense.com.br\/vicente\/wp-json\/wp\/v2\/posts\/10954\/revisions"}],"predecessor-version":[{"id":10958,"href":"https:\/\/blogs.correiobraziliense.com.br\/vicente\/wp-json\/wp\/v2\/posts\/10954\/revisions\/10958"}],"wp:attachment":[{"href":"https:\/\/blogs.correiobraziliense.com.br\/vicente\/wp-json\/wp\/v2\/media?parent=10954"}],"wp:term":[{"taxonomy":"category","embeddable":true,"href":"https:\/\/blogs.correiobraziliense.com.br\/vicente\/wp-json\/wp\/v2\/categories?post=10954"},{"taxonomy":"post_tag","embeddable":true,"href":"https:\/\/blogs.correiobraziliense.com.br\/vicente\/wp-json\/wp\/v2\/tags?post=10954"}],"curies":[{"name":"wp","href":"https:\/\/api.w.org\/{rel}","templated":true}]}}