{"id":10951,"date":"2019-06-12T19:38:53","date_gmt":"2019-06-12T22:38:53","guid":{"rendered":"https:\/\/blogs.correiobraziliense.com.br\/vicente\/?p=10951"},"modified":"2019-06-12T21:15:57","modified_gmt":"2019-06-13T00:15:57","slug":"as-ameacas-ao-mercado-internacional","status":"publish","type":"post","link":"https:\/\/blogs.correiobraziliense.com.br\/vicente\/as-ameacas-ao-mercado-internacional\/","title":{"rendered":"As amea\u00e7as ao mercado internacional"},"content":{"rendered":"<h2>HAMILTON FERRARI<\/h2>\n<h2><\/h2>\n<h2>As pol\u00edticas nacionalistas protecionistas, como as do presidente dos Estados Unidos, Donald Trump, que se contrap\u00f5em ao multilateralismo comercial, s\u00e3o uma grande preocupa\u00e7\u00e3o para o sistema comercial mundial. \u00c9 o que diz o\u00a0presidente da Dubai Chamber (c\u00e2mara de com\u00e9rcio do emirado), Hamad Buamim, que tamb\u00e9m \u00e9 chairman da Federa\u00e7\u00e3o Mundial das C\u00e2maras (ICC-WCF).<\/h2>\n<p>&nbsp;<\/p>\n<p>Para Buamim, o globalismo cresceu muito nas \u00faltimas d\u00e9cadas, beneficiando amplamente o com\u00e9rcio mundial. Ele acredita que pol\u00edticas unilaterais, com o desprezo aos acordos multilaterais e o foco no protecionismo, implicam em maiores taxas e menos neg\u00f3cios para o com\u00e9rcio, com impacto direto no desenvolvimento econ\u00f4mico das na\u00e7\u00f5es.<\/p>\n<p>&nbsp;<\/p>\n<p>Outras preocupa\u00e7\u00f5es de Buamim, compartilhada por lideres\u00a0do 11\u00ba Congresso Mundial das C\u00e2maras de Com\u00e9rcio, que acontece no Rio de Janeiro, s\u00e3o\u00a0o impacto das mudan\u00e7as clim\u00e1ticas sobre os neg\u00f3cios entre os pa\u00edses e\u00a0a import\u00e2ncia das pequenas e m\u00e9dias empresas na economia mundial, al\u00e9m, \u00e9 claro, das amea\u00e7as das pol\u00edticas nacionalistas.<\/p>\n<p>&nbsp;<\/p>\n<p>\u201cO aquecimento global, com o derretimento das geleiras polares, deve provocar mudan\u00e7a no n\u00edvel dos mares e amea\u00e7ar os portos, que s\u00e3o fundamentais na infraestrutura de transporte de produtos. A agricultura corre risco em v\u00e1rios pa\u00edses, com o aumento das secas e a escassez de \u00e1gua&#8221;, diz Buamim. Ele acrescenta: &#8220;A pesca tamb\u00e9m est\u00e1 amea\u00e7ada, devido \u00e0 destrui\u00e7\u00e3o da biodiversidade marinha. A situa\u00e7\u00e3o \u00e9 preocupante e requer uma a\u00e7\u00e3o conjunta de todos os setores de todos os pa\u00edses para conter essa amea\u00e7a. Precisamos partir imediatamente para uma economia de baixo carbono\u201d.<\/p>\n<p>&nbsp;<\/p>\n<p><strong>Dificuldades<\/strong><\/p>\n<p>&nbsp;<\/p>\n<p>Quando \u00e0 falta de pol\u00edticas nacionais e internacionais de valoriza\u00e7\u00e3o das micro, pequenas e m\u00e9dias empresas, o presidente da Dubai Chamber ressalta: \u201cEssas empresas t\u00eam muitas dificuldades de participar do com\u00e9rcio internacional, e quanto menor a empresa, mais dif\u00edcil \u00e9 para ela. E muitas delas est\u00e3o atuando ativamente na nova revolu\u00e7\u00e3o digital, s\u00e3o inovadoras e disruptivas&#8221;.<\/p>\n<p>&nbsp;<\/p>\n<p>Buamim resssalta que, hoje, as MPMEs j\u00e1 representam 95% das empresas e respondem por 60% dos empregos. &#8220;E grande parte \u00e9 gerida por mulheres empres\u00e1rias, o que refor\u00e7a a necessidade de pol\u00edticas inclusivas para esse setor. Precisamos de iniciativas globais integradas para facilitar o acesso das MPMEs \u00e0s oportunidades do com\u00e9rcio internacional\u201d.<\/p>\n<p>&nbsp;<\/p>\n<p>Buamim, um dos principais executivos de Dubai, acrescenta que a ICC-WCF est\u00e1 apoiando a iniciativa da Organiza\u00e7\u00e3o Mundial do Com\u00e9rcio (OMC) para simplificar e baratear o acesso dessas empresas aos neg\u00f3cios com pa\u00edses de todo o mundo. A Dubai Chamber \u00e9 um \u00f3rg\u00e3o semigovernamental, que re\u00fane 231 mil membros e 10 escrit\u00f3rios internacionais, um deles, em S\u00e3o Paulo, desde 2017.<\/p>\n","protected":false},"excerpt":{"rendered":"<p>HAMILTON FERRARI As pol\u00edticas nacionalistas protecionistas, como as do presidente dos Estados Unidos, Donald Trump, que se contrap\u00f5em ao multilateralismo comercial, s\u00e3o uma grande preocupa\u00e7\u00e3o para o sistema comercial mundial. \u00c9 o que diz o\u00a0presidente da Dubai Chamber (c\u00e2mara de com\u00e9rcio do emirado), Hamad Buamim, que tamb\u00e9m \u00e9 chairman da Federa\u00e7\u00e3o Mundial das C\u00e2maras (ICC-WCF). [&hellip;]<\/p>\n","protected":false},"author":22,"featured_media":0,"comment_status":"open","ping_status":"closed","sticky":false,"template":"","format":"standard","meta":{"footnotes":""},"categories":[600],"tags":[],"class_list":["post-10951","post","type-post","status-publish","format-standard","hentry","category-economia"],"_links":{"self":[{"href":"https:\/\/blogs.correiobraziliense.com.br\/vicente\/wp-json\/wp\/v2\/posts\/10951","targetHints":{"allow":["GET"]}}],"collection":[{"href":"https:\/\/blogs.correiobraziliense.com.br\/vicente\/wp-json\/wp\/v2\/posts"}],"about":[{"href":"https:\/\/blogs.correiobraziliense.com.br\/vicente\/wp-json\/wp\/v2\/types\/post"}],"author":[{"embeddable":true,"href":"https:\/\/blogs.correiobraziliense.com.br\/vicente\/wp-json\/wp\/v2\/users\/22"}],"replies":[{"embeddable":true,"href":"https:\/\/blogs.correiobraziliense.com.br\/vicente\/wp-json\/wp\/v2\/comments?post=10951"}],"version-history":[{"count":1,"href":"https:\/\/blogs.correiobraziliense.com.br\/vicente\/wp-json\/wp\/v2\/posts\/10951\/revisions"}],"predecessor-version":[{"id":10952,"href":"https:\/\/blogs.correiobraziliense.com.br\/vicente\/wp-json\/wp\/v2\/posts\/10951\/revisions\/10952"}],"wp:attachment":[{"href":"https:\/\/blogs.correiobraziliense.com.br\/vicente\/wp-json\/wp\/v2\/media?parent=10951"}],"wp:term":[{"taxonomy":"category","embeddable":true,"href":"https:\/\/blogs.correiobraziliense.com.br\/vicente\/wp-json\/wp\/v2\/categories?post=10951"},{"taxonomy":"post_tag","embeddable":true,"href":"https:\/\/blogs.correiobraziliense.com.br\/vicente\/wp-json\/wp\/v2\/tags?post=10951"}],"curies":[{"name":"wp","href":"https:\/\/api.w.org\/{rel}","templated":true}]}}