{"id":10926,"date":"2019-06-11T11:54:48","date_gmt":"2019-06-11T14:54:48","guid":{"rendered":"https:\/\/blogs.correiobraziliense.com.br\/vicente\/?p=10926"},"modified":"2019-06-11T11:54:48","modified_gmt":"2019-06-11T14:54:48","slug":"onyx-se-posiciona-sobre-moro-e-inicia-articulacao-com-baixo-e-medio-cleros-para-evitar-derrota","status":"publish","type":"post","link":"https:\/\/blogs.correiobraziliense.com.br\/vicente\/onyx-se-posiciona-sobre-moro-e-inicia-articulacao-com-baixo-e-medio-cleros-para-evitar-derrota\/","title":{"rendered":"Onyx se posiciona sobre Moro e inicia articula\u00e7\u00e3o com baixo e m\u00e9dio cleros para evitar derrota"},"content":{"rendered":"<p><span style=\"font-weight: 400\">RODOLFO COSTA<\/span><\/p>\n<p><span style=\"font-weight: 400\">Demorou, mas o ministro-chefe da Casa Civil, Onyx Lorenzoni, se posicionou sobre as acusa\u00e7\u00f5es de parcialidade do ministro da Justi\u00e7a, S\u00e9rgio Moro, em julgamentos referentes \u00e0 Opera\u00e7\u00e3o Lava-Jato, ap\u00f3s a invas\u00e3o criminosa e o vazamento de troca de mensagens do ent\u00e3o juiz com o procurador Deltan Dallagnol. Em mensagem nas redes sociais, o articulador pol\u00edtico do governo disse que o ministro \u201cajudou muito a salvar o Brasil do projeto doente de poder do PT, do Foro de S\u00e3o Paulo e da esquerda mundial.\u201d<\/span><\/p>\n<p>&nbsp;<\/p>\n<p><span style=\"font-weight: 400\">O posicionamento de Onyx \u00e9 importante para mudar o clima no Congresso e o sucesso na vota\u00e7\u00e3o do Projeto de Lei do Congresso Nacional (PLN) 4\/2019, que disp\u00f5e sobre o cr\u00e9dito suplementar solicitado pelo governo ao Parlamento para quitar, por meio de opera\u00e7\u00f5es de cr\u00e9dito, despesas correntes de R$ 248,9 bilh\u00f5es. Com a crise instalada, o ministro se tornou alvo da oposi\u00e7\u00e3o e n\u00e3o teve apoio de lideran\u00e7as de partidos da centro-direita, que submergiram diante das acusa\u00e7\u00f5es. A alta c\u00fapula n\u00e3o sair\u00e1 em defesa de Moro, um dos pilares do governo. Mas a coloca\u00e7\u00e3o de Onyx \u00e9 um est\u00edmulo a deputados do baixo e m\u00e9dio clero dispostos a apoiar o Pal\u00e1cio do Planalto.<\/span><\/p>\n<p>&nbsp;<\/p>\n<p><span style=\"font-weight: 400\">A mensagem de Onyx d\u00e1 as diretrizes de como o governo quer orientar aliados a apoiar Moro. O ministro apostou as fichas no discurso do ataque \u00e0 esquerda, ao patriotismo e no combate \u00e0 corrup\u00e7\u00e3o, aos moldes da campanha do presidente Jair Bolsonaro. \u201cN\u00e3o conseguir\u00e3o (atingi-lo). N\u00f3s, brasileiros de alma e cora\u00e7\u00e3o, n\u00e3o permitiremos! Moro \u00e9 um her\u00f3i para os brasileiros. Moro \u00e9 uma das pessoas mais corretas, capazes e \u00e9ticas que conheci nesse tempo todo aqui em Bras\u00edlia. Me sinto honrado de compartilhar com ele, e cada um do time Bolsonaro, a miss\u00e3o de mudar o Brasil. Com Deus no cora\u00e7\u00e3o, muito trabalho e f\u00e9, vamos vencer\u201d, sustentou. <\/span><\/p>\n<p>&nbsp;<\/p>\n<p><strong>Di\u00e1logo<\/strong><\/p>\n<p><span style=\"font-weight: 400\">Os pr\u00f3ximos movimentos do ministro ser\u00e3o feitos para dialogar com aliados e a base de apoio disposta a apoiar Bolsonaro em estrat\u00e9gia convergente com o coment\u00e1rio publicado nas redes sociais. O deputado Luis Miranda (DEM-DF), \u00e9 um dos parlamentares que deve se reunir com o ministro hoje. A articula\u00e7\u00e3o precisar\u00e1 ser cir\u00fargica. Afinal, s\u00e3o poucas horas para convencer o Parlamento a votar e aprovar o PLN 4 ainda nesta ter\u00e7a-feira (11\/6). A l\u00edder do governo no Congresso, Joice Hasselmann (PSL-SP), declarou na segunda (10) que \u201cningu\u00e9m vai ser maluco de derrubar o PLN\u201d por ser uma mat\u00e9ria \u201csens\u00edvel a todos\u201d. No entanto, c\u00e1lculos feitos no Congresso apontam que a aprova\u00e7\u00e3o do texto aumenta o endividamento p\u00fablico em 7%.<\/span><\/p>\n<p>&nbsp;<\/p>\n<p><span style=\"font-weight: 400\">O governo est\u00e1 sendo ref\u00e9m da orat\u00f3ria montada de ser intransigente ao aumento de gastos. O cen\u00e1rio poderia ser outro n\u00e3o fosse o vazamento do di\u00e1logo \u00e0 imprensa. \u201cQuem estava querendo se aliar, agora, est\u00e1 recuando. Moro foi infeliz demais por ter se articulado para impedir (o ex-presidente) Lula de concorrer \u00e0s elei\u00e7\u00f5es. As mensagens mostram muita parcialidade e isso gera inseguran\u00e7a em quem n\u00e3o \u00e9 da base ou planeja ser\u201d, ponderou ao <\/span><b>Blog<\/b><span style=\"font-weight: 400\"> um deputado aliado. Por esse motivo, o posicionamento de Onyx \u00e9 t\u00e3o importante, para alterar o quadro de incertezas.<\/span><\/p>\n","protected":false},"excerpt":{"rendered":"<p>RODOLFO COSTA Demorou, mas o ministro-chefe da Casa Civil, Onyx Lorenzoni, se posicionou sobre as acusa\u00e7\u00f5es de parcialidade do ministro da Justi\u00e7a, S\u00e9rgio Moro, em julgamentos referentes \u00e0 Opera\u00e7\u00e3o Lava-Jato, ap\u00f3s a invas\u00e3o criminosa e o vazamento de troca de mensagens do ent\u00e3o juiz com o procurador Deltan Dallagnol. Em mensagem nas redes sociais, o [&hellip;]<\/p>\n","protected":false},"author":22,"featured_media":0,"comment_status":"open","ping_status":"closed","sticky":false,"template":"","format":"standard","meta":{"footnotes":""},"categories":[600],"tags":[2554,254,3919,467,2392,3917,3918],"class_list":["post-10926","post","type-post","status-publish","format-standard","hentry","category-economia","tag-bolsonaro","tag-congresso","tag-credito-suplementar","tag-governo","tag-moro","tag-onyx","tag-pln-4"],"_links":{"self":[{"href":"https:\/\/blogs.correiobraziliense.com.br\/vicente\/wp-json\/wp\/v2\/posts\/10926","targetHints":{"allow":["GET"]}}],"collection":[{"href":"https:\/\/blogs.correiobraziliense.com.br\/vicente\/wp-json\/wp\/v2\/posts"}],"about":[{"href":"https:\/\/blogs.correiobraziliense.com.br\/vicente\/wp-json\/wp\/v2\/types\/post"}],"author":[{"embeddable":true,"href":"https:\/\/blogs.correiobraziliense.com.br\/vicente\/wp-json\/wp\/v2\/users\/22"}],"replies":[{"embeddable":true,"href":"https:\/\/blogs.correiobraziliense.com.br\/vicente\/wp-json\/wp\/v2\/comments?post=10926"}],"version-history":[{"count":1,"href":"https:\/\/blogs.correiobraziliense.com.br\/vicente\/wp-json\/wp\/v2\/posts\/10926\/revisions"}],"predecessor-version":[{"id":10927,"href":"https:\/\/blogs.correiobraziliense.com.br\/vicente\/wp-json\/wp\/v2\/posts\/10926\/revisions\/10927"}],"wp:attachment":[{"href":"https:\/\/blogs.correiobraziliense.com.br\/vicente\/wp-json\/wp\/v2\/media?parent=10926"}],"wp:term":[{"taxonomy":"category","embeddable":true,"href":"https:\/\/blogs.correiobraziliense.com.br\/vicente\/wp-json\/wp\/v2\/categories?post=10926"},{"taxonomy":"post_tag","embeddable":true,"href":"https:\/\/blogs.correiobraziliense.com.br\/vicente\/wp-json\/wp\/v2\/tags?post=10926"}],"curies":[{"name":"wp","href":"https:\/\/api.w.org\/{rel}","templated":true}]}}