{"id":10923,"date":"2019-06-09T17:01:23","date_gmt":"2019-06-09T20:01:23","guid":{"rendered":"https:\/\/blogs.correiobraziliense.com.br\/vicente\/?p=10923"},"modified":"2019-06-09T17:47:13","modified_gmt":"2019-06-09T20:47:13","slug":"novo-conselheiro-do-bndes-diz-que-banco-deve-incentivar-demissao-voluntaria","status":"publish","type":"post","link":"https:\/\/blogs.correiobraziliense.com.br\/vicente\/novo-conselheiro-do-bndes-diz-que-banco-deve-incentivar-demissao-voluntaria\/","title":{"rendered":"Novo conselheiro do BNDES diz que banco deve incentivar demiss\u00e3o volunt\u00e1ria"},"content":{"rendered":"<h2>ROSANA HESSEL<\/h2>\n<h2><\/h2>\n<h2>Eleito conselheiro do Banco Nacional de Desenvolvimento Econ\u00f4mico e Social (BNDES) na sexta-feira, 7 de junho, o economista Carlos Thadeu de Freitas Gomes diz que o banco precisa, urgentemente, fazer um programa de demiss\u00e3o volunt\u00e1ria (PDV) para ficar menor.<\/h2>\n<p>&nbsp;<\/p>\n<figure id=\"attachment_10924\" aria-describedby=\"caption-attachment-10924\" style=\"width: 559px\" class=\"wp-caption alignleft\"><a href=\"https:\/\/blogs.correiobraziliense.com.br\/vicente\/wp-content\/uploads\/sites\/16\/2019\/06\/CarlosTahdeu.jpg\"><img loading=\"lazy\" decoding=\"async\" class=\" wp-image-10924\" src=\"https:\/\/blogs.correiobraziliense.com.br\/vicente\/wp-content\/uploads\/sites\/16\/2019\/06\/CarlosTahdeu.jpg\" alt=\"\" width=\"559\" height=\"371\" srcset=\"https:\/\/blogs.correiobraziliense.com.br\/vicente\/wp-content\/uploads\/sites\/16\/2019\/06\/CarlosTahdeu.jpg 800w, https:\/\/blogs.correiobraziliense.com.br\/vicente\/wp-content\/uploads\/sites\/16\/2019\/06\/CarlosTahdeu-300x199.jpg 300w, https:\/\/blogs.correiobraziliense.com.br\/vicente\/wp-content\/uploads\/sites\/16\/2019\/06\/CarlosTahdeu-768x510.jpg 768w, https:\/\/blogs.correiobraziliense.com.br\/vicente\/wp-content\/uploads\/sites\/16\/2019\/06\/CarlosTahdeu-350x232.jpg 350w, https:\/\/blogs.correiobraziliense.com.br\/vicente\/wp-content\/uploads\/sites\/16\/2019\/06\/CarlosTahdeu-550x365.jpg 550w, https:\/\/blogs.correiobraziliense.com.br\/vicente\/wp-content\/uploads\/sites\/16\/2019\/06\/CarlosTahdeu-230x153.jpg 230w\" sizes=\"auto, (max-width: 559px) 100vw, 559px\" \/><\/a><figcaption id=\"caption-attachment-10924\" class=\"wp-caption-text\">Foto: Leonardo Cavalcanti\/CB\/D.A Press<\/figcaption><\/figure>\n<p>Na avalia\u00e7\u00e3o de Freitas Gomes, que foi diretor financeiro do BNDES no governo de Michel Temer, o banco est\u00e1 inchado demais. &#8220;N\u00e3o h\u00e1 necessidade de o BNDES ter quase 2,6 mil funcion\u00e1rios. Estamos falando de profissionais qualificados, mas nem todos se encaixam mais no tamanho que a institui\u00e7\u00e3o deve ter&#8221;, afirma.<\/p>\n<p>&nbsp;<\/p>\n<p>Segundo ele, o BNDES j\u00e1 chegou a emprestar mais de R$ 200 bilh\u00f5es em 2014, no governo de Dilma Rousseff. Neste ano, as opera\u00e7\u00f5es devem ficar em torno de R$ 70 bilh\u00f5es. &#8220;Ou seja, temos que adequar o quadro de pessoal do banco ao tamanho que ele tem hoje e que ter\u00e1 nos pr\u00f3ximos anos&#8221;, frisa.<\/p>\n<p>&nbsp;<\/p>\n<p><strong>BNDESPar zerada<\/strong><\/p>\n<p>&nbsp;<\/p>\n<p>Freitas Gomes reconhece, por\u00e9m, que, mesmo menor, o BNDES ter\u00e1 papel fundamental para a retomada do crescimento econ\u00f4mico, por meio do financiamento de projetos de infraestrutura e, sobretudo, de pequenas e m\u00e9dias empresas, que n\u00e3o t\u00eam acesso ao mercado tradicional de cr\u00e9dito.<\/p>\n<p>&nbsp;<\/p>\n<p>A tend\u00eancia, acredita o conselheiro eleito para o BNDES, \u00e9 de os bancos p\u00fablicos reduzirem seu espa\u00e7o, permitindo que as institui\u00e7\u00f5es privadas se tornem as alavancas do crescimento. &#8220;Infelizmente, neste momento, a demanda por cr\u00e9dito est\u00e1 fraca. Os financiamentos s\u00f3 v\u00e3o deslanchar quando a reforma da Previd\u00eancia for aprovada e a confian\u00e7a voltar&#8221;, afirma.<\/p>\n<p>&nbsp;<\/p>\n<p>Ele ressalta ainda que, para financiar a clientela, o BNDES ter\u00e1 que buscar outras fontes de financiamento, como deb\u00eantures. Outro ponto importante: o banco dever\u00e1 zerar todas as posi\u00e7\u00f5es que det\u00e9m no mercado acion\u00e1rio por meio de sua subsidi\u00e1ria, a BNDESPar.<\/p>\n<p>&nbsp;<\/p>\n<p><strong>Repasses ao Tesouro<\/strong><\/p>\n<p>&nbsp;<\/p>\n<p>O mercado de capitais, por sinal, tender\u00e1 a ser incentivado como instrumento de financiamento do setor privado. Dessa forma, as grandes empresas, sobretudo, n\u00e3o precisar\u00e3o ficar dependuradas nos bancos p\u00fablicos, como se tornou caracter\u00edstica no pa\u00eds.<\/p>\n<p>&nbsp;<\/p>\n<p>Sobre a devolu\u00e7\u00e3o dos recursos que o BNDES deve ao Tesouro Nacional, Freitas Gomes diz que tudo indica que o banco repassar\u00e1 neste ano ao Tesouro cerca de R$ 130 bilh\u00f5es. &#8220;Caixa, para isso, o BNDES tem&#8221;, diz. No total, a institui\u00e7\u00e3o ainda deve R$ 260 bilh\u00f5es ao Tesouro.<\/p>\n<p>&nbsp;<\/p>\n<p>Pelos c\u00e1lculos de Freitas Gomes, n\u00e3o fossem as devolu\u00e7\u00f5es do BNDES ao Tesouro, a d\u00edvida p\u00fablico do pa\u00eds, que est\u00e1 em torno de 78% do Produto Interno Bruto (PIB), seria muito maior. O n\u00edvel de endividamento do Brasil \u00e9 o dobro da m\u00e9dia dos pa\u00edses emergentes, de 40%.<\/p>\n<p>&nbsp;<\/p>\n<p><em>Bras\u00edlia, 17h01min<\/em><\/p>\n","protected":false},"excerpt":{"rendered":"<p>ROSANA HESSEL Eleito conselheiro do Banco Nacional de Desenvolvimento Econ\u00f4mico e Social (BNDES) na sexta-feira, 7 de junho, o economista Carlos Thadeu de Freitas Gomes diz que o banco precisa, urgentemente, fazer um programa de demiss\u00e3o volunt\u00e1ria (PDV) para ficar menor. &nbsp; Na avalia\u00e7\u00e3o de Freitas Gomes, que foi diretor financeiro do BNDES no governo [&hellip;]<\/p>\n","protected":false},"author":22,"featured_media":0,"comment_status":"open","ping_status":"closed","sticky":false,"template":"","format":"standard","meta":{"footnotes":""},"categories":[600],"tags":[89,3916,3093,22,3915,1396,2449],"class_list":["post-10923","post","type-post","status-publish","format-standard","hentry","category-economia","tag-bndes","tag-bndespar","tag-carlos-thadeu","tag-demissao","tag-freitas-gomes","tag-pdv","tag-voluntaria"],"_links":{"self":[{"href":"https:\/\/blogs.correiobraziliense.com.br\/vicente\/wp-json\/wp\/v2\/posts\/10923","targetHints":{"allow":["GET"]}}],"collection":[{"href":"https:\/\/blogs.correiobraziliense.com.br\/vicente\/wp-json\/wp\/v2\/posts"}],"about":[{"href":"https:\/\/blogs.correiobraziliense.com.br\/vicente\/wp-json\/wp\/v2\/types\/post"}],"author":[{"embeddable":true,"href":"https:\/\/blogs.correiobraziliense.com.br\/vicente\/wp-json\/wp\/v2\/users\/22"}],"replies":[{"embeddable":true,"href":"https:\/\/blogs.correiobraziliense.com.br\/vicente\/wp-json\/wp\/v2\/comments?post=10923"}],"version-history":[{"count":1,"href":"https:\/\/blogs.correiobraziliense.com.br\/vicente\/wp-json\/wp\/v2\/posts\/10923\/revisions"}],"predecessor-version":[{"id":10925,"href":"https:\/\/blogs.correiobraziliense.com.br\/vicente\/wp-json\/wp\/v2\/posts\/10923\/revisions\/10925"}],"wp:attachment":[{"href":"https:\/\/blogs.correiobraziliense.com.br\/vicente\/wp-json\/wp\/v2\/media?parent=10923"}],"wp:term":[{"taxonomy":"category","embeddable":true,"href":"https:\/\/blogs.correiobraziliense.com.br\/vicente\/wp-json\/wp\/v2\/categories?post=10923"},{"taxonomy":"post_tag","embeddable":true,"href":"https:\/\/blogs.correiobraziliense.com.br\/vicente\/wp-json\/wp\/v2\/tags?post=10923"}],"curies":[{"name":"wp","href":"https:\/\/api.w.org\/{rel}","templated":true}]}}