{"id":10913,"date":"2019-06-08T11:08:32","date_gmt":"2019-06-08T14:08:32","guid":{"rendered":"https:\/\/blogs.correiobraziliense.com.br\/vicente\/?p=10913"},"modified":"2019-06-08T12:37:01","modified_gmt":"2019-06-08T15:37:01","slug":"para-tecnicos-do-bc-bolsonaro-viaja-quando-fala-em-moeda-unica","status":"publish","type":"post","link":"https:\/\/blogs.correiobraziliense.com.br\/vicente\/para-tecnicos-do-bc-bolsonaro-viaja-quando-fala-em-moeda-unica\/","title":{"rendered":"Para t\u00e9cnicos do BC, Bolsonaro &#8220;viaja&#8221; quando fala em moeda \u00fanica"},"content":{"rendered":"<h2>T\u00e9cnicos do Banco Central veem como &#8220;viagem&#8221; a proposta do presidente Jair Bolsonaro de criar uma moeda \u00fanica no Mercosul. O assunto, lan\u00e7ado em viagem do presidente \u00e0 Argentina, \u00e9 visto dentro do BC como fora de prop\u00f3sito.<\/h2>\n<p>&nbsp;<\/p>\n<p><a href=\"https:\/\/blogs.correiobraziliense.com.br\/vicente\/wp-content\/uploads\/sites\/16\/2019\/03\/Bolsonaro2.jpg\"><img loading=\"lazy\" decoding=\"async\" class=\"wp-image-10126 alignleft\" src=\"https:\/\/blogs.correiobraziliense.com.br\/vicente\/wp-content\/uploads\/sites\/16\/2019\/03\/Bolsonaro2.jpg\" alt=\"\" width=\"578\" height=\"385\" srcset=\"https:\/\/blogs.correiobraziliense.com.br\/vicente\/wp-content\/uploads\/sites\/16\/2019\/03\/Bolsonaro2.jpg 820w, https:\/\/blogs.correiobraziliense.com.br\/vicente\/wp-content\/uploads\/sites\/16\/2019\/03\/Bolsonaro2-300x200.jpg 300w, https:\/\/blogs.correiobraziliense.com.br\/vicente\/wp-content\/uploads\/sites\/16\/2019\/03\/Bolsonaro2-768x511.jpg 768w, https:\/\/blogs.correiobraziliense.com.br\/vicente\/wp-content\/uploads\/sites\/16\/2019\/03\/Bolsonaro2-350x233.jpg 350w, https:\/\/blogs.correiobraziliense.com.br\/vicente\/wp-content\/uploads\/sites\/16\/2019\/03\/Bolsonaro2-550x366.jpg 550w, https:\/\/blogs.correiobraziliense.com.br\/vicente\/wp-content\/uploads\/sites\/16\/2019\/03\/Bolsonaro2-230x153.jpg 230w\" sizes=\"auto, (max-width: 578px) 100vw, 578px\" \/><\/a><\/p>\n<p>A autoridade monet\u00e1ria, por sinal, soltou nota oficial informando que n\u00e3o h\u00e1 nenhum estudo formal sobre moeda \u00fanica. Do Jap\u00e3o, onde participa de reuni\u00e3o do G-20, o presidente do BC, Roberto Campos Neto, ordenou um desmentido formal t\u00e3o logo foi comunicado sobre a proposta difundida por Bolsonaro.<\/p>\n<p>&nbsp;<\/p>\n<p>Na avalia\u00e7\u00e3o de t\u00e9cnicos do BC, em vez de falar sobre o que n\u00e3o sabe, criando ru\u00eddos desnecess\u00e1rios, o presidente deveria trabalhar por medidas concretas que ajudem a estimular a retomada do crescimento econ\u00f4mico. Diante da desconfian\u00e7a dos agentes econ\u00f4micos, as proje\u00e7\u00f5es para o Produto Interno Bruto (PIB) desabam.<\/p>\n<p>&nbsp;<\/p>\n<p><strong>No atoleiro<\/strong><\/p>\n<p>&nbsp;<\/p>\n<p>Em meio aos debates sobre a viabilidade de uma moeda \u00fanica no Mercosul neste momento e \u00e0s chacotas nas redes sociais, o Bradesco, segundo banco privado do pa\u00eds, anunciou a revis\u00e3o de sua estimativa para o PIB neste ano, agora, de crescimento de 0,8%. Isso mesmo, proje\u00e7\u00e3o de aumento do PIB menor do que nos dois anos de governo Temer.<\/p>\n<p>&nbsp;<\/p>\n<p>O presidente, reconhecem tanto t\u00e9cnicos do BC quanto do Minist\u00e9rio da Economia, est\u00e1 perdendo a oportunidade de criar um ambiente de confian\u00e7a no pa\u00eds, em que empres\u00e1rios e consumidores se sintam confort\u00e1veis para investir no aumento da produ\u00e7\u00e3o e da demanda. Com as bobagens que ele fala, s\u00f3 empurra a atividade ladeira abaixo.<\/p>\n<p>&nbsp;<\/p>\n<p>Esse neg\u00f3cio de que a reforma da Previd\u00eancia, se aprovada pelo Congresso, vai levar, sozinha, o Brasil para o para\u00edso \u00e9 conversa fiada. O pa\u00eds tem outros grandes problemas estruturais, mas Bolsonaro n\u00e3o tem maturidade para discuti-los e entend\u00ea-los. Ou seja, a economia continuar\u00e1 patinando.<\/p>\n<p>&nbsp;<\/p>\n<p>O ministro da Economia, Paulo Guedes, tem sua parcela de culpa nesse comportamento inadequado de Bolsonaro, pois o incentiva a vender gato por lebre. Todos sabem que, por um longo per\u00edodo, Guedes defendeu uma moeda \u00fanica para o Mercosul. Ele tem todo o direito de faz\u00ea-lo. Mas n\u00e3o neste momento, em que a desconfian\u00e7a na capacidade do governo de tirar o pa\u00eds do atoleiro \u00e9 cada vez menor.<\/p>\n<p>&nbsp;<\/p>\n<p><em>Bras\u00edlia,\u00a0 \u00a011h08min<\/em><\/p>\n","protected":false},"excerpt":{"rendered":"<p>T\u00e9cnicos do Banco Central veem como &#8220;viagem&#8221; a proposta do presidente Jair Bolsonaro de criar uma moeda \u00fanica no Mercosul. O assunto, lan\u00e7ado em viagem do presidente \u00e0 Argentina, \u00e9 visto dentro do BC como fora de prop\u00f3sito. &nbsp; A autoridade monet\u00e1ria, por sinal, soltou nota oficial informando que n\u00e3o h\u00e1 nenhum estudo formal sobre [&hellip;]<\/p>\n","protected":false},"author":22,"featured_media":0,"comment_status":"open","ping_status":"closed","sticky":false,"template":"","format":"standard","meta":{"footnotes":""},"categories":[600],"tags":[44,3,2554,3914,3613,668],"class_list":["post-10913","post","type-post","status-publish","format-standard","hentry","category-economia","tag-argentina","tag-banco-central","tag-bolsonaro","tag-moeda-unica","tag-paulo-guedes","tag-viagem"],"_links":{"self":[{"href":"https:\/\/blogs.correiobraziliense.com.br\/vicente\/wp-json\/wp\/v2\/posts\/10913","targetHints":{"allow":["GET"]}}],"collection":[{"href":"https:\/\/blogs.correiobraziliense.com.br\/vicente\/wp-json\/wp\/v2\/posts"}],"about":[{"href":"https:\/\/blogs.correiobraziliense.com.br\/vicente\/wp-json\/wp\/v2\/types\/post"}],"author":[{"embeddable":true,"href":"https:\/\/blogs.correiobraziliense.com.br\/vicente\/wp-json\/wp\/v2\/users\/22"}],"replies":[{"embeddable":true,"href":"https:\/\/blogs.correiobraziliense.com.br\/vicente\/wp-json\/wp\/v2\/comments?post=10913"}],"version-history":[{"count":1,"href":"https:\/\/blogs.correiobraziliense.com.br\/vicente\/wp-json\/wp\/v2\/posts\/10913\/revisions"}],"predecessor-version":[{"id":10914,"href":"https:\/\/blogs.correiobraziliense.com.br\/vicente\/wp-json\/wp\/v2\/posts\/10913\/revisions\/10914"}],"wp:attachment":[{"href":"https:\/\/blogs.correiobraziliense.com.br\/vicente\/wp-json\/wp\/v2\/media?parent=10913"}],"wp:term":[{"taxonomy":"category","embeddable":true,"href":"https:\/\/blogs.correiobraziliense.com.br\/vicente\/wp-json\/wp\/v2\/categories?post=10913"},{"taxonomy":"post_tag","embeddable":true,"href":"https:\/\/blogs.correiobraziliense.com.br\/vicente\/wp-json\/wp\/v2\/tags?post=10913"}],"curies":[{"name":"wp","href":"https:\/\/api.w.org\/{rel}","templated":true}]}}