{"id":10907,"date":"2019-06-05T17:27:16","date_gmt":"2019-06-05T20:27:16","guid":{"rendered":"https:\/\/blogs.correiobraziliense.com.br\/vicente\/?p=10907"},"modified":"2019-06-06T16:47:29","modified_gmt":"2019-06-06T19:47:29","slug":"ataque-a-funcionarios-fantasmas-e-muitos-projetos-sociais","status":"publish","type":"post","link":"https:\/\/blogs.correiobraziliense.com.br\/vicente\/ataque-a-funcionarios-fantasmas-e-muitos-projetos-sociais\/","title":{"rendered":"Ataque a funcion\u00e1rios fantasmas e muitos projetos sociais"},"content":{"rendered":"<p><a href=\"https:\/\/blogs.correiobraziliense.com.br\/vicente\/wp-content\/uploads\/sites\/16\/2019\/06\/ee59358c-fc41-4cd8-b31c-0a903dd9c2d5.jpg\"><img loading=\"lazy\" decoding=\"async\" class=\"wp-image-10909 alignleft\" src=\"https:\/\/blogs.correiobraziliense.com.br\/vicente\/wp-content\/uploads\/sites\/16\/2019\/06\/ee59358c-fc41-4cd8-b31c-0a903dd9c2d5-1024x722.jpg\" alt=\"\" width=\"418\" height=\"295\" srcset=\"https:\/\/blogs.correiobraziliense.com.br\/vicente\/wp-content\/uploads\/sites\/16\/2019\/06\/ee59358c-fc41-4cd8-b31c-0a903dd9c2d5-1024x722.jpg 1024w, https:\/\/blogs.correiobraziliense.com.br\/vicente\/wp-content\/uploads\/sites\/16\/2019\/06\/ee59358c-fc41-4cd8-b31c-0a903dd9c2d5-300x212.jpg 300w, https:\/\/blogs.correiobraziliense.com.br\/vicente\/wp-content\/uploads\/sites\/16\/2019\/06\/ee59358c-fc41-4cd8-b31c-0a903dd9c2d5-768x542.jpg 768w, https:\/\/blogs.correiobraziliense.com.br\/vicente\/wp-content\/uploads\/sites\/16\/2019\/06\/ee59358c-fc41-4cd8-b31c-0a903dd9c2d5-350x247.jpg 350w, https:\/\/blogs.correiobraziliense.com.br\/vicente\/wp-content\/uploads\/sites\/16\/2019\/06\/ee59358c-fc41-4cd8-b31c-0a903dd9c2d5-550x388.jpg 550w, https:\/\/blogs.correiobraziliense.com.br\/vicente\/wp-content\/uploads\/sites\/16\/2019\/06\/ee59358c-fc41-4cd8-b31c-0a903dd9c2d5-230x162.jpg 230w, https:\/\/blogs.correiobraziliense.com.br\/vicente\/wp-content\/uploads\/sites\/16\/2019\/06\/ee59358c-fc41-4cd8-b31c-0a903dd9c2d5.jpg 1280w\" sizes=\"auto, (max-width: 418px) 100vw, 418px\" \/><\/a><\/p>\n<p>HAMILTON FERRARI<\/p>\n<p>&nbsp;<\/p>\n<p>Uma forma de gest\u00e3o similar \u00e0 da iniciativa privada, mas onde o lucro se traduz num resultado direto no impacto em quem mais precisa. Em apenas cinco meses, a secret\u00e1ria de Estado de Desenvolvimento Social e Direitos Humanos no Rio, Fabiana Bentes, abriu sindic\u00e2ncia sobre 45 funcion\u00e1rios fantasmas; mobilizou empresas e arrecadou 80 toneladas entre alimentos, material de limpeza e de higiene, para atender a diversos munic\u00edpios atingidos pelas chuvas no estado do RJ; e diminuiu a estrutura de sua pasta de nove para cinco subsecretarias, com economia de R$ 6 milh\u00f5es ao ano.<\/p>\n<p>&nbsp;<\/p>\n<p>Mais: identificou uma conta de doa\u00e7\u00e3o no valor de quase R$ 4 milh\u00f5es para vitimas de calamidades naturais que estava abandonada desde 2011 e j\u00e1 colocou para ser utilizada nos pr\u00f3ximos acontecimentos; iniciou o recadastramento dos alugueis sociais que n\u00e3o tinham atualiza\u00e7\u00e3o desde 2011, economizando R$ 2 milh\u00f5es ao ano; auxiliou o clube Flamengo com rela\u00e7\u00e3o as vitimas do Ninho do Urubu, e ajudou a menina que perdeu o pai, a m\u00e3e e os irm\u00e3os no desastre de Muzema a ir para o Maranh\u00e3o com a fam\u00edlia que veio busc\u00e1-la.<\/p>\n<p>&nbsp;<\/p>\n<p>Fabiana tamb\u00e9m \u00e9 interventora da Funda\u00e7\u00e3o para a Inf\u00e2ncia e Adolesc\u00eancia, viu a presta\u00e7\u00e3o de contas dos conveniados n\u00e3o serem analisadas desde 2012 e colocou em ordem, pediu visitas diretas nas institui\u00e7\u00f5es conveniadas para saber se os servi\u00e7os prestados a popula\u00e7\u00e3o estavam de acordo.<\/p>\n<p>&nbsp;<\/p>\n<p>Agora, a meta \u00e9 priorizar os idosos, que est\u00e3o em situa\u00e7\u00e3o prec\u00e1ria. Para isso, j\u00e1 busca parceria com a iniciativa privada. \u201cN\u00e3o h\u00e1 recursos para realizar sem a participa\u00e7\u00e3o da iniciativa privada\u201d, destaca a secret\u00e1ria. Ela j\u00e1 \u00e9 chamada como a Dama de Ferro do Estado do Rio entre os colegas.<\/p>\n<p>&nbsp;<\/p>\n<p><em>Bras\u00edlia, 17h27min<\/em><\/p>\n","protected":false},"excerpt":{"rendered":"<p>HAMILTON FERRARI &nbsp; Uma forma de gest\u00e3o similar \u00e0 da iniciativa privada, mas onde o lucro se traduz num resultado direto no impacto em quem mais precisa. Em apenas cinco meses, a secret\u00e1ria de Estado de Desenvolvimento Social e Direitos Humanos no Rio, Fabiana Bentes, abriu sindic\u00e2ncia sobre 45 funcion\u00e1rios fantasmas; mobilizou empresas e arrecadou [&hellip;]<\/p>\n","protected":false},"author":22,"featured_media":0,"comment_status":"open","ping_status":"closed","sticky":false,"template":"","format":"standard","meta":{"footnotes":""},"categories":[600],"tags":[3912,3911,3913,2997,123,2675],"class_list":["post-10907","post","type-post","status-publish","format-standard","hentry","category-economia","tag-bentes","tag-fabiana","tag-fantasmas","tag-projetos","tag-servidores","tag-sociais"],"_links":{"self":[{"href":"https:\/\/blogs.correiobraziliense.com.br\/vicente\/wp-json\/wp\/v2\/posts\/10907","targetHints":{"allow":["GET"]}}],"collection":[{"href":"https:\/\/blogs.correiobraziliense.com.br\/vicente\/wp-json\/wp\/v2\/posts"}],"about":[{"href":"https:\/\/blogs.correiobraziliense.com.br\/vicente\/wp-json\/wp\/v2\/types\/post"}],"author":[{"embeddable":true,"href":"https:\/\/blogs.correiobraziliense.com.br\/vicente\/wp-json\/wp\/v2\/users\/22"}],"replies":[{"embeddable":true,"href":"https:\/\/blogs.correiobraziliense.com.br\/vicente\/wp-json\/wp\/v2\/comments?post=10907"}],"version-history":[{"count":2,"href":"https:\/\/blogs.correiobraziliense.com.br\/vicente\/wp-json\/wp\/v2\/posts\/10907\/revisions"}],"predecessor-version":[{"id":10912,"href":"https:\/\/blogs.correiobraziliense.com.br\/vicente\/wp-json\/wp\/v2\/posts\/10907\/revisions\/10912"}],"wp:attachment":[{"href":"https:\/\/blogs.correiobraziliense.com.br\/vicente\/wp-json\/wp\/v2\/media?parent=10907"}],"wp:term":[{"taxonomy":"category","embeddable":true,"href":"https:\/\/blogs.correiobraziliense.com.br\/vicente\/wp-json\/wp\/v2\/categories?post=10907"},{"taxonomy":"post_tag","embeddable":true,"href":"https:\/\/blogs.correiobraziliense.com.br\/vicente\/wp-json\/wp\/v2\/tags?post=10907"}],"curies":[{"name":"wp","href":"https:\/\/api.w.org\/{rel}","templated":true}]}}