{"id":10891,"date":"2019-06-05T18:57:04","date_gmt":"2019-06-05T21:57:04","guid":{"rendered":"https:\/\/blogs.correiobraziliense.com.br\/vicente\/?p=10891"},"modified":"2019-06-05T22:25:15","modified_gmt":"2019-06-06T01:25:15","slug":"bancada-brasil-china-desarma-bomba-interna-do-governo","status":"publish","type":"post","link":"https:\/\/blogs.correiobraziliense.com.br\/vicente\/bancada-brasil-china-desarma-bomba-interna-do-governo\/","title":{"rendered":"Bancada Brasil-China desarma bomba interna do governo"},"content":{"rendered":"<p><a href=\"https:\/\/blogs.correiobraziliense.com.br\/vicente\/wp-content\/uploads\/sites\/16\/2019\/06\/c8b2a78e-7cd9-4213-9ab2-96bf159f8896.jpg\"><img loading=\"lazy\" decoding=\"async\" class=\"wp-image-10905 alignleft\" src=\"https:\/\/blogs.correiobraziliense.com.br\/vicente\/wp-content\/uploads\/sites\/16\/2019\/06\/c8b2a78e-7cd9-4213-9ab2-96bf159f8896-1024x682.jpg\" alt=\"\" width=\"571\" height=\"380\" \/><\/a><\/p>\n<h2><span style=\"font-weight: 400\">RODOLFO COSTA<\/span><\/h2>\n<h2><\/h2>\n<h2><span style=\"font-weight: 400\">A manuten\u00e7\u00e3o do bom relacionamento com os chineses est\u00e1 unindo internamente o governo e melhorando a rela\u00e7\u00e3o entre o Executivo e o Legislativo. A articula\u00e7\u00e3o \u00e9 capitaneada pela Frente Parlamentar Brasil-China, presidida pelo deputado Fausto Pinato (PP-SP), presidente da Comiss\u00e3o de Agricultura da C\u00e2mara, e conta com o apoio de integrantes da lideran\u00e7a do governo, que se mobilizam para pacificar a conviv\u00eancia entre as alas militar e ideol\u00f3gica.<\/span><\/h2>\n<h2><\/h2>\n<p><span style=\"font-weight: 400\">O ponto alto da articula\u00e7\u00e3o foi consolidado em jantar celebrado na noite de ter\u00e7a-feira (4\/6) em celebra\u00e7\u00e3o \u00e0 viagem do vice-presidente Hamilton Mour\u00e3o em miss\u00e3o em maio \u00e0 China para a Comiss\u00e3o Sino-Brasileira de Alto N\u00edvel de Concerta\u00e7\u00e3o (Cosban). Em uma mesma mesa reservada para autoridades, sentaram-se o vice, o ministro das Rela\u00e7\u00f5es Exteriores, Ernesto Ara\u00fajo, o senador Fl\u00e1vio Bolsonaro (PSL-RJ), e o embaixador chin\u00eas, Yang Wamming.<\/span><\/p>\n<p>&nbsp;<\/p>\n<p><span style=\"font-weight: 400\">Participaram ainda do evento a ministra da Agricultura, Tereza Cristina, l\u00edderes e parlamentares influentes de partidos como PP, DEM, PRB, PL, PSL e outras legendas, incluindo da oposi\u00e7\u00e3o, como o PCdoB. A proximidade entre Mour\u00e3o, Ernesto e Fl\u00e1vio, filho do presidente Jair Bolsonaro, \u00e9 simb\u00f3lica. O ministro do Itamaraty \u00e9 uma indica\u00e7\u00e3o do escritor Olavo de Carvalho. O \u201cguru\u201d do chefe do Executivo federal, por sua vez, usou as redes sociais no fim de abril e in\u00edcio de maio para atacar os militares. Entre eles, o vice-presidente, o ministro da Secretaria de Governo, Santos Cruz, e o ex-comandante do Ex\u00e9rcito, Eduardo Villas B\u00f4as. Parte dos embates foi endossado pelo vereador Carlos Bolsonaro (PSC-RJ), filho de Bolsonaro e irm\u00e3o de Fl\u00e1vio.<\/span><\/p>\n<p>&nbsp;<\/p>\n<p><span style=\"font-weight: 400\">A solenidade em celebra\u00e7\u00e3o a Mour\u00e3o n\u00e3o deixou Ernesto e Fl\u00e1vio desconcertados. Nem era a inten\u00e7\u00e3o de integrantes da Frente Parlamentar Brasil-China. Tudo foi conversado previamente. A ideia foi para, justamente, mostrar uni\u00e3o do governo e a disposi\u00e7\u00e3o em, juntos, terem um relacionamento mais harm\u00f4nico com o Congresso. Congressistas afirmam ao <\/span><b>Blog<\/b><span style=\"font-weight: 400\"> que a ida de Fl\u00e1vio tem dedo do pr\u00f3prio Bolsonaro, que estimulou a ida do filho e parlamentares pr\u00f3ximos a ele.\u00a0O clima, reconhecem alguns, n\u00e3o era de total harmonia. \u201cMas \u00e9 um come\u00e7o\u201d, ponderou um deputado.<\/span><\/p>\n<p>&nbsp;<\/p>\n<p><span style=\"font-weight: 400\">O di\u00e1logo interno do governo parece ter surtido efeito, avaliam parlamentares presentes no jantar. O sentimento \u00e9 de que \u201ccaiu a ficha\u201d do governo. \u201cO Olavo continua batendo nos militares e no relacionamento feito por eles com os chineses, mas os filhos n\u00e3o est\u00e3o deixando ecoar as cr\u00edticas nas redes sociais\u201d, ponderou um deputado. Outro v\u00ea com bons olhos a ida de Ernesto ao jantar. \u201cA China \u00e9 um parceiro que n\u00e3o pode ser esquecido em lugar algum do mundo. A presen\u00e7a dele nos parece que as rela\u00e7\u00f5es exteriores estar\u00e3o inseridas em um processo mundial sem a discuss\u00e3o ideol\u00f3gica\u201d, argumentou.<\/span><\/p>\n<p>&nbsp;<\/p>\n<p><b>Al\u00e9m do discurso<\/b><\/p>\n<p><span style=\"font-weight: 400\">A percep\u00e7\u00e3o dos congressistas \u00e9 respaldada por Ernesto. Ao <\/span><b>Blog<\/b><span style=\"font-weight: 400\">, o ministro sinalizou a disposi\u00e7\u00e3o em ir \u201cal\u00e9m do discurso\u201d ao avaliar a presen\u00e7a dele no jantar. \u201cVim a convite do deputado Fausto, que vem fazendo trabalho excepcional na comiss\u00e3o e na frente. E isso ajuda muito no nosso trabalho. Precisamos ter agenda construtiva tanto com a China, quanto a n\u00edvel do Brics (bloco que re\u00fane Brasil, R\u00fassia, \u00cdndia, China e \u00c1frica do Sul). Ent\u00e3o, precis\u00e1vamos desse contato com o Parlamento, C\u00e2mara e Senado, para construirmos as coisas que queremos que s\u00e3o coisas concretas, novas iniciativas, indo al\u00e9m do discurso. E acho que estamos mostrando isso com resultados que come\u00e7amos a ter com a China nas perspectivas de amplia\u00e7\u00e3o do com\u00e9rcio\u201d, destacou, ainda na ter\u00e7a-feira.<\/span><\/p>\n<p>&nbsp;<\/p>\n<p><span style=\"font-weight: 400\">O ministro afirmou que a viagem prevista com Bolsonaro est\u00e1 mantida para o segundo semestre deste ano, embora n\u00e3o tenha batido o martelo em uma data concreta. L\u00e1, o chanceler e o presidente se reunir\u00e3o com investidores e autoridades chinesas. A manifesta\u00e7\u00e3o do titular do Itamaraty anima Fausto. O articulador do jantar defende a uni\u00e3o dos alicerces governistas, mesmo nas discord\u00e2ncias. \u201cIsso engloba militares, Guedes (ministro da Economia), filhos, Ernesto e Moro (ministro da Justi\u00e7a). Todos devem estar juntos\u201d, sustentou.<\/span><\/p>\n<p>&nbsp;<\/p>\n<p><span style=\"font-weight: 400\">A abertura de mercado com os Estados Unidos articulada por Ernesto n\u00e3o deve isolar a China, defende Fausto. \u201cJ\u00e1 temos muitos problemas internos e n\u00e3o temos que criar problemas externos com os chineses e os \u00e1rabes. \u00c9 algo que pode afetar as exporta\u00e7\u00f5es, que \u00e9 uma das principais bandeiras econ\u00f4micas do Brasil. Precisamos pensar em gera\u00e7\u00e3o de emprego, renda e consumo para a retomada da economia\u201d, disse ao <\/span><b>Blog<\/b><span style=\"font-weight: 400\">.<\/span><\/p>\n","protected":false},"excerpt":{"rendered":"<p>RODOLFO COSTA A manuten\u00e7\u00e3o do bom relacionamento com os chineses est\u00e1 unindo internamente o governo e melhorando a rela\u00e7\u00e3o entre o Executivo e o Legislativo. A articula\u00e7\u00e3o \u00e9 capitaneada pela Frente Parlamentar Brasil-China, presidida pelo deputado Fausto Pinato (PP-SP), presidente da Comiss\u00e3o de Agricultura da C\u00e2mara, e conta com o apoio de integrantes da lideran\u00e7a [&hellip;]<\/p>\n","protected":false},"author":22,"featured_media":0,"comment_status":"open","ping_status":"closed","sticky":false,"template":"","format":"standard","meta":{"footnotes":""},"categories":[600],"tags":[2554,246,3649,3909,3910,467],"class_list":["post-10891","post","type-post","status-publish","format-standard","hentry","category-economia","tag-bolsonaro","tag-china","tag-ernesto-araujo","tag-fausto-pinato","tag-flavio-bolsonaro","tag-governo"],"_links":{"self":[{"href":"https:\/\/blogs.correiobraziliense.com.br\/vicente\/wp-json\/wp\/v2\/posts\/10891","targetHints":{"allow":["GET"]}}],"collection":[{"href":"https:\/\/blogs.correiobraziliense.com.br\/vicente\/wp-json\/wp\/v2\/posts"}],"about":[{"href":"https:\/\/blogs.correiobraziliense.com.br\/vicente\/wp-json\/wp\/v2\/types\/post"}],"author":[{"embeddable":true,"href":"https:\/\/blogs.correiobraziliense.com.br\/vicente\/wp-json\/wp\/v2\/users\/22"}],"replies":[{"embeddable":true,"href":"https:\/\/blogs.correiobraziliense.com.br\/vicente\/wp-json\/wp\/v2\/comments?post=10891"}],"version-history":[{"count":7,"href":"https:\/\/blogs.correiobraziliense.com.br\/vicente\/wp-json\/wp\/v2\/posts\/10891\/revisions"}],"predecessor-version":[{"id":10906,"href":"https:\/\/blogs.correiobraziliense.com.br\/vicente\/wp-json\/wp\/v2\/posts\/10891\/revisions\/10906"}],"wp:attachment":[{"href":"https:\/\/blogs.correiobraziliense.com.br\/vicente\/wp-json\/wp\/v2\/media?parent=10891"}],"wp:term":[{"taxonomy":"category","embeddable":true,"href":"https:\/\/blogs.correiobraziliense.com.br\/vicente\/wp-json\/wp\/v2\/categories?post=10891"},{"taxonomy":"post_tag","embeddable":true,"href":"https:\/\/blogs.correiobraziliense.com.br\/vicente\/wp-json\/wp\/v2\/tags?post=10891"}],"curies":[{"name":"wp","href":"https:\/\/api.w.org\/{rel}","templated":true}]}}