{"id":10886,"date":"2019-06-05T16:28:51","date_gmt":"2019-06-05T19:28:51","guid":{"rendered":"https:\/\/blogs.correiobraziliense.com.br\/vicente\/?p=10886"},"modified":"2019-06-05T16:32:04","modified_gmt":"2019-06-05T19:32:04","slug":"comissao-da-camara-aprova-projeto-que-criminaliza-lgbtfobia","status":"publish","type":"post","link":"https:\/\/blogs.correiobraziliense.com.br\/vicente\/comissao-da-camara-aprova-projeto-que-criminaliza-lgbtfobia\/","title":{"rendered":"Comiss\u00e3o da C\u00e2mara aprova projeto que criminaliza LGBTfobia"},"content":{"rendered":"<h2>A Comiss\u00e3o de Direitos Humanos da C\u00e2mara dos Deputados aprovou, nesta quarta-feira, 5 de junho projeto que criminaliza a LGBTfobia.<\/h2>\n<p>&nbsp;<\/p>\n<p>&#8220;\u00c9 uma vit\u00f3ria importante para a comunidade LGBTI. O Congresso Nacional n\u00e3o pode deixar de legislar sobre esse tema. \u00c9 preciso criar um sistema protetivo de direitos humanos das popula\u00e7\u00f5es que ainda n\u00e3o t\u00eam amparo legal. Seguiremos lutando para que essa pauta avance aqui dentro&#8221;, assegura o relator do projeto, deputado federal Carlos Veras (PT\/PE).<\/p>\n<p>&nbsp;<\/p>\n<p>O projeto 7582\/2014, de autoria da deputada Maria do Ros\u00e1rio (PT-RS), equipara o crime de LGBTfobia ao feminic\u00eddio. A mat\u00e9ria segue, agora, para Comiss\u00e3o de Seguran\u00e7a P\u00fablica, depois, para a Comiss\u00e3o de Constitui\u00e7\u00e3o e Justi\u00e7a (CCJ) e, em seguida, para o Plen\u00e1rio.<\/p>\n","protected":false},"excerpt":{"rendered":"<p>A Comiss\u00e3o de Direitos Humanos da C\u00e2mara dos Deputados aprovou, nesta quarta-feira, 5 de junho projeto que criminaliza a LGBTfobia. &nbsp; &#8220;\u00c9 uma vit\u00f3ria importante para a comunidade LGBTI. O Congresso Nacional n\u00e3o pode deixar de legislar sobre esse tema. \u00c9 preciso criar um sistema protetivo de direitos humanos das popula\u00e7\u00f5es que ainda n\u00e3o t\u00eam [&hellip;]<\/p>\n","protected":false},"author":22,"featured_media":0,"comment_status":"open","ping_status":"closed","sticky":false,"template":"","format":"standard","meta":{"footnotes":""},"categories":[600],"tags":[134,3907,3908],"class_list":["post-10886","post","type-post","status-publish","format-standard","hentry","category-economia","tag-camara","tag-criminalizacao","tag-lgtbfobia"],"_links":{"self":[{"href":"https:\/\/blogs.correiobraziliense.com.br\/vicente\/wp-json\/wp\/v2\/posts\/10886","targetHints":{"allow":["GET"]}}],"collection":[{"href":"https:\/\/blogs.correiobraziliense.com.br\/vicente\/wp-json\/wp\/v2\/posts"}],"about":[{"href":"https:\/\/blogs.correiobraziliense.com.br\/vicente\/wp-json\/wp\/v2\/types\/post"}],"author":[{"embeddable":true,"href":"https:\/\/blogs.correiobraziliense.com.br\/vicente\/wp-json\/wp\/v2\/users\/22"}],"replies":[{"embeddable":true,"href":"https:\/\/blogs.correiobraziliense.com.br\/vicente\/wp-json\/wp\/v2\/comments?post=10886"}],"version-history":[{"count":4,"href":"https:\/\/blogs.correiobraziliense.com.br\/vicente\/wp-json\/wp\/v2\/posts\/10886\/revisions"}],"predecessor-version":[{"id":10890,"href":"https:\/\/blogs.correiobraziliense.com.br\/vicente\/wp-json\/wp\/v2\/posts\/10886\/revisions\/10890"}],"wp:attachment":[{"href":"https:\/\/blogs.correiobraziliense.com.br\/vicente\/wp-json\/wp\/v2\/media?parent=10886"}],"wp:term":[{"taxonomy":"category","embeddable":true,"href":"https:\/\/blogs.correiobraziliense.com.br\/vicente\/wp-json\/wp\/v2\/categories?post=10886"},{"taxonomy":"post_tag","embeddable":true,"href":"https:\/\/blogs.correiobraziliense.com.br\/vicente\/wp-json\/wp\/v2\/tags?post=10886"}],"curies":[{"name":"wp","href":"https:\/\/api.w.org\/{rel}","templated":true}]}}