{"id":10883,"date":"2019-06-02T10:34:02","date_gmt":"2019-06-02T13:34:02","guid":{"rendered":"https:\/\/blogs.correiobraziliense.com.br\/vicente\/?p=10883"},"modified":"2019-06-02T12:07:13","modified_gmt":"2019-06-02T15:07:13","slug":"empresas-comprometidas-com-o-social-ja-passam-de-6-do-pib","status":"publish","type":"post","link":"https:\/\/blogs.correiobraziliense.com.br\/vicente\/empresas-comprometidas-com-o-social-ja-passam-de-6-do-pib\/","title":{"rendered":"Empresas comprometidas com o social j\u00e1 passam de 6% do PIB"},"content":{"rendered":"<h2>HAMILTON FERRARI<\/h2>\n<h2><\/h2>\n<h2>As empresas desenhadas para ter impacto social ou ambiental positivo j\u00e1 representam mais de 6% do Produto Interno Bruto (PIB) ibero-americano e ter\u00e3o papel decisivo para que os 17 Objetivos de Desenvolvimento Sustent\u00e1vel da Agenda 2030 sejam alcan\u00e7ados.<\/h2>\n<p>&nbsp;<\/p>\n<p>Essa \u00e9 uma das principais conclus\u00f5es do estudo feito pelo Center for the Governance of Change (CGC), da IE University, em colabora\u00e7\u00e3o com a Secretaria Geral Ibero-americana (SEGIB), onde \u00e9 analisado o atual estado da \u201ceconomia com prop\u00f3sito\u201d na Argentina, no Brasil, na Col\u00f4mbia, no Chile, no M\u00e9xico, em Portugal e na Espanha.<\/p>\n<p>&nbsp;<\/p>\n<p>O estudo demonstra que, na Ibero-Am\u00e9rica, h\u00e1 mais de 170 mil empresas desse tipo, empregando mais de 10 milh\u00f5es de trabalhadores em diferentes setores, do agro-alimentar ao tecnol\u00f3gico. Elas aliam a atividade comercial a medidas para o combate \u00e0s altera\u00e7\u00f5es clim\u00e1ticas, \u00e0 redu\u00e7\u00e3o da pobreza e \u00e0 desigualdade.<\/p>\n<p>&nbsp;<\/p>\n<p>No Brasil, segundo o estudo, os neg\u00f3cios de impacto social est\u00e3o concentrados nas regi\u00f5es Sudeste (62%) e\u00a0Sul (16%) e s\u00e3o, majoritariamente, de pequeno porte\u00a0(mais de 70% dos neg\u00f3cios t\u00eam entre tr\u00eas e nove funcion\u00e1rios). Entre as grandes, o destaque vai para a Natura, que acaba de assumir o controle acion\u00e1rio da Avon.<\/p>\n<p>&nbsp;<\/p>\n<p>Com as informa\u00e7\u00f5es dispon\u00edveis, estima-se que as pequenas empresas brasileiras com compromissos sociais e ambientais empreguem ao redor de 10 mil funcion\u00e1rios (n\u00fameros de 2017). Esses neg\u00f3cios de menor porte\u00a0est\u00e3o muito pr\u00f3ximos de gerar R$ 1 bilh\u00e3o de<br \/>\nfaturamento anual.<\/p>\n<p>&nbsp;<\/p>\n<p><strong>Compromissos<\/strong><\/p>\n<p>&nbsp;<\/p>\n<p>Segundo os respons\u00e1veis pelo estudo, levando-se em considera\u00e7\u00e3o o compromisso particular com o meio-ambiente e a justi\u00e7a social, as empresas ter\u00e3o papel decisivo nos 17 objetivos de desenvolvimento da Agenda 2030. Mas a maioria delas n\u00e3o conseguir\u00e1 alcan\u00e7ar escala suficiente para ter o impacto que o mundo precisa.<\/p>\n<p>&nbsp;<\/p>\n<p>Para Diego Rubio, coordenador do estudo, isso ocorre porque n\u00e3o existe um ecossistema favor\u00e1vel para essas empresas. \u201cAs empresas com prop\u00f3sito social se veem obrigadas a competir num contexto econ\u00f4mico e regulat\u00f3rio que n\u00e3o foi criado para elas. Prioriza-se o lucro em vez do impacto social\u201d, diz.<\/p>\n<p>&nbsp;<\/p>\n<p>Para solucionar esses problemas, os estudiosos prop\u00f5em a cria\u00e7\u00e3o de um novo espa\u00e7o regulat\u00f3rio, que se adapte \u00e0s carater\u00edsticas \u00fanicas dessas empresas e as ajude a crescer sem ter que renunciar aos seus valores. A esse espa\u00e7o se chama \u201co quarto setor\u201d, por estar na jun\u00e7\u00e3o dos tr\u00eas segmentos tradicionais (privado, p\u00fablico e sem fins lucrativos).<\/p>\n<p>Para Rebeca Grynspan, Secret\u00e1ria-Geral Ibero-Americana e co-chair da Fourth Sector Development Initiative, do F\u00f3rum Econ\u00f4mico Mundial, \u201cos cidad\u00e3os est\u00e3o dizendo que o desenvolvimento sustent\u00e1vel, a desigualdade e as altera\u00e7\u00f5es clim\u00e1ticas n\u00e3o s\u00e3o assuntos s\u00f3 dos governos, mas exigem um papel mais ativo das empresas\u201d.<\/p>\n<p>&nbsp;<\/p>\n<p>Diego del Alc\u00e1zar Benjumea, vice-presidente da IE University, destaca o compromisso da institui\u00e7\u00e3o com o desenvolvimento de projetos com impacto social. \u201cFormamos l\u00edderes que enfrentam os desafios da gest\u00e3o de institui\u00e7\u00f5es e empresas num contexto global transformado pela tecnologia. Desenhamos um modelo apoiado na inova\u00e7\u00e3o e na tecnologia, que elimina as barreiras f\u00edsicas de acesso \u00e0 educa\u00e7\u00e3o. Impulsionamos o empreendedorismo como via de cria\u00e7\u00e3o de emprego, riqueza e bem-estar social\u201d, afirma.<\/p>\n<p>&nbsp;<\/p>\n<p><em>Bras\u00edlia, 10h34min<\/em><\/p>\n","protected":false},"excerpt":{"rendered":"<p>HAMILTON FERRARI As empresas desenhadas para ter impacto social ou ambiental positivo j\u00e1 representam mais de 6% do Produto Interno Bruto (PIB) ibero-americano e ter\u00e3o papel decisivo para que os 17 Objetivos de Desenvolvimento Sustent\u00e1vel da Agenda 2030 sejam alcan\u00e7ados. &nbsp; Essa \u00e9 uma das principais conclus\u00f5es do estudo feito pelo Center for the Governance [&hellip;]<\/p>\n","protected":false},"author":22,"featured_media":0,"comment_status":"open","ping_status":"closed","sticky":false,"template":"","format":"standard","meta":{"footnotes":""},"categories":[600],"tags":[1109,3906,460,58,2934],"class_list":["post-10883","post","type-post","status-publish","format-standard","hentry","category-economia","tag-empresas","tag-ibero-americana","tag-meio-ambiente","tag-pib","tag-social"],"_links":{"self":[{"href":"https:\/\/blogs.correiobraziliense.com.br\/vicente\/wp-json\/wp\/v2\/posts\/10883","targetHints":{"allow":["GET"]}}],"collection":[{"href":"https:\/\/blogs.correiobraziliense.com.br\/vicente\/wp-json\/wp\/v2\/posts"}],"about":[{"href":"https:\/\/blogs.correiobraziliense.com.br\/vicente\/wp-json\/wp\/v2\/types\/post"}],"author":[{"embeddable":true,"href":"https:\/\/blogs.correiobraziliense.com.br\/vicente\/wp-json\/wp\/v2\/users\/22"}],"replies":[{"embeddable":true,"href":"https:\/\/blogs.correiobraziliense.com.br\/vicente\/wp-json\/wp\/v2\/comments?post=10883"}],"version-history":[{"count":1,"href":"https:\/\/blogs.correiobraziliense.com.br\/vicente\/wp-json\/wp\/v2\/posts\/10883\/revisions"}],"predecessor-version":[{"id":10884,"href":"https:\/\/blogs.correiobraziliense.com.br\/vicente\/wp-json\/wp\/v2\/posts\/10883\/revisions\/10884"}],"wp:attachment":[{"href":"https:\/\/blogs.correiobraziliense.com.br\/vicente\/wp-json\/wp\/v2\/media?parent=10883"}],"wp:term":[{"taxonomy":"category","embeddable":true,"href":"https:\/\/blogs.correiobraziliense.com.br\/vicente\/wp-json\/wp\/v2\/categories?post=10883"},{"taxonomy":"post_tag","embeddable":true,"href":"https:\/\/blogs.correiobraziliense.com.br\/vicente\/wp-json\/wp\/v2\/tags?post=10883"}],"curies":[{"name":"wp","href":"https:\/\/api.w.org\/{rel}","templated":true}]}}