{"id":10878,"date":"2019-05-31T19:31:40","date_gmt":"2019-05-31T22:31:40","guid":{"rendered":"https:\/\/blogs.correiobraziliense.com.br\/vicente\/?p=10878"},"modified":"2019-05-31T20:28:02","modified_gmt":"2019-05-31T23:28:02","slug":"petrobras-reduz-preco-da-gasolina-em-715-nas-refinarias","status":"publish","type":"post","link":"https:\/\/blogs.correiobraziliense.com.br\/vicente\/petrobras-reduz-preco-da-gasolina-em-715-nas-refinarias\/","title":{"rendered":"Petrobras reduz pre\u00e7o da gasolina em 7,15% nas refinarias"},"content":{"rendered":"<h2><a href=\"https:\/\/blogs.correiobraziliense.com.br\/vicente\/wp-content\/uploads\/sites\/16\/2017\/03\/Gasolina07.jpg\"><img loading=\"lazy\" decoding=\"async\" class=\"size-full wp-image-4348 alignleft\" src=\"https:\/\/blogs.correiobraziliense.com.br\/vicente\/wp-content\/uploads\/sites\/16\/2017\/03\/Gasolina07.jpg\" alt=\"\" width=\"400\" height=\"265\" srcset=\"https:\/\/blogs.correiobraziliense.com.br\/vicente\/wp-content\/uploads\/sites\/16\/2017\/03\/Gasolina07.jpg 400w, https:\/\/blogs.correiobraziliense.com.br\/vicente\/wp-content\/uploads\/sites\/16\/2017\/03\/Gasolina07-300x199.jpg 300w, https:\/\/blogs.correiobraziliense.com.br\/vicente\/wp-content\/uploads\/sites\/16\/2017\/03\/Gasolina07-350x232.jpg 350w, https:\/\/blogs.correiobraziliense.com.br\/vicente\/wp-content\/uploads\/sites\/16\/2017\/03\/Gasolina07-230x152.jpg 230w\" sizes=\"auto, (max-width: 400px) 100vw, 400px\" \/><\/a><\/h2>\n<h2>HAMILTON FERRARI<\/h2>\n<h2><\/h2>\n<h2>A Petrobras anunciou redu\u00e7\u00f5es de 7,15% no pre\u00e7o do litro da gasolina e de 6%, no do diesel. Em sua conta no Twitter, o presidente da Rep\u00fablica, Jair Bolsonaro, comemorou a not\u00edcia. \u201cA Petrobras informa a redu\u00e7\u00e3o de 6,0% no pre\u00e7o do diesel e 7,2% no pre\u00e7o da gasolina. Boa noite a todos!\u201d, escreveu Bolsonaro.<\/h2>\n<p>&nbsp;<\/p>\n<p>A gasolina passou de R$ 1,9543 para R$ 1,8144 nas refinarias, enquanto que o diesel, de R$ 2,3047 para R$ 2,1664. Os ajustes nos pre\u00e7os s\u00e3o definidos com base na cota\u00e7\u00e3o do d\u00f3lar e do petr\u00f3leo no mercado internacional.<\/p>\n<p>&nbsp;<\/p>\n<p>Na \u00faltima segunda (27\/05), a moeda norte-americana estava cotada a R$ 4,04, mas fechou esta sexta em R$ 3,92. Al\u00e9m disso, a cota\u00e7\u00e3o do barril do petr\u00f3leo passou de US$ 70 para US$ 61 no mesmo per\u00edodo.<\/p>\n<p>&nbsp;<\/p>\n<p>A expectativa dos consumidores \u00e9 de que os postos repassem integralmente a redu\u00e7\u00e3o dos pre\u00e7os nas refinarias para as bombas.<\/p>\n<p>&nbsp;<\/p>\n<p><em>Bras\u00edlia, 19h31min<\/em><\/p>\n","protected":false},"excerpt":{"rendered":"<p>HAMILTON FERRARI A Petrobras anunciou redu\u00e7\u00f5es de 7,15% no pre\u00e7o do litro da gasolina e de 6%, no do diesel. Em sua conta no Twitter, o presidente da Rep\u00fablica, Jair Bolsonaro, comemorou a not\u00edcia. \u201cA Petrobras informa a redu\u00e7\u00e3o de 6,0% no pre\u00e7o do diesel e 7,2% no pre\u00e7o da gasolina. Boa noite a todos!\u201d, [&hellip;]<\/p>\n","protected":false},"author":22,"featured_media":0,"comment_status":"open","ping_status":"closed","sticky":false,"template":"","format":"standard","meta":{"footnotes":""},"categories":[600],"tags":[3367,268,228,269,264],"class_list":["post-10878","post","type-post","status-publish","format-standard","hentry","category-economia","tag-diesel","tag-gasolina","tag-petrobras","tag-preco","tag-reajuste"],"_links":{"self":[{"href":"https:\/\/blogs.correiobraziliense.com.br\/vicente\/wp-json\/wp\/v2\/posts\/10878","targetHints":{"allow":["GET"]}}],"collection":[{"href":"https:\/\/blogs.correiobraziliense.com.br\/vicente\/wp-json\/wp\/v2\/posts"}],"about":[{"href":"https:\/\/blogs.correiobraziliense.com.br\/vicente\/wp-json\/wp\/v2\/types\/post"}],"author":[{"embeddable":true,"href":"https:\/\/blogs.correiobraziliense.com.br\/vicente\/wp-json\/wp\/v2\/users\/22"}],"replies":[{"embeddable":true,"href":"https:\/\/blogs.correiobraziliense.com.br\/vicente\/wp-json\/wp\/v2\/comments?post=10878"}],"version-history":[{"count":1,"href":"https:\/\/blogs.correiobraziliense.com.br\/vicente\/wp-json\/wp\/v2\/posts\/10878\/revisions"}],"predecessor-version":[{"id":10879,"href":"https:\/\/blogs.correiobraziliense.com.br\/vicente\/wp-json\/wp\/v2\/posts\/10878\/revisions\/10879"}],"wp:attachment":[{"href":"https:\/\/blogs.correiobraziliense.com.br\/vicente\/wp-json\/wp\/v2\/media?parent=10878"}],"wp:term":[{"taxonomy":"category","embeddable":true,"href":"https:\/\/blogs.correiobraziliense.com.br\/vicente\/wp-json\/wp\/v2\/categories?post=10878"},{"taxonomy":"post_tag","embeddable":true,"href":"https:\/\/blogs.correiobraziliense.com.br\/vicente\/wp-json\/wp\/v2\/tags?post=10878"}],"curies":[{"name":"wp","href":"https:\/\/api.w.org\/{rel}","templated":true}]}}