{"id":10871,"date":"2019-05-31T13:15:39","date_gmt":"2019-05-31T16:15:39","guid":{"rendered":"https:\/\/blogs.correiobraziliense.com.br\/vicente\/?p=10871"},"modified":"2019-05-31T14:09:27","modified_gmt":"2019-05-31T17:09:27","slug":"o-estranho-comportamento-de-leila-do-volei-de-apoio-ao-fumo","status":"publish","type":"post","link":"https:\/\/blogs.correiobraziliense.com.br\/vicente\/o-estranho-comportamento-de-leila-do-volei-de-apoio-ao-fumo\/","title":{"rendered":"O estranho comportamento de Leila do V\u00f4lei de apoio ao fumo"},"content":{"rendered":"<h2>No Dia Mundial Sem Tabaco, est\u00e1 chamando a aten\u00e7\u00e3o no Senado o comportamento da senadora Leila do V\u00f4lei (PSB-DF), atleta reconhecida no pa\u00eds, de apoio ao fumo.<\/h2>\n<p>&nbsp;<\/p>\n<figure id=\"attachment_10872\" aria-describedby=\"caption-attachment-10872\" style=\"width: 400px\" class=\"wp-caption alignleft\"><a href=\"https:\/\/blogs.correiobraziliense.com.br\/vicente\/wp-content\/uploads\/sites\/16\/2019\/05\/Leila.jpg\"><img loading=\"lazy\" decoding=\"async\" class=\"size-full wp-image-10872\" src=\"https:\/\/blogs.correiobraziliense.com.br\/vicente\/wp-content\/uploads\/sites\/16\/2019\/05\/Leila.jpg\" alt=\"\" width=\"400\" height=\"266\" srcset=\"https:\/\/blogs.correiobraziliense.com.br\/vicente\/wp-content\/uploads\/sites\/16\/2019\/05\/Leila.jpg 400w, https:\/\/blogs.correiobraziliense.com.br\/vicente\/wp-content\/uploads\/sites\/16\/2019\/05\/Leila-300x200.jpg 300w, https:\/\/blogs.correiobraziliense.com.br\/vicente\/wp-content\/uploads\/sites\/16\/2019\/05\/Leila-350x233.jpg 350w, https:\/\/blogs.correiobraziliense.com.br\/vicente\/wp-content\/uploads\/sites\/16\/2019\/05\/Leila-230x153.jpg 230w\" sizes=\"auto, (max-width: 400px) 100vw, 400px\" \/><\/a><figcaption id=\"caption-attachment-10872\" class=\"wp-caption-text\">Foto: Ed Alves\/CB\/DA Press<\/figcaption><\/figure>\n<p>Atendendo a um apelo do partido dela e de bares e restaurantes, ela admite a seus pares apresentar relat\u00f3rio ainda nesta sexta-feira, 31 de maio, pedindo a retirada do dispositivo que pro\u00edbe o uso de aditivos de sabor em cigarros e outros fum\u00edgenos.<\/p>\n<p>&nbsp;<\/p>\n<p>Para esclarecer: os fum\u00edgenos incluem os narguil\u00e9s, que fazem muito mal \u00e0 sa\u00fade e t\u00eam levado muitos jovens ao h\u00e1bito de fumar. Em todas as cidades, h\u00e1 bares s\u00f3 de narguil\u00e9s ou restaurantes que permitem seu uso, mesmo em ambiente fechado. Os jovens tamb\u00e9m recorrem a cigarros saborizados, que disfar\u00e7am o gosto da nicotina.<\/p>\n<p>&nbsp;<\/p>\n<p>A posi\u00e7\u00e3o da senadora, se confirmada, vai contra tudo o que est\u00e1 sendo feito no pa\u00eds em termos de pol\u00edtica p\u00fablica.<\/p>\n<p>&nbsp;<\/p>\n<p>Estudo do Minist\u00e9rio da Sa\u00fade e do Instituto Nacional do C\u00e2ncer (Inca), divulgado nesta sexta, mostra que a proibi\u00e7\u00e3o do fumo em ambientes fechados preservou a vida de pelo menos 15 mil crian\u00e7as entre 2000 e 2016. Elas deixaram de ser fumantes passivas em ambientes fechados.<\/p>\n<p>&nbsp;<\/p>\n<p>O Minist\u00e9rio da Sa\u00fade informa ainda que houve queda de 40% no n\u00famero de fumantes no Brasil nos \u00faltimos 13 anos: 9,3% da popula\u00e7\u00e3o ainda t\u00eam o h\u00e1bito de fumar; em 2006, eram 16,2%.<\/p>\n<p>&nbsp;<\/p>\n<p><em>Bras\u00edlia, 13h15min<\/em><\/p>\n","protected":false},"excerpt":{"rendered":"<p>No Dia Mundial Sem Tabaco, est\u00e1 chamando a aten\u00e7\u00e3o no Senado o comportamento da senadora Leila do V\u00f4lei (PSB-DF), atleta reconhecida no pa\u00eds, de apoio ao fumo. &nbsp; Atendendo a um apelo do partido dela e de bares e restaurantes, ela admite a seus pares apresentar relat\u00f3rio ainda nesta sexta-feira, 31 de maio, pedindo a [&hellip;]<\/p>\n","protected":false},"author":22,"featured_media":0,"comment_status":"open","ping_status":"closed","sticky":false,"template":"","format":"standard","meta":{"footnotes":""},"categories":[600],"tags":[3898,2938,3899,2295,3896,3897,3900],"class_list":["post-10871","post","type-post","status-publish","format-standard","hentry","category-economia","tag-aditivos","tag-apoio","tag-cigarros","tag-fumo","tag-leila-do-volei","tag-narguiles","tag-saborizados"],"_links":{"self":[{"href":"https:\/\/blogs.correiobraziliense.com.br\/vicente\/wp-json\/wp\/v2\/posts\/10871","targetHints":{"allow":["GET"]}}],"collection":[{"href":"https:\/\/blogs.correiobraziliense.com.br\/vicente\/wp-json\/wp\/v2\/posts"}],"about":[{"href":"https:\/\/blogs.correiobraziliense.com.br\/vicente\/wp-json\/wp\/v2\/types\/post"}],"author":[{"embeddable":true,"href":"https:\/\/blogs.correiobraziliense.com.br\/vicente\/wp-json\/wp\/v2\/users\/22"}],"replies":[{"embeddable":true,"href":"https:\/\/blogs.correiobraziliense.com.br\/vicente\/wp-json\/wp\/v2\/comments?post=10871"}],"version-history":[{"count":1,"href":"https:\/\/blogs.correiobraziliense.com.br\/vicente\/wp-json\/wp\/v2\/posts\/10871\/revisions"}],"predecessor-version":[{"id":10873,"href":"https:\/\/blogs.correiobraziliense.com.br\/vicente\/wp-json\/wp\/v2\/posts\/10871\/revisions\/10873"}],"wp:attachment":[{"href":"https:\/\/blogs.correiobraziliense.com.br\/vicente\/wp-json\/wp\/v2\/media?parent=10871"}],"wp:term":[{"taxonomy":"category","embeddable":true,"href":"https:\/\/blogs.correiobraziliense.com.br\/vicente\/wp-json\/wp\/v2\/categories?post=10871"},{"taxonomy":"post_tag","embeddable":true,"href":"https:\/\/blogs.correiobraziliense.com.br\/vicente\/wp-json\/wp\/v2\/tags?post=10871"}],"curies":[{"name":"wp","href":"https:\/\/api.w.org\/{rel}","templated":true}]}}