{"id":10856,"date":"2019-05-30T11:15:58","date_gmt":"2019-05-30T14:15:58","guid":{"rendered":"https:\/\/blogs.correiobraziliense.com.br\/vicente\/?p=10856"},"modified":"2019-05-30T11:15:58","modified_gmt":"2019-05-30T14:15:58","slug":"o-fantasma-da-recessao-tecnica-continua-solto-no-ar","status":"publish","type":"post","link":"https:\/\/blogs.correiobraziliense.com.br\/vicente\/o-fantasma-da-recessao-tecnica-continua-solto-no-ar\/","title":{"rendered":"O fantasma da recess\u00e3o t\u00e9cnica continua solto no ar"},"content":{"rendered":"<h2><span style=\"font-weight: 400\">ROSANA HESSEL<\/span><\/h2>\n<h2><\/h2>\n<h2><span style=\"font-weight: 400\">O Produto Interno Bruto (PIB) encolheu 0,2% no primeiro trimestre de 2019 em compara\u00e7\u00e3o com os tr\u00eas meses imediatamente anteriores, conforme dados do Instituto Brasileiro de Geografia e Estat\u00edstica (IBGE). Esse resultado ficou<\/span><span style=\"font-weight: 400\"> em linha com a mediana das estimativas do mercado, confirmando o fato de que a economia est\u00e1 estagnada e ser\u00e1 muito dif\u00edcil uma retomada em ritmo mais forte. O fantasma da recess\u00e3o t\u00e9cnica ainda no primeiro semestre est\u00e1 assombrando a equipe econ\u00f4mica liderada pelo ministro Paulo Guedes.<\/span><\/h2>\n<p>&nbsp;<\/p>\n<p><span style=\"font-weight: 400\">Ao contr\u00e1rio do esperado, o IBGE n\u00e3o revisou para baixo o desempenho do \u00faltimo trimestre de 2018, o que confirmaria uma recess\u00e3o t\u00e9cnica, caracterizada pelos economistas quando h\u00e1 dois trimestres consecutivos de queda no PIB.\u00a0\u00a0<\/span><span style=\"font-weight: 400\">Apesar de esse dado ter permanecido positivo em 0,1%, ele n\u00e3o afasta em definitivo o fantasma da recess\u00e3o t\u00e9cnica. A economia estagnou em meio \u00e0s incertezas na \u00e1rea pol\u00edtica e \u00e0 falta de a\u00e7\u00f5es do governo para ajudar em uma rea\u00e7\u00e3o de curto prazo e pode apresentar queda no segundo trimestre porque os n\u00fameros est\u00e3o muito fracos, principalmente, o consumo das fam\u00edlias. Maio n\u00e3o tem sido bom e tem anulado os dados positivos de abril e as apostas de recess\u00e3o t\u00e9cnica ainda neste primeiro semestre est\u00e3o aumentando.<\/span><\/p>\n<p>&nbsp;<\/p>\n<p><span style=\"font-weight: 400\">Para William Jackson, economista-chefe para Mercados Emergentes da consultoria brit\u00e2nica Capital Economics, ao pa\u00eds est\u00e1 &#8220;flertando&#8221; com a recess\u00e3o. \u201cA queda de 0,2% no primeiro trimestre ocorreu, em parte, o resultado de fatores tempor\u00e1rios, principalmente a forte redu\u00e7\u00e3o na produ\u00e7\u00e3o de min\u00e9rio de ferro. Mas os primeiros sinais s\u00e3o de que o crescimento no segundo trimestre tamb\u00e9m tem sido muito fraco e agora um risco real de que a economia caia em uma recess\u00e3o t\u00e9cnica na primeira metade do ano\u201d, alertou. <\/span><\/p>\n<p>&nbsp;<\/p>\n<p><span style=\"font-weight: 400\">As press\u00f5es agora devem cair sobre o Banco Central para que taxa b\u00e1sica de juros (Selic) inicie queda nos juros. S\u00f3 que, como o efeito de juros menores na economia tem um delay de nove meses, dificilmente haver\u00e1 impacto no PIB deste ano. N\u00e3o \u00e0 toa, as proje\u00e7\u00f5es do PIB deste ano devem continuar sendo reduzidas para menos de 1% e n\u00e3o descartam a possibilidade de o PIB vir negativo neste ano. \u201cSe a economia n\u00e3o tiver uma forte recupera\u00e7\u00e3o no segundo semestre, a possibilidade de um PIB bem baixo ou at\u00e9 mesmo negativo n\u00e3o pode ser descartada\u201d, avaliou a economista Alessandra Ribeiro, s\u00f3cia da Tend\u00eancias Consultoria.<\/span><\/p>\n","protected":false},"excerpt":{"rendered":"<p>ROSANA HESSEL O Produto Interno Bruto (PIB) encolheu 0,2% no primeiro trimestre de 2019 em compara\u00e7\u00e3o com os tr\u00eas meses imediatamente anteriores, conforme dados do Instituto Brasileiro de Geografia e Estat\u00edstica (IBGE). Esse resultado ficou em linha com a mediana das estimativas do mercado, confirmando o fato de que a economia est\u00e1 estagnada e ser\u00e1 [&hellip;]<\/p>\n","protected":false},"author":22,"featured_media":0,"comment_status":"open","ping_status":"closed","sticky":false,"template":"","format":"standard","meta":{"footnotes":""},"categories":[600],"tags":[3893,589,3613,58,31,713],"class_list":["post-10856","post","type-post","status-publish","format-standard","hentry","category-economia","tag-capital-economics","tag-economia","tag-paulo-guedes","tag-pib","tag-recessao","tag-tendencias-consultoria"],"_links":{"self":[{"href":"https:\/\/blogs.correiobraziliense.com.br\/vicente\/wp-json\/wp\/v2\/posts\/10856","targetHints":{"allow":["GET"]}}],"collection":[{"href":"https:\/\/blogs.correiobraziliense.com.br\/vicente\/wp-json\/wp\/v2\/posts"}],"about":[{"href":"https:\/\/blogs.correiobraziliense.com.br\/vicente\/wp-json\/wp\/v2\/types\/post"}],"author":[{"embeddable":true,"href":"https:\/\/blogs.correiobraziliense.com.br\/vicente\/wp-json\/wp\/v2\/users\/22"}],"replies":[{"embeddable":true,"href":"https:\/\/blogs.correiobraziliense.com.br\/vicente\/wp-json\/wp\/v2\/comments?post=10856"}],"version-history":[{"count":1,"href":"https:\/\/blogs.correiobraziliense.com.br\/vicente\/wp-json\/wp\/v2\/posts\/10856\/revisions"}],"predecessor-version":[{"id":10857,"href":"https:\/\/blogs.correiobraziliense.com.br\/vicente\/wp-json\/wp\/v2\/posts\/10856\/revisions\/10857"}],"wp:attachment":[{"href":"https:\/\/blogs.correiobraziliense.com.br\/vicente\/wp-json\/wp\/v2\/media?parent=10856"}],"wp:term":[{"taxonomy":"category","embeddable":true,"href":"https:\/\/blogs.correiobraziliense.com.br\/vicente\/wp-json\/wp\/v2\/categories?post=10856"},{"taxonomy":"post_tag","embeddable":true,"href":"https:\/\/blogs.correiobraziliense.com.br\/vicente\/wp-json\/wp\/v2\/tags?post=10856"}],"curies":[{"name":"wp","href":"https:\/\/api.w.org\/{rel}","templated":true}]}}