{"id":10842,"date":"2019-05-29T20:15:45","date_gmt":"2019-05-29T23:15:45","guid":{"rendered":"https:\/\/blogs.correiobraziliense.com.br\/vicente\/?p=10842"},"modified":"2019-05-29T21:05:25","modified_gmt":"2019-05-30T00:05:25","slug":"damares-alves-passa-a-noite-em-hospital","status":"publish","type":"post","link":"https:\/\/blogs.correiobraziliense.com.br\/vicente\/damares-alves-passa-a-noite-em-hospital\/","title":{"rendered":"Damares Alves passa a noite em hospital, mas est\u00e1 bem"},"content":{"rendered":"<h2>A ministra dos Direitos Humanos, Damares Alves, passou a noite de ter\u00e7a-feira (28 de maio) no Hospital Santa L\u00facia, em Bras\u00edlia. Ela chegou \u00e0 unidade que fica na Asa Sul alegando que estava passando mal. Imediatamente foi levada para fazer exames.<\/h2>\n<p>&nbsp;<\/p>\n<p>Segundo fontes do hospital, suspeitava-se de problemas card\u00edacos, mas os exames mostraram que n\u00e3o havia nenhuma altera\u00e7\u00e3o grave. Na avalia\u00e7\u00e3o dos m\u00e9dicos, os sintomas apresentados por Damares podem ser decorrentes da press\u00e3o do cargo que ocupa.<\/p>\n<p>&nbsp;<\/p>\n<p>Por precau\u00e7\u00e3o, os m\u00e9dicos pediram que a ministra passasse por um check-up geral como forma de tranquilizar a todos.\u00a0 Isso \u00e9 praxe no hospital, sobretudo em se tratando de autoridades, que t\u00eam um espa\u00e7o especial de atendimento.<\/p>\n<p>&nbsp;<\/p>\n<p>Como os resultados dos exames n\u00e3o mostraram altera\u00e7\u00f5es e a ministra teve uma noite tranquila, ela foi liberada na manh\u00e3 desta quarta-feira, 29 de maio. Mas os m\u00e9dicos prescreveram alguns medicamentos. As prescri\u00e7\u00f5es foram feitas na \u00e1rea ambulatorial.<\/p>\n<p>&nbsp;<\/p>\n<p>Damares, segundo sua assessoria, trabalhou normalmente nesta quarta. Mas integrantes do minist\u00e9rio dizem que a agenda dela foi bem restrita, como forma de preserv\u00e1-la. A ministra, por conta da visibilidade do cargo que ocupa, tem se mostrado muito agitada.<\/p>\n<p>&nbsp;<\/p>\n<p><em>Bras\u00edlia,\u00a0 20h15min<\/em><\/p>\n","protected":false},"excerpt":{"rendered":"<p>A ministra dos Direitos Humanos, Damares Alves, passou a noite de ter\u00e7a-feira (28 de maio) no Hospital Santa L\u00facia, em Bras\u00edlia. Ela chegou \u00e0 unidade que fica na Asa Sul alegando que estava passando mal. Imediatamente foi levada para fazer exames. &nbsp; Segundo fontes do hospital, suspeitava-se de problemas card\u00edacos, mas os exames mostraram que [&hellip;]<\/p>\n","protected":false},"author":22,"featured_media":10845,"comment_status":"open","ping_status":"closed","sticky":false,"template":"","format":"standard","meta":{"footnotes":""},"categories":[600],"tags":[3890,3889,3891,3282,3281],"class_list":["post-10842","post","type-post","status-publish","format-standard","has-post-thumbnail","hentry","category-economia","tag-alves","tag-damares","tag-exames","tag-hospital","tag-santa-lucia"],"_links":{"self":[{"href":"https:\/\/blogs.correiobraziliense.com.br\/vicente\/wp-json\/wp\/v2\/posts\/10842","targetHints":{"allow":["GET"]}}],"collection":[{"href":"https:\/\/blogs.correiobraziliense.com.br\/vicente\/wp-json\/wp\/v2\/posts"}],"about":[{"href":"https:\/\/blogs.correiobraziliense.com.br\/vicente\/wp-json\/wp\/v2\/types\/post"}],"author":[{"embeddable":true,"href":"https:\/\/blogs.correiobraziliense.com.br\/vicente\/wp-json\/wp\/v2\/users\/22"}],"replies":[{"embeddable":true,"href":"https:\/\/blogs.correiobraziliense.com.br\/vicente\/wp-json\/wp\/v2\/comments?post=10842"}],"version-history":[{"count":3,"href":"https:\/\/blogs.correiobraziliense.com.br\/vicente\/wp-json\/wp\/v2\/posts\/10842\/revisions"}],"predecessor-version":[{"id":10847,"href":"https:\/\/blogs.correiobraziliense.com.br\/vicente\/wp-json\/wp\/v2\/posts\/10842\/revisions\/10847"}],"wp:featuredmedia":[{"embeddable":true,"href":"https:\/\/blogs.correiobraziliense.com.br\/vicente\/wp-json\/wp\/v2\/media\/10845"}],"wp:attachment":[{"href":"https:\/\/blogs.correiobraziliense.com.br\/vicente\/wp-json\/wp\/v2\/media?parent=10842"}],"wp:term":[{"taxonomy":"category","embeddable":true,"href":"https:\/\/blogs.correiobraziliense.com.br\/vicente\/wp-json\/wp\/v2\/categories?post=10842"},{"taxonomy":"post_tag","embeddable":true,"href":"https:\/\/blogs.correiobraziliense.com.br\/vicente\/wp-json\/wp\/v2\/tags?post=10842"}],"curies":[{"name":"wp","href":"https:\/\/api.w.org\/{rel}","templated":true}]}}