{"id":10838,"date":"2019-05-29T20:01:10","date_gmt":"2019-05-29T23:01:10","guid":{"rendered":"https:\/\/blogs.correiobraziliense.com.br\/vicente\/?p=10838"},"modified":"2019-05-29T20:33:42","modified_gmt":"2019-05-29T23:33:42","slug":"propagandas-da-reforma-da-previdencia-custarao-r-531-milhoes-aos-cofres-publicos","status":"publish","type":"post","link":"https:\/\/blogs.correiobraziliense.com.br\/vicente\/propagandas-da-reforma-da-previdencia-custarao-r-531-milhoes-aos-cofres-publicos\/","title":{"rendered":"Propagandas da reforma da Previd\u00eancia custar\u00e3o R$ 53,1 milh\u00f5es aos cofres p\u00fablicos"},"content":{"rendered":"<h2>ALESSANDRA AZEVEDO<\/h2>\n<h2><\/h2>\n<h2>Para conseguir economizar R$ 1 trilh\u00e3o em 10 anos com a reforma da Previd\u00eancia, o governo deve gastar pelo menos R$ 53,1 milh\u00f5es com propagandas.<\/h2>\n<h2><\/h2>\n<p>Essa \u00e9 a estimativa do custo da atual campanha pela &#8220;Nova Previd\u00eancia&#8221;, que j\u00e1 conta com quatro fases. Inclui inser\u00e7\u00f5es na televis\u00e3o, no r\u00e1dio e em portais na internet. Desse valor, cerca de R$ 6,5 milh\u00f5es foram pagos entre janeiro e 22 de maio.<\/p>\n<p>&nbsp;<\/p>\n<p>Os dados s\u00e3o do Departamento de Or\u00e7amento e Refer\u00eancia de Pre\u00e7os da Secretaria Especial de Comunica\u00e7\u00e3o Social (Secom) da Secretaria de Governo da Presid\u00eancia da Rep\u00fablica e foram obtidos pelo <strong>Blog<\/strong> por meio da Lei de Acesso a Informa\u00e7\u00e3o (LAI).<\/p>\n<p>&nbsp;<\/p>\n<p><em>Bras\u00edlia, 20h01min<\/em><\/p>\n","protected":false},"excerpt":{"rendered":"<p>ALESSANDRA AZEVEDO Para conseguir economizar R$ 1 trilh\u00e3o em 10 anos com a reforma da Previd\u00eancia, o governo deve gastar pelo menos R$ 53,1 milh\u00f5es com propagandas. Essa \u00e9 a estimativa do custo da atual campanha pela &#8220;Nova Previd\u00eancia&#8221;, que j\u00e1 conta com quatro fases. Inclui inser\u00e7\u00f5es na televis\u00e3o, no r\u00e1dio e em portais na [&hellip;]<\/p>\n","protected":false},"author":22,"featured_media":0,"comment_status":"open","ping_status":"closed","sticky":false,"template":"","format":"standard","meta":{"footnotes":""},"categories":[600],"tags":[3888,429,3886,3887,614],"class_list":["post-10838","post","type-post","status-publish","format-standard","hentry","category-economia","tag-1-milhoes","tag-previdencia","tag-propagandas","tag-r-53","tag-reforma"],"_links":{"self":[{"href":"https:\/\/blogs.correiobraziliense.com.br\/vicente\/wp-json\/wp\/v2\/posts\/10838","targetHints":{"allow":["GET"]}}],"collection":[{"href":"https:\/\/blogs.correiobraziliense.com.br\/vicente\/wp-json\/wp\/v2\/posts"}],"about":[{"href":"https:\/\/blogs.correiobraziliense.com.br\/vicente\/wp-json\/wp\/v2\/types\/post"}],"author":[{"embeddable":true,"href":"https:\/\/blogs.correiobraziliense.com.br\/vicente\/wp-json\/wp\/v2\/users\/22"}],"replies":[{"embeddable":true,"href":"https:\/\/blogs.correiobraziliense.com.br\/vicente\/wp-json\/wp\/v2\/comments?post=10838"}],"version-history":[{"count":1,"href":"https:\/\/blogs.correiobraziliense.com.br\/vicente\/wp-json\/wp\/v2\/posts\/10838\/revisions"}],"predecessor-version":[{"id":10840,"href":"https:\/\/blogs.correiobraziliense.com.br\/vicente\/wp-json\/wp\/v2\/posts\/10838\/revisions\/10840"}],"wp:attachment":[{"href":"https:\/\/blogs.correiobraziliense.com.br\/vicente\/wp-json\/wp\/v2\/media?parent=10838"}],"wp:term":[{"taxonomy":"category","embeddable":true,"href":"https:\/\/blogs.correiobraziliense.com.br\/vicente\/wp-json\/wp\/v2\/categories?post=10838"},{"taxonomy":"post_tag","embeddable":true,"href":"https:\/\/blogs.correiobraziliense.com.br\/vicente\/wp-json\/wp\/v2\/tags?post=10838"}],"curies":[{"name":"wp","href":"https:\/\/api.w.org\/{rel}","templated":true}]}}