{"id":10788,"date":"2019-05-23T15:10:39","date_gmt":"2019-05-23T18:10:39","guid":{"rendered":"https:\/\/blogs.correiobraziliense.com.br\/vicente\/?p=10788"},"modified":"2019-05-23T18:59:06","modified_gmt":"2019-05-23T21:59:06","slug":"ceb-convoca-assembleia-para-definir-privatizacao","status":"publish","type":"post","link":"https:\/\/blogs.correiobraziliense.com.br\/vicente\/ceb-convoca-assembleia-para-definir-privatizacao\/","title":{"rendered":"CEB convoca assembleia para definir privatiza\u00e7\u00e3o"},"content":{"rendered":"<h2>A Companhia Energ\u00e9tica de Bras\u00edlia (CEB) est\u00e1 mais pr\u00f3xima de vender a sua rede de distribui\u00e7\u00e3o, que acumula d\u00edvida superior a R$ 1 bilh\u00e3o. Para isso, a empresa enviou comunicado \u00e0 Comiss\u00e3o de Valores Mobili\u00e1rios (CVM) e \u00e0s bolsas de valores convocando Assembleia do Conselho de Administra\u00e7\u00e3o para esta sexta-feira, 24 de maio, que convocar\u00e1 uma Assembleia Geral Extraordin\u00e1ria para daqui 15 dias a fim de deliberar sobre o assunto.<\/h2>\n<p>&nbsp;<\/p>\n<p>A CEB vive seu momento mais dram\u00e1tico. Al\u00e9m de estar sem caixa para tocar servi\u00e7os b\u00e1sicos, como o de cobran\u00e7a de inadimplentes, corre o risco de perder a concess\u00e3o de distribui\u00e7\u00e3o. Em reuni\u00e3o nesta semana com a diretoria da empresa, a Ag\u00eancia Nacional de Energia El\u00e9trica (Aneel) avisou que poder\u00e1 declarar a caducidade da concess\u00e3o da companhia, ou seja, cassar a autoriza\u00e7\u00e3o para a CEB fornecer eletricidade.<\/p>\n<p>&nbsp;<\/p>\n<p>Desde o ano passado, a CEB vem descumprindo, sistematicamente, os \u00edndices de efici\u00eancia definidos pela Aneel. Quer dizer, a empresa n\u00e3o est\u00e1 entregando a seus clientes, os moradores do Distrito Federal, servi\u00e7os com o m\u00ednimo de qualidade. N\u00e3o por acaso, as queixas contra a companhia s\u00f3 aumentam.<\/p>\n<p>&nbsp;<\/p>\n<p><strong>Perdas<\/strong><\/p>\n<p>&nbsp;<\/p>\n<p>A proposta da CEB \u00e9 entregar para investidores o controle da distribui\u00e7\u00e3o de energia, como forma de se capitalizar. O dinheiro injetado pelos novos s\u00f3cios permitir\u00e1 o equacionamento de d\u00edvidas e a retomada de investimentos, hoje, inexistentes. A CEB Distribui\u00e7\u00e3o praticamente se transformou em uma empresa pagadora de sal\u00e1rios.<\/p>\n<p>&nbsp;<\/p>\n<p>Para se ter uma ideia da inefici\u00eancia da CEB Distribui\u00e7\u00e3o, h\u00e1 uma fatura de d\u00edvidas em atraso superior a R$ 640 milh\u00f5es e n\u00e3o h\u00e1 equipes para reaver parte desses d\u00e9bitos. O maior temor dos atuais dirigentes da CEB \u00e9 a perda da concess\u00e3o. Se isso acontecer, a holding que controla a empresa ter\u00e1 que assumir toda a estrutura da distribui\u00e7\u00e3o sem qualquer receita para bancar os gastos.<\/p>\n<p>&nbsp;<\/p>\n<p>Atualmente, a CEB Gera\u00e7\u00e3o \u00e9 lucrativa. Mas os ganhos n\u00e3o s\u00e3o suficientes para cobrir as perdas com a distribui\u00e7\u00e3o. No que depender do governador Ibaneis Rocha, a venda do controle acion\u00e1rio da CEB Distribui\u00e7\u00e3o ocorrer\u00e1 ainda neste ano.<\/p>\n<p>&nbsp;<\/p>\n<p><em>Bras\u00edlia, 15h10min<\/em><\/p>\n","protected":false},"excerpt":{"rendered":"<p>A Companhia Energ\u00e9tica de Bras\u00edlia (CEB) est\u00e1 mais pr\u00f3xima de vender a sua rede de distribui\u00e7\u00e3o, que acumula d\u00edvida superior a R$ 1 bilh\u00e3o. Para isso, a empresa enviou comunicado \u00e0 Comiss\u00e3o de Valores Mobili\u00e1rios (CVM) e \u00e0s bolsas de valores convocando Assembleia do Conselho de Administra\u00e7\u00e3o para esta sexta-feira, 24 de maio, que convocar\u00e1 [&hellip;]<\/p>\n","protected":false},"author":22,"featured_media":0,"comment_status":"open","ping_status":"closed","sticky":false,"template":"","format":"standard","meta":{"footnotes":""},"categories":[600],"tags":[2697,921,3879,3880,540],"class_list":["post-10788","post","type-post","status-publish","format-standard","hentry","category-economia","tag-assembleia","tag-ceb","tag-distribuicao","tag-ibaneis","tag-privatizacao"],"_links":{"self":[{"href":"https:\/\/blogs.correiobraziliense.com.br\/vicente\/wp-json\/wp\/v2\/posts\/10788","targetHints":{"allow":["GET"]}}],"collection":[{"href":"https:\/\/blogs.correiobraziliense.com.br\/vicente\/wp-json\/wp\/v2\/posts"}],"about":[{"href":"https:\/\/blogs.correiobraziliense.com.br\/vicente\/wp-json\/wp\/v2\/types\/post"}],"author":[{"embeddable":true,"href":"https:\/\/blogs.correiobraziliense.com.br\/vicente\/wp-json\/wp\/v2\/users\/22"}],"replies":[{"embeddable":true,"href":"https:\/\/blogs.correiobraziliense.com.br\/vicente\/wp-json\/wp\/v2\/comments?post=10788"}],"version-history":[{"count":6,"href":"https:\/\/blogs.correiobraziliense.com.br\/vicente\/wp-json\/wp\/v2\/posts\/10788\/revisions"}],"predecessor-version":[{"id":10794,"href":"https:\/\/blogs.correiobraziliense.com.br\/vicente\/wp-json\/wp\/v2\/posts\/10788\/revisions\/10794"}],"wp:attachment":[{"href":"https:\/\/blogs.correiobraziliense.com.br\/vicente\/wp-json\/wp\/v2\/media?parent=10788"}],"wp:term":[{"taxonomy":"category","embeddable":true,"href":"https:\/\/blogs.correiobraziliense.com.br\/vicente\/wp-json\/wp\/v2\/categories?post=10788"},{"taxonomy":"post_tag","embeddable":true,"href":"https:\/\/blogs.correiobraziliense.com.br\/vicente\/wp-json\/wp\/v2\/tags?post=10788"}],"curies":[{"name":"wp","href":"https:\/\/api.w.org\/{rel}","templated":true}]}}