{"id":10786,"date":"2019-05-23T11:41:52","date_gmt":"2019-05-23T14:41:52","guid":{"rendered":"https:\/\/blogs.correiobraziliense.com.br\/vicente\/?p=10786"},"modified":"2019-05-23T11:41:52","modified_gmt":"2019-05-23T14:41:52","slug":"com-alta-dos-alimentos-ipea-aumenta-projecao-de-inflacao-para-408","status":"publish","type":"post","link":"https:\/\/blogs.correiobraziliense.com.br\/vicente\/com-alta-dos-alimentos-ipea-aumenta-projecao-de-inflacao-para-408\/","title":{"rendered":"Com alta dos alimentos, Ipea aumenta proje\u00e7\u00e3o de infla\u00e7\u00e3o para 4,08%"},"content":{"rendered":"<h2>HAMILTON FERRARI<\/h2>\n<h2><\/h2>\n<h2>O Instituto de Pesquisa Econ\u00f4mica Aplicada (Ipea) elevou a proje\u00e7\u00e3o de infla\u00e7\u00e3o para 2019. Antes, em mar\u00e7o, a estimativa era de que o \u00cdndice Nacional de Pre\u00e7os ao Consumidor Amplo (IPCA) ficaria em 3,85%. Com o aumento do custo dos pre\u00e7os dos alimentos, o \u00f3rg\u00e3o prev\u00ea que a taxa ficar\u00e1 em 4,08% ao t\u00e9rmino do ano.<\/h2>\n<h2><\/h2>\n<p>Os valores nos supermercados est\u00e3o mais salgados, mesmo com o desempenho fraco do consumo das fam\u00edlias. Os alimentos acumulam alta de 9,1% nos \u00faltimos 12 meses encerrados em abril.<\/p>\n<p>&nbsp;<\/p>\n<p>No mesmo per\u00edodo, a infla\u00e7\u00e3o para as fam\u00edlias de renda mais baixa foi de 5,3%, enquanto que as classes sociais mais alta tiveram o custo de vida elevado em 4,7% Para os pobres, as maiores contribui\u00e7\u00f5es \u00e0 infla\u00e7\u00e3o vieram dos reajustes dos medicamentos (2,3%), da alimenta\u00e7\u00e3o no domic\u00edlio (0,62%) e das tarifas de \u00f4nibus urbano (0,74%). \u201cNo caso do segmento mais rico da popula\u00e7\u00e3o, embora os alimentos e os medicamentos tamb\u00e9m tenham impactado a infla\u00e7\u00e3o dessa classe, o maior foco de press\u00e3o veio da alta de 2,7% da gasolina\u201d, avalia o Ipea.<\/p>\n<p>&nbsp;<\/p>\n<p>Os pre\u00e7os administrados \u2014 aqueles firmados em contrato ou estabelecidos por governos \u2014 tamb\u00e9m t\u00eam papel decisivo para a revis\u00e3o dos pre\u00e7os. Com o d\u00f3lar em patamar elevado, os pre\u00e7os dos combust\u00edveis tamb\u00e9m aumentam. \u201cA expectativa de uma eleva\u00e7\u00e3o maior no pre\u00e7o do barril de petr\u00f3leo, aliada a uma taxa de c\u00e2mbio mais depreciada, alterou a proje\u00e7\u00e3o de pre\u00e7os monitorados de 4,9% para 5,5% at\u00e9 o final de 2019\u201d, analisa o \u00f3rg\u00e3o.<\/p>\n<p>&nbsp;<\/p>\n<p>Em contrapartida, o consumo fraco das fam\u00edlias faz com que os pre\u00e7os livres (com exce\u00e7\u00e3o dos alimentos) tenham um desempenho muito fraco. A varia\u00e7\u00e3o \u00e9 de apenas 1,7% no acumulado de 12 meses at\u00e9 abril. \u201cSe \u00e9 fato que o baixo dinamismo do n\u00edvel de atividade vem contribuindo para a manuten\u00e7\u00e3o da infla\u00e7\u00e3o desse segmento em baixo patamar, a perspectiva de um crescimento ainda menor da economia brasileira neste ano gerou um recuo da proje\u00e7\u00e3o para a alta de pre\u00e7os desses bens livres em 2019, que passou de 1,7% para 1,2%\u201d, estima o Ipea.<\/p>\n<p>&nbsp;<\/p>\n<p><em>Bras\u00edlia, 11h39min<\/em><\/p>\n","protected":false},"excerpt":{"rendered":"<p>HAMILTON FERRARI O Instituto de Pesquisa Econ\u00f4mica Aplicada (Ipea) elevou a proje\u00e7\u00e3o de infla\u00e7\u00e3o para 2019. Antes, em mar\u00e7o, a estimativa era de que o \u00cdndice Nacional de Pre\u00e7os ao Consumidor Amplo (IPCA) ficaria em 3,85%. Com o aumento do custo dos pre\u00e7os dos alimentos, o \u00f3rg\u00e3o prev\u00ea que a taxa ficar\u00e1 em 4,08% ao [&hellip;]<\/p>\n","protected":false},"author":22,"featured_media":0,"comment_status":"open","ping_status":"closed","sticky":false,"template":"","format":"standard","meta":{"footnotes":""},"categories":[600],"tags":[210,14,2857,390],"class_list":["post-10786","post","type-post","status-publish","format-standard","hentry","category-economia","tag-alimentos","tag-inflacao","tag-ipea","tag-precos"],"_links":{"self":[{"href":"https:\/\/blogs.correiobraziliense.com.br\/vicente\/wp-json\/wp\/v2\/posts\/10786","targetHints":{"allow":["GET"]}}],"collection":[{"href":"https:\/\/blogs.correiobraziliense.com.br\/vicente\/wp-json\/wp\/v2\/posts"}],"about":[{"href":"https:\/\/blogs.correiobraziliense.com.br\/vicente\/wp-json\/wp\/v2\/types\/post"}],"author":[{"embeddable":true,"href":"https:\/\/blogs.correiobraziliense.com.br\/vicente\/wp-json\/wp\/v2\/users\/22"}],"replies":[{"embeddable":true,"href":"https:\/\/blogs.correiobraziliense.com.br\/vicente\/wp-json\/wp\/v2\/comments?post=10786"}],"version-history":[{"count":1,"href":"https:\/\/blogs.correiobraziliense.com.br\/vicente\/wp-json\/wp\/v2\/posts\/10786\/revisions"}],"predecessor-version":[{"id":10787,"href":"https:\/\/blogs.correiobraziliense.com.br\/vicente\/wp-json\/wp\/v2\/posts\/10786\/revisions\/10787"}],"wp:attachment":[{"href":"https:\/\/blogs.correiobraziliense.com.br\/vicente\/wp-json\/wp\/v2\/media?parent=10786"}],"wp:term":[{"taxonomy":"category","embeddable":true,"href":"https:\/\/blogs.correiobraziliense.com.br\/vicente\/wp-json\/wp\/v2\/categories?post=10786"},{"taxonomy":"post_tag","embeddable":true,"href":"https:\/\/blogs.correiobraziliense.com.br\/vicente\/wp-json\/wp\/v2\/tags?post=10786"}],"curies":[{"name":"wp","href":"https:\/\/api.w.org\/{rel}","templated":true}]}}