{"id":10781,"date":"2019-05-21T14:29:44","date_gmt":"2019-05-21T17:29:44","guid":{"rendered":"https:\/\/blogs.correiobraziliense.com.br\/vicente\/?p=10781"},"modified":"2019-05-21T14:29:44","modified_gmt":"2019-05-21T17:29:44","slug":"dyogo-oliveira-presidira-a-aneaa-a-partir-de-agosto","status":"publish","type":"post","link":"https:\/\/blogs.correiobraziliense.com.br\/vicente\/dyogo-oliveira-presidira-a-aneaa-a-partir-de-agosto\/","title":{"rendered":"Dyogo Oliveira presidir\u00e1 a Aneaa a partir de agosto"},"content":{"rendered":"<h2>ROSANA HESSEL<\/h2>\n<h2><\/h2>\n<h2>O economista e ex-ministro do Planejamento Dyogo Oliveira vai para a Associa\u00e7\u00e3o Nacional das Empresas Administradoras de Aeroportos (Aneaa). Ele assumir\u00e1 a presid\u00eancia da entidade a partir de agosto, quando acabar o per\u00edodo de quarentena.<\/h2>\n<h2><\/h2>\n<p>Criada em 2013, a Aneaa re\u00fane os operadores privados dos aeroportos de Bras\u00edlia, de Guarulhos (SP), de Viracopos (SP), de Confins, do Gale\u00e3o (RJ) e de S\u00e3o Gon\u00e7alo do Amarante (RN).<\/p>\n<p>&nbsp;<\/p>\n<p>Dyogo chefiou o Planejamento entre maio de 2016 e abril de 2018, quando saiu para presidir o Banco Nacional de Desenvolvimento Econ\u00f4mico e Social (BNDES).<\/p>\n<p>&nbsp;<\/p>\n<p>Natural de\u00a0<span style=\"font-weight: 400\">Aragua\u00edna, Tocantins, Dyogo formou-se em economia na Universidade de Bras\u00edlia (UnB), onde tamb\u00e9m concluiu mestrado em ci\u00eancias econ\u00f4micas. Especializou-se em com\u00e9rcio exterior pela Funda\u00e7\u00e3o Getulio Vargas (FGV).<\/span><\/p>\n<p>&nbsp;<\/p>\n<p>&nbsp;<\/p>\n","protected":false},"excerpt":{"rendered":"<p>ROSANA HESSEL O economista e ex-ministro do Planejamento Dyogo Oliveira vai para a Associa\u00e7\u00e3o Nacional das Empresas Administradoras de Aeroportos (Aneaa). Ele assumir\u00e1 a presid\u00eancia da entidade a partir de agosto, quando acabar o per\u00edodo de quarentena. Criada em 2013, a Aneaa re\u00fane os operadores privados dos aeroportos de Bras\u00edlia, de Guarulhos (SP), de Viracopos [&hellip;]<\/p>\n","protected":false},"author":22,"featured_media":0,"comment_status":"open","ping_status":"closed","sticky":false,"template":"","format":"standard","meta":{"footnotes":""},"categories":[600],"tags":[545,3876,89,84,847],"class_list":["post-10781","post","type-post","status-publish","format-standard","hentry","category-economia","tag-aeroportos","tag-aneaa","tag-bndes","tag-dyogo-oliveira","tag-planejamento"],"_links":{"self":[{"href":"https:\/\/blogs.correiobraziliense.com.br\/vicente\/wp-json\/wp\/v2\/posts\/10781","targetHints":{"allow":["GET"]}}],"collection":[{"href":"https:\/\/blogs.correiobraziliense.com.br\/vicente\/wp-json\/wp\/v2\/posts"}],"about":[{"href":"https:\/\/blogs.correiobraziliense.com.br\/vicente\/wp-json\/wp\/v2\/types\/post"}],"author":[{"embeddable":true,"href":"https:\/\/blogs.correiobraziliense.com.br\/vicente\/wp-json\/wp\/v2\/users\/22"}],"replies":[{"embeddable":true,"href":"https:\/\/blogs.correiobraziliense.com.br\/vicente\/wp-json\/wp\/v2\/comments?post=10781"}],"version-history":[{"count":1,"href":"https:\/\/blogs.correiobraziliense.com.br\/vicente\/wp-json\/wp\/v2\/posts\/10781\/revisions"}],"predecessor-version":[{"id":10782,"href":"https:\/\/blogs.correiobraziliense.com.br\/vicente\/wp-json\/wp\/v2\/posts\/10781\/revisions\/10782"}],"wp:attachment":[{"href":"https:\/\/blogs.correiobraziliense.com.br\/vicente\/wp-json\/wp\/v2\/media?parent=10781"}],"wp:term":[{"taxonomy":"category","embeddable":true,"href":"https:\/\/blogs.correiobraziliense.com.br\/vicente\/wp-json\/wp\/v2\/categories?post=10781"},{"taxonomy":"post_tag","embeddable":true,"href":"https:\/\/blogs.correiobraziliense.com.br\/vicente\/wp-json\/wp\/v2\/tags?post=10781"}],"curies":[{"name":"wp","href":"https:\/\/api.w.org\/{rel}","templated":true}]}}