{"id":10777,"date":"2019-05-20T10:48:14","date_gmt":"2019-05-20T13:48:14","guid":{"rendered":"https:\/\/blogs.correiobraziliense.com.br\/vicente\/?p=10777"},"modified":"2019-05-20T19:58:16","modified_gmt":"2019-05-20T22:58:16","slug":"transportadoras-receberao-r-2-bi-em-ressarcimento-de-impostos","status":"publish","type":"post","link":"https:\/\/blogs.correiobraziliense.com.br\/vicente\/transportadoras-receberao-r-2-bi-em-ressarcimento-de-impostos\/","title":{"rendered":"Transportadoras receber\u00e3o R$ 2 bi em ressarcimento de impostos"},"content":{"rendered":"<h2>HAMILTON FERRARI<\/h2>\n<h2><\/h2>\n<h2>Enquanto os caminhoneiros reclamam da queda nas receitas com frentes e do aumento do diesel, poucas empresas de transportes e log\u00edstica se atentaram para a decis\u00e3o do Superior Tribunal de Justi\u00e7a (STJ), que deu de bandeja ao setor R$ 2 bilh\u00f5es como ressarcimento de cobran\u00e7a indevida de PIS\/Cofins nos \u00faltimos cinco anos.<\/h2>\n<p>&nbsp;<\/p>\n<p>O c\u00e1lculo foi feito pelo escrit\u00f3rio de advocacia Juveniz Jr., Rolim Ferraz, com base no Recurso Especial n\u00ba 1.221.170 do Paran\u00e1 STJ, que considerou ilegal o crit\u00e9rio de lan\u00e7amento de cr\u00e9dito de PIS e Cofins previsto na Instru\u00e7\u00e3o Normativa 247, de 2002, e IN 244, de 2004, da Receita Federal.<\/p>\n<p>&nbsp;<\/p>\n<p>Essas INs elencam o que pode ser deduz\u00edvel da base de c\u00e1lculo do PIS e da Cofins, e limitavam a lista de insumos dedut\u00edveis. \u201cUma empresa transportadora de cargas, por exemplo, n\u00e3o podia lan\u00e7ar sua maior despesa, o combust\u00edvel, que n\u00e3o estava na lista de despesas dedut\u00edveis nas duas INs. Assim, nenhuma empresa do setor podia creditar o valor pago de combust\u00edvel como insumo para efeito de apura\u00e7\u00e3o do PIS\/Cofins\u201d, explica Joaquim Rolim Ferraz, s\u00f3cio-fundador do escrit\u00f3rio Juveniz Jr. Rolim Ferraz Advogados.<\/p>\n<p>&nbsp;<\/p>\n<p>O entendimento do STJ foi de que as INs da Receita Federal ferem o princ\u00edpio da n\u00e3o cumulatividade da contribui\u00e7\u00e3o para o PIS\/Cofins para empresas que est\u00e3o no lucro real, pagando PIS\/Cofins n\u00e3o-cumulativo. \u201cFicou definido por esse julgamento do STJ que o crit\u00e9rio para o que possa ou n\u00e3o ser deduzido da base de c\u00e1lculo para efeitos de PIS\/Cofins \u00e9 a essencialidade, ou seja, a relev\u00e2ncia daquele determinado insumo para efeito do servi\u00e7o ou fabrica\u00e7\u00e3o ou elabora\u00e7\u00e3o do produto do contribuinte, diferindo do que estava previsto nas duas INs\u201d, diz Ferraz.<\/p>\n<p>&nbsp;<\/p>\n<p>Mas pouqu\u00edssimas empresas j\u00e1 atentaram para o fato de que a decis\u00e3o do STJ n\u00e3o s\u00f3 gera uma redu\u00e7\u00e3o do valor de PIS\/Cofins pago pelo empres\u00e1rio, como tamb\u00e9m a possibilidade de o contribuinte recuperar esses cinco anos do que ele pagou.<\/p>\n<p>&nbsp;<\/p>\n<p><em>Bras\u00edlia, 10h48min<\/em><\/p>\n","protected":false},"excerpt":{"rendered":"<p>HAMILTON FERRARI Enquanto os caminhoneiros reclamam da queda nas receitas com frentes e do aumento do diesel, poucas empresas de transportes e log\u00edstica se atentaram para a decis\u00e3o do Superior Tribunal de Justi\u00e7a (STJ), que deu de bandeja ao setor R$ 2 bilh\u00f5es como ressarcimento de cobran\u00e7a indevida de PIS\/Cofins nos \u00faltimos cinco anos. &nbsp; [&hellip;]<\/p>\n","protected":false},"author":22,"featured_media":0,"comment_status":"open","ping_status":"closed","sticky":false,"template":"","format":"standard","meta":{"footnotes":""},"categories":[600],"tags":[3390,524,3221,2755,602,2715],"class_list":["post-10777","post","type-post","status-publish","format-standard","hentry","category-economia","tag-caminhoneiros","tag-impostos","tag-pis-cofins","tag-ressarcimento","tag-stj","tag-transportadoras"],"_links":{"self":[{"href":"https:\/\/blogs.correiobraziliense.com.br\/vicente\/wp-json\/wp\/v2\/posts\/10777","targetHints":{"allow":["GET"]}}],"collection":[{"href":"https:\/\/blogs.correiobraziliense.com.br\/vicente\/wp-json\/wp\/v2\/posts"}],"about":[{"href":"https:\/\/blogs.correiobraziliense.com.br\/vicente\/wp-json\/wp\/v2\/types\/post"}],"author":[{"embeddable":true,"href":"https:\/\/blogs.correiobraziliense.com.br\/vicente\/wp-json\/wp\/v2\/users\/22"}],"replies":[{"embeddable":true,"href":"https:\/\/blogs.correiobraziliense.com.br\/vicente\/wp-json\/wp\/v2\/comments?post=10777"}],"version-history":[{"count":1,"href":"https:\/\/blogs.correiobraziliense.com.br\/vicente\/wp-json\/wp\/v2\/posts\/10777\/revisions"}],"predecessor-version":[{"id":10778,"href":"https:\/\/blogs.correiobraziliense.com.br\/vicente\/wp-json\/wp\/v2\/posts\/10777\/revisions\/10778"}],"wp:attachment":[{"href":"https:\/\/blogs.correiobraziliense.com.br\/vicente\/wp-json\/wp\/v2\/media?parent=10777"}],"wp:term":[{"taxonomy":"category","embeddable":true,"href":"https:\/\/blogs.correiobraziliense.com.br\/vicente\/wp-json\/wp\/v2\/categories?post=10777"},{"taxonomy":"post_tag","embeddable":true,"href":"https:\/\/blogs.correiobraziliense.com.br\/vicente\/wp-json\/wp\/v2\/tags?post=10777"}],"curies":[{"name":"wp","href":"https:\/\/api.w.org\/{rel}","templated":true}]}}