{"id":10772,"date":"2019-05-20T18:27:41","date_gmt":"2019-05-20T21:27:41","guid":{"rendered":"https:\/\/blogs.correiobraziliense.com.br\/vicente\/?p=10772"},"modified":"2019-05-21T11:35:51","modified_gmt":"2019-05-21T14:35:51","slug":"bolsonaro-no-ataque-e-resposta-a-disputa-interna-no-psl","status":"publish","type":"post","link":"https:\/\/blogs.correiobraziliense.com.br\/vicente\/bolsonaro-no-ataque-e-resposta-a-disputa-interna-no-psl\/","title":{"rendered":"Bolsonaro no ataque \u00e9 resposta \u00e0 disputa interna no PSL"},"content":{"rendered":"<p><span style=\"font-weight: 400\">RODOLFO COSTA<\/span><\/p>\n<p>&nbsp;<\/p>\n<p><span style=\"font-weight: 400\">A postura de confronto do presidente Jair Bolsonaro ao longo da \u00faltima semana e a discuss\u00e3o nas redes sociais entre as deputadas Joice Hasselmann (PSL-SP) e Carla Zambelli (PSL-SP) est\u00e1 intimamente atrelado. A derrota do governo na vota\u00e7\u00e3o da Medida Provis\u00f3ria (MP) 870, da reforma administrativa, que transfere o Conselho de Controle de Atividades Financeiras (Coaf) do Minist\u00e9rio da Justi\u00e7a para o Minist\u00e9rio da Economia, desencadeou uma s\u00e9rie de acontecimentos internos no PSL e na articula\u00e7\u00e3o governista.<\/span><\/p>\n<p>&nbsp;<\/p>\n<p><span style=\"font-weight: 400\">Os epis\u00f3dios remontam a 9 de maio, quando o parecer do relator da MP 870, senador Fernando Bezerra (MDB-PE), l\u00edder do governo no Senado, foi votado na Comiss\u00e3o Mista Especial da mat\u00e9ria. O governo perdeu e a bancada do PSL lavou roupa suja com Bolsonaro, em reuni\u00e3o no Pal\u00e1cio do Planalto. Ali, o presidente da Rep\u00fablica chegou a defender o relat\u00f3rio, sob orienta\u00e7\u00e3o de Hasselmann, sustentando a import\u00e2ncia de ter \u201cvotos\u201d e a \u201cmaioria\u201d para a aprova\u00e7\u00e3o da agenda reformista. <\/span><\/p>\n<p>&nbsp;<\/p>\n<p><span style=\"font-weight: 400\">A sinaliza\u00e7\u00e3o de Bolsonaro provocou muitas cr\u00edticas de correligion\u00e1rios e o choro de Zambelli, que, segundo afirmam pesselistas ao <strong>Blog<\/strong>, repreendeu o presidente. \u201cCad\u00ea o Bolsonaro que a gente conhece? N\u00e3o \u00e9 poss\u00edvel que ele (presidente) n\u00e3o vai fazer nada. Eu n\u00e3o fui eleita para poder votar, agora, com o Centr\u00e3o. Meus eleitores n\u00e3o esperam isso de mim e os seus eleitores (de Bolsonaro) n\u00e3o esperam isso de voc\u00ea\u201d, criticou. A provoca\u00e7\u00e3o gerou embate com Joice, que a chamou de ing\u00eanua, mas foi o suficiente para mudar a postura de Bolsonaro.<\/span><\/p>\n<p>&nbsp;<\/p>\n<p><span style=\"font-weight: 400\">A resposta do presidente a Zambelli e aos parlamentares que questionaram a proximidade com o Centr\u00e3o tardou, mas n\u00e3o falhou. Na \u00faltima ter\u00e7a-feira (14), veio a primeira resposta ao bloco pol\u00edtico e ao presidente da C\u00e2mara, Rodrigo Maia (DEM-RJ), que abandonou a articula\u00e7\u00e3o pol\u00edtica ap\u00f3s n\u00e3o conseguir convencer o governo a mudar o relacionamento com o Congresso. No Twitter, Bolsonaro ressaltou que o governo precisa do Congresso para que o governo possa, definitivamente, decolar economicamente, em uma sutil press\u00e3o aos congressistas. \u00a0<\/span><\/p>\n<p>&nbsp;<\/p>\n<p><span style=\"font-weight: 400\">Na quinta-feira (16), Bolsonaro disse que jamais abrir\u00e1 m\u00e3o dos \u201cprinc\u00edpios fundamentais\u201d que sempre defendeu e \u201ccom os quais a maioria dos brasileiros sempre se identificou\u201d. \u201cO Brasil pediu uma nova forma de se relacionar com os poderes da Rep\u00fablica, e assim seguirei, em respeito m\u00e1ximo \u00e0 popula\u00e7\u00e3o\u201d, disse, tamb\u00e9m no Twitter. Outro coment\u00e1rio com respostas ao Centr\u00e3o. Um dia depois, veio o vazamento do texto compartilhado a amigos de que o Brasil \u00e9 \u201cingovern\u00e1vel sem conchavos\u201d. Nesta segunda (20\/5), disse que \u201co grande problema do pa\u00eds \u00e9 a classe pol\u00edtica\u201d em evento da Federa\u00e7\u00e3o das Ind\u00fastrias do Rio de Janeiro (Firjan).<\/span><\/p>\n<p>&nbsp;<\/p>\n<p><b>Isolamento<\/b><\/p>\n<p><span style=\"font-weight: 400\">As declara\u00e7\u00f5es mostram de que lado Bolsonaro ficou na disputa entre Hasselmann e Zambelli. A postura do presidente agradou uma grande parcela dos aliados, que decidiu manter a data de manifesta\u00e7\u00f5es a favor da agenda governista em 26 de maio. O problema \u00e9 que, ao mesmo tempo que refor\u00e7ou o \u00e2nimo entre os apoiadores, dividiu os movimentos de rua e complicou as articula\u00e7\u00f5es pol\u00edticas.<\/span><\/p>\n<p>&nbsp;<\/p>\n<p><span style=\"font-weight: 400\">Como l\u00edder do governo no Congresso, Hasselmann vinha conversando com l\u00edderes partid\u00e1rios para construir apoio para a MP 870 com Coaf na Justi\u00e7a. As conversas tamb\u00e9m dizem respeito ao suporte para a reforma da Previd\u00eancia. A postura de confronto de Bolsonaro ao Centr\u00e3o, no entanto, acabou neutralizando-a. A solu\u00e7\u00e3o encontrada pela parlamentar foi conversar diretamente com as bases dos partidos. De neutralidade, acabou ficando isolada. <\/span><\/p>\n<p>&nbsp;<\/p>\n<p><span style=\"font-weight: 400\">A lideran\u00e7a do governo no Congresso disparou liga\u00e7\u00f5es para os parlamentares em forma de \u201cvarejo\u201d na \u00faltima semana, afirma ao <strong>Blog<\/strong> o l\u00edder do PR na C\u00e2mara, Wellington Roberto (PB). \u201cPara tentar saber, mapear ou rastrear o que os deputados v\u00e3o pensar e decidir em rela\u00e7\u00e3o \u00e0s MPs na pauta desta semana. Excluindo l\u00edderes e presidentes partid\u00e1rios. Eu sei que todo mundo tem liberdade de ir e vir, mas n\u00e3o \u00e9 assim que funciona. No caso do meu partido, somos praticamente uma fam\u00edlia, onde n\u00e3o posso dizer que temos 100% de lealdade, mas, em percentual que chega nisso\u201d, criticou.<\/span><\/p>\n<p>&nbsp;<\/p>\n<p><span style=\"font-weight: 400\">Os movimentos de Hasselmann em contatar as bases dos partidos n\u00e3o pegou bem e, consequentemente, tamb\u00e9m n\u00e3o ajuda a articula\u00e7\u00e3o feita pelo ministro-chefe da Casa Civil, Onyx Lorenzoni. Os di\u00e1logos do articulador do governo com o Centr\u00e3o est\u00e3o estagnadas, pela falta de confian\u00e7a dos l\u00edderes. As lideran\u00e7as desconfiam da capacidade dos interlocutores de dar encaminhamento \u00e0s demandas. A Lorenzoni e Hasselmann, apresentam metas que ambos n\u00e3o conseguem conduzir junto a Bolsonaro. <\/span><\/p>\n<p>&nbsp;<\/p>\n<p><b>Reviravolta<\/b><\/p>\n<p><span style=\"font-weight: 400\">O articulador que vinha conseguindo encaminhar pautas junto ao presidente \u00e9 o l\u00edder do governo na C\u00e2mara, Major Vitor Hugo (PSL-GO). O deputado construiu uma ponte com o chamado Centrinho &#8212; bloco formado por Podemos, PSC, Cidadania, PV, Pros e Patriota &#8212; e reunir os l\u00edderes do bloco partid\u00e1rio com Bolsonaro. O presidente prometeu a eles que suspenderia o contingenciamento sobre os recursos da educa\u00e7\u00e3o, mas Lorenzoni atuou para convencer Bolsonaro a manter a decis\u00e3o.<\/span><\/p>\n<p>&nbsp;<\/p>\n<p><span style=\"font-weight: 400\">A mesma articula\u00e7\u00e3o feita por Lorenzoni para neutralizar os poderes de Vitor Hugo vem sendo reproduzida por Hasselmann, afirmam pesselistas ao <\/span><b>Blog<\/b><span style=\"font-weight: 400\">. No entanto, esses movimentos provocaram uma reviravolta, em uma contra-resposta interna no partido. As tentativas de fragilizar o l\u00edder do governo na C\u00e2mara voltaram a unir ele ao l\u00edder do PSL na C\u00e2mara, Delegado Waldir (PSL-GO). Os dois estavam em p\u00e9 de guerra nas \u00faltimas semanas mas, agora, demonstram uni\u00e3o.<\/span><\/p>\n<p>&nbsp;<\/p>\n<p><span style=\"font-weight: 400\">H\u00e1 algumas semanas, o deputado General Gir\u00e3o (PSL-RN) e Vitor Hugo come\u00e7aram a colher assinaturas para tirar Waldir da lideran\u00e7a do PSL na C\u00e2mara. Na \u00faltima semana, veio o \u201cDia do Fico\u201d. Pressionado por cerca de 22 correligion\u00e1rios que queriam depor o atual l\u00edder, Waldir decidiu apoiar a MP 870 original, como o governo encaminhou, em um rev\u00e9s para Hasselmann, que contava com o apoio dele para aprovar um relat\u00f3rio mais pr\u00f3ximo do articulado por ela. \u201cEle (Waldir) colocou todos em uma sala, ouviu as pessoas, e foi ali que recuperou a lideran\u00e7a. Sabia que precisa ser nosso l\u00edder, e l\u00edder do partido defende o que o partido quer\u201d, afirmou um deputado do PSL ao <\/span><b>Blog<\/b><span style=\"font-weight: 400\">. <\/span><\/p>\n","protected":false},"excerpt":{"rendered":"<p>RODOLFO COSTA &nbsp; A postura de confronto do presidente Jair Bolsonaro ao longo da \u00faltima semana e a discuss\u00e3o nas redes sociais entre as deputadas Joice Hasselmann (PSL-SP) e Carla Zambelli (PSL-SP) est\u00e1 intimamente atrelado. A derrota do governo na vota\u00e7\u00e3o da Medida Provis\u00f3ria (MP) 870, da reforma administrativa, que transfere o Conselho de Controle [&hellip;]<\/p>\n","protected":false},"author":22,"featured_media":0,"comment_status":"open","ping_status":"closed","sticky":false,"template":"","format":"standard","meta":{"footnotes":""},"categories":[600],"tags":[2554,3872,3873,3875,3874],"class_list":["post-10772","post","type-post","status-publish","format-standard","hentry","category-economia","tag-bolsonaro","tag-carla-zambelli","tag-joice-hasselmann","tag-onyx-lorenzoni","tag-vitor-hugo"],"_links":{"self":[{"href":"https:\/\/blogs.correiobraziliense.com.br\/vicente\/wp-json\/wp\/v2\/posts\/10772","targetHints":{"allow":["GET"]}}],"collection":[{"href":"https:\/\/blogs.correiobraziliense.com.br\/vicente\/wp-json\/wp\/v2\/posts"}],"about":[{"href":"https:\/\/blogs.correiobraziliense.com.br\/vicente\/wp-json\/wp\/v2\/types\/post"}],"author":[{"embeddable":true,"href":"https:\/\/blogs.correiobraziliense.com.br\/vicente\/wp-json\/wp\/v2\/users\/22"}],"replies":[{"embeddable":true,"href":"https:\/\/blogs.correiobraziliense.com.br\/vicente\/wp-json\/wp\/v2\/comments?post=10772"}],"version-history":[{"count":5,"href":"https:\/\/blogs.correiobraziliense.com.br\/vicente\/wp-json\/wp\/v2\/posts\/10772\/revisions"}],"predecessor-version":[{"id":10779,"href":"https:\/\/blogs.correiobraziliense.com.br\/vicente\/wp-json\/wp\/v2\/posts\/10772\/revisions\/10779"}],"wp:attachment":[{"href":"https:\/\/blogs.correiobraziliense.com.br\/vicente\/wp-json\/wp\/v2\/media?parent=10772"}],"wp:term":[{"taxonomy":"category","embeddable":true,"href":"https:\/\/blogs.correiobraziliense.com.br\/vicente\/wp-json\/wp\/v2\/categories?post=10772"},{"taxonomy":"post_tag","embeddable":true,"href":"https:\/\/blogs.correiobraziliense.com.br\/vicente\/wp-json\/wp\/v2\/tags?post=10772"}],"curies":[{"name":"wp","href":"https:\/\/api.w.org\/{rel}","templated":true}]}}