{"id":10766,"date":"2019-05-20T10:43:32","date_gmt":"2019-05-20T13:43:32","guid":{"rendered":"https:\/\/blogs.correiobraziliense.com.br\/vicente\/?p=10766"},"modified":"2019-05-20T16:04:36","modified_gmt":"2019-05-20T19:04:36","slug":"investidores-espanhois-estao-mais-reticentes-em-relacao-ao-brasil","status":"publish","type":"post","link":"https:\/\/blogs.correiobraziliense.com.br\/vicente\/investidores-espanhois-estao-mais-reticentes-em-relacao-ao-brasil\/","title":{"rendered":"Investidores espanh\u00f3is est\u00e3o mais reticentes em rela\u00e7\u00e3o ao Brasil"},"content":{"rendered":"<h2>Os investidores estrangeiros est\u00e3o muito reticentes com os rumos tomados pelo Brasil, sobretudo na economia, que vem afundando, flertando com a depress\u00e3o.<\/h2>\n<p>&nbsp;<\/p>\n<p><a href=\"https:\/\/blogs.correiobraziliense.com.br\/vicente\/wp-content\/uploads\/sites\/16\/2019\/05\/EspanhaInvestimento.png\"><img loading=\"lazy\" decoding=\"async\" class=\"wp-image-10767 alignleft\" src=\"https:\/\/blogs.correiobraziliense.com.br\/vicente\/wp-content\/uploads\/sites\/16\/2019\/05\/EspanhaInvestimento.png\" alt=\"\" width=\"538\" height=\"535\" srcset=\"https:\/\/blogs.correiobraziliense.com.br\/vicente\/wp-content\/uploads\/sites\/16\/2019\/05\/EspanhaInvestimento.png 725w, https:\/\/blogs.correiobraziliense.com.br\/vicente\/wp-content\/uploads\/sites\/16\/2019\/05\/EspanhaInvestimento-150x150.png 150w, https:\/\/blogs.correiobraziliense.com.br\/vicente\/wp-content\/uploads\/sites\/16\/2019\/05\/EspanhaInvestimento-300x298.png 300w, https:\/\/blogs.correiobraziliense.com.br\/vicente\/wp-content\/uploads\/sites\/16\/2019\/05\/EspanhaInvestimento-350x348.png 350w, https:\/\/blogs.correiobraziliense.com.br\/vicente\/wp-content\/uploads\/sites\/16\/2019\/05\/EspanhaInvestimento-550x547.png 550w, https:\/\/blogs.correiobraziliense.com.br\/vicente\/wp-content\/uploads\/sites\/16\/2019\/05\/EspanhaInvestimento-230x229.png 230w\" sizes=\"auto, (max-width: 538px) 100vw, 538px\" \/><\/a><\/p>\n<p>Dados levantados pela IE Business School, uma das mais importantes escolas de neg\u00f3cios do mundo, apontam que o Brasil despencou no ranking de destinos de investimentos ibero-americanos.<\/p>\n<p>&nbsp;<\/p>\n<p>No levantamento de 2019, o pa\u00eds registra pontua\u00e7\u00e3o de 2,74 num ranking que vai de zero a cinco quando s\u00e3o consultados os investidores espanh\u00f3is.<\/p>\n<p>&nbsp;<\/p>\n<p>\u00c9 a pior pontua\u00e7\u00e3o desde 2016, quando houve o impeachment de Dilma Rousseff. Em 2018, o Brasil havia obtido 3,13 pontos. Em 2017, 2,89 pontos.<\/p>\n<p>&nbsp;<\/p>\n<p>Quando se olha o volume de investimento, o Brasil desponta como terceiro destino, atr\u00e1s de M\u00e9xico e da Col\u00f4mbia.<\/p>\n<p>&nbsp;<\/p>\n<p>Os investidores espanh\u00f3is se ressentem, sobretudo, dos graves problemas fiscais do Brasil, que s\u00f3 ser\u00e3o resolvidos depois da reforma da Previd\u00eancia.<\/p>\n<p>&nbsp;<\/p>\n<p>O Brasil tamb\u00e9m desanima por causa da fragilidade da economia. Desde que mergulhou na recess\u00e3o, em meados de 2014, o pa\u00eds ainda n\u00e3o conseguiu engatar um crescimento forte.<\/p>\n<p>&nbsp;<\/p>\n<p><em>Bras\u00edlia, 10h43min<\/em><\/p>\n","protected":false},"excerpt":{"rendered":"<p>Os investidores estrangeiros est\u00e3o muito reticentes com os rumos tomados pelo Brasil, sobretudo na economia, que vem afundando, flertando com a depress\u00e3o. &nbsp; Dados levantados pela IE Business School, uma das mais importantes escolas de neg\u00f3cios do mundo, apontam que o Brasil despencou no ranking de destinos de investimentos ibero-americanos. &nbsp; No levantamento de 2019, [&hellip;]<\/p>\n","protected":false},"author":22,"featured_media":0,"comment_status":"open","ping_status":"closed","sticky":false,"template":"","format":"standard","meta":{"footnotes":""},"categories":[600],"tags":[3870,3593,199,662],"class_list":["post-10766","post","type-post","status-publish","format-standard","hentry","category-economia","tag-espanhois","tag-estrangeiros","tag-investidores","tag-ranking"],"_links":{"self":[{"href":"https:\/\/blogs.correiobraziliense.com.br\/vicente\/wp-json\/wp\/v2\/posts\/10766","targetHints":{"allow":["GET"]}}],"collection":[{"href":"https:\/\/blogs.correiobraziliense.com.br\/vicente\/wp-json\/wp\/v2\/posts"}],"about":[{"href":"https:\/\/blogs.correiobraziliense.com.br\/vicente\/wp-json\/wp\/v2\/types\/post"}],"author":[{"embeddable":true,"href":"https:\/\/blogs.correiobraziliense.com.br\/vicente\/wp-json\/wp\/v2\/users\/22"}],"replies":[{"embeddable":true,"href":"https:\/\/blogs.correiobraziliense.com.br\/vicente\/wp-json\/wp\/v2\/comments?post=10766"}],"version-history":[{"count":2,"href":"https:\/\/blogs.correiobraziliense.com.br\/vicente\/wp-json\/wp\/v2\/posts\/10766\/revisions"}],"predecessor-version":[{"id":10769,"href":"https:\/\/blogs.correiobraziliense.com.br\/vicente\/wp-json\/wp\/v2\/posts\/10766\/revisions\/10769"}],"wp:attachment":[{"href":"https:\/\/blogs.correiobraziliense.com.br\/vicente\/wp-json\/wp\/v2\/media?parent=10766"}],"wp:term":[{"taxonomy":"category","embeddable":true,"href":"https:\/\/blogs.correiobraziliense.com.br\/vicente\/wp-json\/wp\/v2\/categories?post=10766"},{"taxonomy":"post_tag","embeddable":true,"href":"https:\/\/blogs.correiobraziliense.com.br\/vicente\/wp-json\/wp\/v2\/tags?post=10766"}],"curies":[{"name":"wp","href":"https:\/\/api.w.org\/{rel}","templated":true}]}}