{"id":10764,"date":"2019-05-19T23:11:07","date_gmt":"2019-05-20T02:11:07","guid":{"rendered":"https:\/\/blogs.correiobraziliense.com.br\/vicente\/?p=10764"},"modified":"2019-05-19T23:26:27","modified_gmt":"2019-05-20T02:26:27","slug":"brasil-sofre-com-deficit-de-bom-senso","status":"publish","type":"post","link":"https:\/\/blogs.correiobraziliense.com.br\/vicente\/brasil-sofre-com-deficit-de-bom-senso\/","title":{"rendered":"Brasil sofre com deficit de bom senso"},"content":{"rendered":"<h2>ANTONIO MACHADO<\/h2>\n<h2><\/h2>\n<h2>Crise \u00e9 a palavra s\u00edntese do Brasil, mas pasmaceira talvez seja a mais adequada, j\u00e1 que falamos \u00e0 exaust\u00e3o de suas m\u00faltiplas faces \u2014 economia estagnada, desemprego elevado, ind\u00fastria atrasada, \u201cguerra cultural\u201d do Bolsonaro, \u201cLula livre\u201d dos petistas, Lava Jato, etc. \u2014 e quase nada, objetivamente, sobre como super\u00e1-la para valer.<\/h2>\n<p>&nbsp;<\/p>\n<p>S\u00e3o tantas, t\u00e3o profundas, t\u00e3o antigas, que falar de crise a toda hora disseminou o sentimento de impot\u00eancia, criando at\u00e9 a suspeita de que parte delas seja distra\u00e7\u00e3o, inventada para desviar a aten\u00e7\u00e3o das verdadeiras solu\u00e7\u00f5es. A impress\u00e3o \u00e9 que tanto os governantes como os que se lhe op\u00f5em a cada ciclo eleitoral desde a Constitui\u00e7\u00e3o de 1988, que moldou a \u201ccara\u201d atual do pa\u00eds, n\u00e3o fazem a menor ideia sobre o que vem a ser o processo de enriquecimento de uma na\u00e7\u00e3o.<\/p>\n<p>&nbsp;<\/p>\n<p>Gastou-se mais tempo na formula\u00e7\u00e3o de programas dispendiosos para minorar o sofrimento dos mais pobres, por exemplo, que em pol\u00edticas que promovessem a educa\u00e7\u00e3o e a capacita\u00e7\u00e3o profissional em conson\u00e2ncia com as necessidades do investimento produtivo e das inova\u00e7\u00f5es tecnol\u00f3gicas para al\u00e9m da agricultura, da minera\u00e7\u00e3o e do petr\u00f3leo \u2014 d\u00e1divas da natureza, que mais serviram para a lassid\u00e3o dos s\u00edndicos do poder que para bancar as transforma\u00e7\u00f5es.<\/p>\n<p>&nbsp;<\/p>\n<p>Escrevo com os verbos no passado (gastou, serviram) porque \u00e9 a\u00ed em que nos encontramos enquanto na\u00e7\u00e3o, com o Tesouro endividado e o Estado esgotado pelos compromissos pactuados pela Constitui\u00e7\u00e3o.<\/p>\n<p>&nbsp;<\/p>\n<blockquote><p>&#8220;Governo se equivoca ao buscar um ajuste fiscal \u00e0 base do tudo ou nada sem cuidar do crescimento&#8221;<\/p><\/blockquote>\n<p>&nbsp;<\/p>\n<p>\u00c9 essa a raz\u00e3o de o governo atual levar ao Congresso a proposta de reforma da previd\u00eancia, o maior dos passivos constitucionais, como fizeram todos os presidentes depois de 1994. A contragosto, diga-se, tal como Jair Bolsonaro, ao qual n\u00e3o restou o espa\u00e7o de manobra que ainda havia para FHC, Lula e Dilma. Temer chegou sem espa\u00e7o algum.<\/p>\n<p>&nbsp;<\/p>\n<p>Os economistas do pensamento dominante projetam o abismo adiante, imagem a que o ministro da Economia, Paulo Guedes, apela ao expor a urg\u00eancia das reformas fiscais. N\u00e3o lhes ocorre, at\u00e9 porque os ditos liberais raramente p\u00f5em gente em seus c\u00e1lculos, contar o tamanho da pen\u00faria. \u00c9 grande o bastante para n\u00e3o poder ser cortada de vez.<\/p>\n<p>&nbsp;<\/p>\n<p><strong>Cacoete dos ortodoxos<\/strong><\/p>\n<p>&nbsp;<\/p>\n<p>Assim como n\u00e3o se recomenda a abstin\u00eancia absoluta aos dependentes qu\u00edmicos sob pena de graves sequelas, at\u00e9 morrer, o desmonte de um modelo de setor p\u00fablico despreocupado com o crescimento econ\u00f4mico e voltado a distribuir o que nem foi produzido ter\u00e1 de ser gradual para n\u00e3o gerar paralisia generalizada. Este j\u00e1 \u00e9 o cen\u00e1rio atual.<\/p>\n<p>&nbsp;<\/p>\n<p>O governo se equivoca ao buscar um duro ajuste fiscal \u00e0 base do tudo ou nada sem crescimento. \u00c9 um cacoete de ortodoxos e liberais. Com alta ociosidade da produ\u00e7\u00e3o, renda real deprimida, investimento no menor n\u00edvel vis-\u00e0-vis o PIB desde 1994 e desemprego e subemprego de 25% da for\u00e7a de trabalho, a demanda desabou, arrastando a receita tribut\u00e1ria, mas n\u00e3o o gasto p\u00fablico, 95% do qual \u00e9 mandat\u00f3rio.<\/p>\n<p>&nbsp;<\/p>\n<p>O deficit fiscal federal sentou pra\u00e7a desde 2014 e assim dever\u00e1 ir em frente, enquanto os governos regionais, que n\u00e3o emitem moeda nem podem endividar-se a gosto, entram em colapso. J\u00e1 \u00e9 insustent\u00e1vel.<\/p>\n<p>&nbsp;<\/p>\n<p><strong>Estado prov\u00ea 48% da renda<\/strong><\/p>\n<p>&nbsp;<\/p>\n<p>Ainda que afronte os c\u00e2nones liberais e apesar do hist\u00f3rico ruim das pol\u00edticas econ\u00f4micas ativistas, o governo precisar\u00e1 rever as suas concep\u00e7\u00f5es ou a recess\u00e3o bater\u00e1 \u00e0 porta de um presidente sem jeito para construir consensos, sem plano e com a popularidade em baixa.<\/p>\n<p>&nbsp;<\/p>\n<p>O que h\u00e1 que considerar? Primeiro, que o Estado sustenta 93 milh\u00f5es de pessoas com bolsa social, sal\u00e1rio (servidores civis e militares) e aposentadoria nos tr\u00eas n\u00edveis da federa\u00e7\u00e3o. Como j\u00e1 dissemos, isto significa que 54% da popula\u00e7\u00e3o em idade ativa dependem do Estado brasileiro.<\/p>\n<p>&nbsp;<\/p>\n<p>Em dinheiro, equivale a 48% da renda total das fam\u00edlias brasileiras (25,5% de sal\u00e1rios de funcion\u00e1rios, 19,2% de benef\u00edcios sociais e 3% de sal\u00e1rios de empresas e bancos estatais). Esse quadro \u00e9 imposs\u00edvel de ser sustentado pela sociedade em geral e a economia privada.<\/p>\n<p>&nbsp;<\/p>\n<p><strong>Apenas choques negativos<\/strong><\/p>\n<p>&nbsp;<\/p>\n<p>Para come\u00e7ar, configura suic\u00eddio espremer o parafiscal, como se v\u00ea pela evolu\u00e7\u00e3o do cr\u00e9dito corporativo em rela\u00e7\u00e3o do PIB. Era de 32% em 2014 e de 25,4% no fim de 2018. Encolheu 6,5 pontos de percentagem do PIB, cerca de R$ 470 bilh\u00f5es a menos para movimentar a economia.<\/p>\n<p>&nbsp;<\/p>\n<p>O imobilismo, por si contracionista, alarga o quadro de ociosidade, abatendo, segundo o economista Br\u00e1ulio Borges, pesquisador do IBRE-FGV, 2 pontos do PIB da receita federal, ou R$ 145 bilh\u00f5es, muito mais que a previs\u00e3o de d\u00e9ficit prim\u00e1rio de 2019. No BNDES, propulsor do cr\u00e9dito ao investimento, a queda real acumulada desde 2015 chega a 40%, conforme Gilberto Bor\u00e7a Jr, economista do banco.<\/p>\n<p>&nbsp;<\/p>\n<p>Tudo isso s\u00e3o choques negativos de demanda, que deprimem os neg\u00f3cios, alquebram o PIB, aprofundam o desemprego etc. O que fazer? Acelerar as reformas, sim. Mas cuidar tamb\u00e9m do dia a dia, j\u00e1 que a economia \u00e9 feita de pessoas, n\u00e3o de estat\u00edsticas e ideologias.<\/p>\n<p>&nbsp;<\/p>\n<p><strong>Pondo sapo em \u00e1gua morna<\/strong><\/p>\n<p>&nbsp;<\/p>\n<p>O maior obst\u00e1culo hoje n\u00e3o \u00e9 a falta de ideias para o pa\u00eds crescer. \u00c9 a falta de estrat\u00e9gia e de governan\u00e7a para apoiar a passagem para outro modelo de desenvolvimento. Ela implica urg\u00eancia nas reformas de cunho fiscal, como a da previd\u00eancia. Isso \u00e9 inescap\u00e1vel.<\/p>\n<p>&nbsp;<\/p>\n<p>Mas, tal como na reforma da casa, n\u00e3o se joga fora a mob\u00edlia velha antes de a obra estar acabada. \u00c9 o que estamos fazendo, tanto com a paralisia do cr\u00e9dito como do gasto p\u00fablico num pa\u00eds viciado, como vimos, em bolsa disso e daquilo, subs\u00eddio, burocracia ego\u00edsta, meia entrada etc. S\u00f3 se consegue rever mazelas de modo abrupto se o Estado falir. Sem isso, faz-se aos poucos, como cozinhar sapo em \u00e1gua morna.<\/p>\n<p>&nbsp;<\/p>\n<p>Ah! Tamb\u00e9m precisamos repensar as concep\u00e7\u00f5es da economia, visando o caminho em curso na maioria dos pa\u00edses \u2013 a transforma\u00e7\u00e3o direta, n\u00e3o em etapas, para a economia digital. Nela est\u00e3o o futuro e o meio de p\u00f4r ordem na bagun\u00e7a do setor p\u00fablico e dos poderes independentes. Felizmente, l\u00edderes do Congresso t\u00e3o subestimado t\u00eam essa vis\u00e3o.<\/p>\n","protected":false},"excerpt":{"rendered":"<p>ANTONIO MACHADO Crise \u00e9 a palavra s\u00edntese do Brasil, mas pasmaceira talvez seja a mais adequada, j\u00e1 que falamos \u00e0 exaust\u00e3o de suas m\u00faltiplas faces \u2014 economia estagnada, desemprego elevado, ind\u00fastria atrasada, \u201cguerra cultural\u201d do Bolsonaro, \u201cLula livre\u201d dos petistas, Lava Jato, etc. \u2014 e quase nada, objetivamente, sobre como super\u00e1-la para valer. &nbsp; S\u00e3o [&hellip;]<\/p>\n","protected":false},"author":22,"featured_media":0,"comment_status":"open","ping_status":"closed","sticky":false,"template":"","format":"standard","meta":{"footnotes":""},"categories":[600],"tags":[2554,3869,378,76,467],"class_list":["post-10764","post","type-post","status-publish","format-standard","hentry","category-economia","tag-bolsonaro","tag-bom-senso","tag-brasil","tag-deficit","tag-governo"],"_links":{"self":[{"href":"https:\/\/blogs.correiobraziliense.com.br\/vicente\/wp-json\/wp\/v2\/posts\/10764","targetHints":{"allow":["GET"]}}],"collection":[{"href":"https:\/\/blogs.correiobraziliense.com.br\/vicente\/wp-json\/wp\/v2\/posts"}],"about":[{"href":"https:\/\/blogs.correiobraziliense.com.br\/vicente\/wp-json\/wp\/v2\/types\/post"}],"author":[{"embeddable":true,"href":"https:\/\/blogs.correiobraziliense.com.br\/vicente\/wp-json\/wp\/v2\/users\/22"}],"replies":[{"embeddable":true,"href":"https:\/\/blogs.correiobraziliense.com.br\/vicente\/wp-json\/wp\/v2\/comments?post=10764"}],"version-history":[{"count":1,"href":"https:\/\/blogs.correiobraziliense.com.br\/vicente\/wp-json\/wp\/v2\/posts\/10764\/revisions"}],"predecessor-version":[{"id":10765,"href":"https:\/\/blogs.correiobraziliense.com.br\/vicente\/wp-json\/wp\/v2\/posts\/10764\/revisions\/10765"}],"wp:attachment":[{"href":"https:\/\/blogs.correiobraziliense.com.br\/vicente\/wp-json\/wp\/v2\/media?parent=10764"}],"wp:term":[{"taxonomy":"category","embeddable":true,"href":"https:\/\/blogs.correiobraziliense.com.br\/vicente\/wp-json\/wp\/v2\/categories?post=10764"},{"taxonomy":"post_tag","embeddable":true,"href":"https:\/\/blogs.correiobraziliense.com.br\/vicente\/wp-json\/wp\/v2\/tags?post=10764"}],"curies":[{"name":"wp","href":"https:\/\/api.w.org\/{rel}","templated":true}]}}