{"id":10758,"date":"2019-05-17T19:51:37","date_gmt":"2019-05-17T22:51:37","guid":{"rendered":"https:\/\/blogs.correiobraziliense.com.br\/vicente\/?p=10758"},"modified":"2019-05-17T19:51:37","modified_gmt":"2019-05-17T22:51:37","slug":"economia-de-r-1-tri-deve-ser-preservada-diz-marinho-sobre-mudancas-na-reforma","status":"publish","type":"post","link":"https:\/\/blogs.correiobraziliense.com.br\/vicente\/economia-de-r-1-tri-deve-ser-preservada-diz-marinho-sobre-mudancas-na-reforma\/","title":{"rendered":"Economia de R$ 1 tri deve ser preservada, diz Marinho sobre mudan\u00e7as na reforma"},"content":{"rendered":"<h2>ALESSANDRA AZEVEDO<\/h2>\n<h2><\/h2>\n<h2>Apesar da inten\u00e7\u00e3o da C\u00e2mara de retirar a digital do governo da reforma da Previd\u00eancia, o secret\u00e1rio especial de Previd\u00eancia e Trabalho do Minist\u00e9rio da Economia, Rog\u00e9rio Marinho, continua defendendo o texto enviado ao Congresso em fevereiro. Em entrevista ao blog, ele n\u00e3o citou os pontos que considera discut\u00edveis, mas refor\u00e7ou que o mais importante \u00e9 manter o impacto fiscal previsto, de R$ 1 trilh\u00e3o em 10 anos.<\/h2>\n<h2><\/h2>\n<p>\u201cNa hora que houver finaliza\u00e7\u00e3o, um refinamento do processo, e na medida em que formos sendo consultados a respeito, claro que h\u00e1 possibilidade de alguma transig\u00eancia, desde que seja preservado o impacto fiscal\u201d, afirmou Marinho, nesta sexta-feira (17\/5). Segundo ele, o relator da reforma na Comiss\u00e3o Especial, Samuel Moreira (PSDB-SP), respons\u00e1vel pelo substitutivo, tem dito que pretende manter os ganhos dentro das expectativas do governo.<\/p>\n<p>&nbsp;<\/p>\n<p>Segundo Marinho, Moreira tem sido &#8220;extremamente colaborativo&#8221; nas conversas com a equipe econ\u00f4mica e com parlamentares. &#8220;Mas \u00e9 claro que ele tem legitimidade, autoridade e condi\u00e7\u00e3o de propor as altera\u00e7\u00f5es que achar convenientes. Ele tem dito para n\u00f3s que pretende manter o impacto fiscal\u201d, comentou o secret\u00e1rio.<\/p>\n<p>&nbsp;<\/p>\n<p><strong>Elo mais forte<\/strong><\/p>\n<p>&nbsp;<\/p>\n<p>Como o resultado das discuss\u00f5es na Comiss\u00e3o Especial sempre \u00e9 um texto substitutivo, o que muda \u00e9 o teor das altera\u00e7\u00f5es. Quanto a isso, Marinho deixou claro que, al\u00e9m da elabora\u00e7\u00e3o do texto, a condu\u00e7\u00e3o dos trabalhos tamb\u00e9m est\u00e1 em boas m\u00e3os. \u201cMarcelo Ramos (presidente da comiss\u00e3o) \u00e9 um deputado excepcional. De primeiro mandato na C\u00e2mara, mas com experi\u00eancia muito grande, muito densa\u201d, opinou.<\/p>\n<p>&nbsp;<\/p>\n<p>Diante das cr\u00edticas dos parlamentares em rela\u00e7\u00e3o ao presidente Jair Bolsonaro e ao ministro Onyx Lorenzoni (Casa Civil), Marinho \u00e9 considerado o \u201celo mais forte\u201d do governo com o Parlamento, nas palavras de um deputado da comiss\u00e3o. O secret\u00e1rio acredita que &#8220;o di\u00e1logo est\u00e1 acontecendo de forma desobstru\u00edda\u201d. \u201cA articula\u00e7\u00e3o \u00e9 coletiva. O governo tem v\u00e1rios membros que t\u00eam a possibilidade, at\u00e9 pelo relacionamento, de conversar com integrantes do Congresso\u201d, disse.<\/p>\n<p>&nbsp;<\/p>\n<p>O secret\u00e1rio se reuniu, na manh\u00e3 desta sexta-feira (17\/5), com o relator, o presidente e outros parlamentares e t\u00e9cnicos envolvidos com a reforma. \u201cPassamos a manh\u00e3 inteira conversando\u201d, contou. Os encontros devem continuar ao longo do fim de semana.<\/p>\n<p>&nbsp;<\/p>\n<p><em>Bras\u00edlia, 19h50min<\/em><\/p>\n<p>&nbsp;<\/p>\n","protected":false},"excerpt":{"rendered":"<p>ALESSANDRA AZEVEDO Apesar da inten\u00e7\u00e3o da C\u00e2mara de retirar a digital do governo da reforma da Previd\u00eancia, o secret\u00e1rio especial de Previd\u00eancia e Trabalho do Minist\u00e9rio da Economia, Rog\u00e9rio Marinho, continua defendendo o texto enviado ao Congresso em fevereiro. Em entrevista ao blog, ele n\u00e3o citou os pontos que considera discut\u00edveis, mas refor\u00e7ou que o [&hellip;]<\/p>\n","protected":false},"author":22,"featured_media":0,"comment_status":"open","ping_status":"closed","sticky":false,"template":"","format":"standard","meta":{"footnotes":""},"categories":[600],"tags":[3693,429,614,2880],"class_list":["post-10758","post","type-post","status-publish","format-standard","hentry","category-economia","tag-marinho","tag-previdencia","tag-reforma","tag-secretario"],"_links":{"self":[{"href":"https:\/\/blogs.correiobraziliense.com.br\/vicente\/wp-json\/wp\/v2\/posts\/10758","targetHints":{"allow":["GET"]}}],"collection":[{"href":"https:\/\/blogs.correiobraziliense.com.br\/vicente\/wp-json\/wp\/v2\/posts"}],"about":[{"href":"https:\/\/blogs.correiobraziliense.com.br\/vicente\/wp-json\/wp\/v2\/types\/post"}],"author":[{"embeddable":true,"href":"https:\/\/blogs.correiobraziliense.com.br\/vicente\/wp-json\/wp\/v2\/users\/22"}],"replies":[{"embeddable":true,"href":"https:\/\/blogs.correiobraziliense.com.br\/vicente\/wp-json\/wp\/v2\/comments?post=10758"}],"version-history":[{"count":1,"href":"https:\/\/blogs.correiobraziliense.com.br\/vicente\/wp-json\/wp\/v2\/posts\/10758\/revisions"}],"predecessor-version":[{"id":10759,"href":"https:\/\/blogs.correiobraziliense.com.br\/vicente\/wp-json\/wp\/v2\/posts\/10758\/revisions\/10759"}],"wp:attachment":[{"href":"https:\/\/blogs.correiobraziliense.com.br\/vicente\/wp-json\/wp\/v2\/media?parent=10758"}],"wp:term":[{"taxonomy":"category","embeddable":true,"href":"https:\/\/blogs.correiobraziliense.com.br\/vicente\/wp-json\/wp\/v2\/categories?post=10758"},{"taxonomy":"post_tag","embeddable":true,"href":"https:\/\/blogs.correiobraziliense.com.br\/vicente\/wp-json\/wp\/v2\/tags?post=10758"}],"curies":[{"name":"wp","href":"https:\/\/api.w.org\/{rel}","templated":true}]}}