{"id":10749,"date":"2019-05-17T18:22:57","date_gmt":"2019-05-17T21:22:57","guid":{"rendered":"https:\/\/blogs.correiobraziliense.com.br\/vicente\/?p=10749"},"modified":"2019-05-17T20:22:53","modified_gmt":"2019-05-17T23:22:53","slug":"bolsa-acumula-quedas-de-45-na-semana-e-de-66-em-maio","status":"publish","type":"post","link":"https:\/\/blogs.correiobraziliense.com.br\/vicente\/bolsa-acumula-quedas-de-45-na-semana-e-de-66-em-maio\/","title":{"rendered":"Bolsa acumula quedas de 4,5%, na semana, e de 6,6%, em maio"},"content":{"rendered":"<h2>ROSANA HESSEL<\/h2>\n<p>&nbsp;<\/p>\n<h2>O aumento da desconfian\u00e7a do mercado em rela\u00e7\u00e3o ao governo de Jair Bolsonaro castigou os ativos da Bolsa de Valores de S\u00e3o Paulo (B3) e derreteu o real que rompeu a barreira de R$ 4,10 frente ao d\u00f3lar. Em uma semana tumultuada tanto internamente quanto no exterior, o \u00cdndice Bovespa (Ibovespa) fechou em queda de 0,04%, nesta sexta-feira (17\/05), chegando a 89.993 pontos. No m\u00eas, a desvaloriza\u00e7\u00e3o acumulada do principal indicador da B3 est\u00e1 em 6,6%.<\/h2>\n<p>&nbsp;<\/p>\n<p>O d\u00f3lar subiu novamente e fechou em R$ 4,100 para a venda, registrando alta de 1,56% sobre a cota\u00e7\u00e3o da v\u00e9spera. Ao contr\u00e1rio de ontem, o cen\u00e1rio externo n\u00e3o ajudou a minimizar as perdas no c\u00e2mbio, porque apresentou mais turbul\u00eancias. Como\u00a0a divisa norte-americana chegou a ser negociada acima de R$ 4,11 na tarde de hoje, o Banco Central anunciou no in\u00edcio da noite a antecipa\u00e7\u00e3o da rolagem de contratos que venceriam em 4 de junho na semana que vem.\u00a0 Ao todo, a atua\u00e7\u00e3o do BC no mercado envolve a recompra de US$ 3,75 bilh\u00f5es, sendo que o volume di\u00e1rio de contratos entre segunda-feira (20) e quarta-feira (22) \u00e9 de US$ 1,25 bilh\u00e3o.<\/p>\n<p>&nbsp;<\/p>\n<p>&#8220;A semana n\u00e3o foi boa para o mercado financeiro. Come\u00e7ou com not\u00edcias ruins da retomada da guerra comercial envolvendo a China e os Estados Unidos, que piorou o cen\u00e1rio externo. No mercado dom\u00e9stico, o que podemos resumir as not\u00edcias negativas \u00e9 que ficou muito clara a falta de articula\u00e7\u00e3o pol\u00edtica por parte do governo e isso se refletiu n\u00e3o apenas na bolsa como tamb\u00e9m no c\u00e2mbio e nos juros futuros&#8221;, destacou Thiago Salom\u00e3o, analista da Rico Investimentos. Ele lembrou que os contratos futuros de curto prazo dos juros DI seguiram em alta pelo terceiro dia consecutivo.\u00a0&#8220;O mercado est\u00e1 bastante apreensivo&#8221;, destacou.<\/p>\n<p>&nbsp;<\/p>\n<p>Na avalia\u00e7\u00e3o de Salom\u00e3o, o relat\u00f3rio do Eurasia Group, divulgado hoje elevando as chances de aprova\u00e7\u00e3o da reforma da Previd\u00eancia ainda neste ano de 70% para 80%, ajudou a minimizar a perda da B3, que chegou a subir levemente ao longo do dia, mas acabou fechando no vermelho.<\/p>\n<p>&nbsp;<\/p>\n<p>&nbsp;<\/p>\n","protected":false},"excerpt":{"rendered":"<p>ROSANA HESSEL &nbsp; O aumento da desconfian\u00e7a do mercado em rela\u00e7\u00e3o ao governo de Jair Bolsonaro castigou os ativos da Bolsa de Valores de S\u00e3o Paulo (B3) e derreteu o real que rompeu a barreira de R$ 4,10 frente ao d\u00f3lar. Em uma semana tumultuada tanto internamente quanto no exterior, o \u00cdndice Bovespa (Ibovespa) fechou [&hellip;]<\/p>\n","protected":false},"author":22,"featured_media":0,"comment_status":"open","ping_status":"closed","sticky":false,"template":"","format":"standard","meta":{"footnotes":""},"categories":[600],"tags":[2393,2554,2939,343,3868,429],"class_list":["post-10749","post","type-post","status-publish","format-standard","hentry","category-economia","tag-bolsa","tag-bolsonaro","tag-bovespa","tag-dolar","tag-indice-bovespa","tag-previdencia"],"_links":{"self":[{"href":"https:\/\/blogs.correiobraziliense.com.br\/vicente\/wp-json\/wp\/v2\/posts\/10749","targetHints":{"allow":["GET"]}}],"collection":[{"href":"https:\/\/blogs.correiobraziliense.com.br\/vicente\/wp-json\/wp\/v2\/posts"}],"about":[{"href":"https:\/\/blogs.correiobraziliense.com.br\/vicente\/wp-json\/wp\/v2\/types\/post"}],"author":[{"embeddable":true,"href":"https:\/\/blogs.correiobraziliense.com.br\/vicente\/wp-json\/wp\/v2\/users\/22"}],"replies":[{"embeddable":true,"href":"https:\/\/blogs.correiobraziliense.com.br\/vicente\/wp-json\/wp\/v2\/comments?post=10749"}],"version-history":[{"count":7,"href":"https:\/\/blogs.correiobraziliense.com.br\/vicente\/wp-json\/wp\/v2\/posts\/10749\/revisions"}],"predecessor-version":[{"id":10762,"href":"https:\/\/blogs.correiobraziliense.com.br\/vicente\/wp-json\/wp\/v2\/posts\/10749\/revisions\/10762"}],"wp:attachment":[{"href":"https:\/\/blogs.correiobraziliense.com.br\/vicente\/wp-json\/wp\/v2\/media?parent=10749"}],"wp:term":[{"taxonomy":"category","embeddable":true,"href":"https:\/\/blogs.correiobraziliense.com.br\/vicente\/wp-json\/wp\/v2\/categories?post=10749"},{"taxonomy":"post_tag","embeddable":true,"href":"https:\/\/blogs.correiobraziliense.com.br\/vicente\/wp-json\/wp\/v2\/tags?post=10749"}],"curies":[{"name":"wp","href":"https:\/\/api.w.org\/{rel}","templated":true}]}}