{"id":10745,"date":"2019-05-17T16:48:46","date_gmt":"2019-05-17T19:48:46","guid":{"rendered":"https:\/\/blogs.correiobraziliense.com.br\/vicente\/?p=10745"},"modified":"2019-05-17T20:04:20","modified_gmt":"2019-05-17T23:04:20","slug":"deputados-querem-abandonar-reforma-da-previdencia-e-propor-uma-nova","status":"publish","type":"post","link":"https:\/\/blogs.correiobraziliense.com.br\/vicente\/deputados-querem-abandonar-reforma-da-previdencia-e-propor-uma-nova\/","title":{"rendered":"Deputados querem abandonar reforma da Previd\u00eancia e propor uma nova"},"content":{"rendered":"<h2>ALESSANDRA AZEVEDO<\/h2>\n<h2><\/h2>\n<h2>A C\u00e2mara pretende assumir oficialmente o protagonismo na discuss\u00e3o sobre a reforma da Previd\u00eancia. Deputados da Comiss\u00e3o Especial defendem colocar para vota\u00e7\u00e3o um substitutivo completamente diferente do texto original da Proposta de Emenda \u00e0 Constitui\u00e7\u00e3o (PEC) n\u00ba 6, enviado pelo governo. Eles v\u00e3o aproveitar que a PEC est\u00e1 na fase em que analisam o conte\u00fado para fazer mudan\u00e7as expressivas, que podem &#8220;desfigurar&#8221; a proposta da equipe econ\u00f4mica, e assumir a vers\u00e3o alternativa como de autoria do Congresso, sem o dedo do Executivo.<\/h2>\n<h2><\/h2>\n<p>Os deputados se recusam a ser meros \u201ccarimbadores\u201d da proposta do presidente Jair Bolsonaro, que tem uma p\u00e9ssima rela\u00e7\u00e3o com eles e n\u00e3o tem contribu\u00eddo para conseguir os 308 votos que ser\u00e3o necess\u00e1rios para aprova\u00e7\u00e3o no plen\u00e1rio. O presidente da Comiss\u00e3o Especial, Marcelo Ramos (PR-AM), disse ao blog que o objetivo \u00e9 que a C\u00e2mara tenha &#8220;maior protagonismo\u201d na reforma.<\/p>\n<p>&nbsp;<\/p>\n<p>A ideia conta com a simpatia de parlamentares de v\u00e1rios espectros pol\u00edticos e at\u00e9 do presidente da C\u00e2mara, Rodrigo Maia (DEM-RJ). \u201cO presidente est\u00e1 de acordo, est\u00e1 disposto. N\u00e3o vamos deixar de fazer o que o Brasil precisa\u201d, afirmou Ramos. Maia tem se esfor\u00e7ado mais do que Bolsonaro em busca de apoio \u00e0 reforma e tamb\u00e9m tem interesse em \u201cblindar\u201d a pauta econ\u00f4mica das pol\u00eamicas do governo.<\/p>\n<p>&nbsp;<\/p>\n<p>A nova vers\u00e3o ser\u00e1 apresentada pelo relator, Samuel Moreira (PSDB-SP), que considera fazer \u201caltera\u00e7\u00f5es significativas no projeto&#8221;. Mesmo com as mudan\u00e7as, os deputados pretendem manter a economia prevista com a proposta enviada pelo ministro da Economia, Paulo Guedes: por volta de R$ 1 trilh\u00e3o em 10 anos.<\/p>\n<p>&nbsp;<\/p>\n<p>Segundo Ramos, o cronograma da reforma n\u00e3o ser\u00e1 afetado. Ou seja, a expectativa continua sendo de aprov\u00e1-la at\u00e9 junho na comiss\u00e3o. Em seguida, o substitutivo, caso receba o aval do colegiado, vai para an\u00e1lise do plen\u00e1rio. &#8220;N\u00e3o reinicia a tramita\u00e7\u00e3o. A ideia \u00e9 que o relator, ap\u00f3s receber todas as emendas, construa um texto que mantenha a pot\u00eancia fiscal na ordem de R$ 1 trilh\u00e3o e que contemple os deputados de forma a garantir os 308 votos que o governo n\u00e3o tem conseguido garantir, sem nenhuma altera\u00e7\u00e3o no cronograma&#8221;, explicou.<\/p>\n<p>&nbsp;<\/p>\n<p>O substitutivo ser\u00e1 elaborado com base em sugest\u00f5es de parlamentares e especialistas, protocoladas na comiss\u00e3o na forma de emendas, que poder\u00e3o ser apresentas at\u00e9 o fim do m\u00eas. \u201cA ideia \u00e9 construir uma proposta que seja um mix das proposi\u00e7\u00f5es, mas garantindo o mesmo impacto fiscal\u201d, explicou Ramos.<\/p>\n<p>&nbsp;<\/p>\n<p>Muitas das propostas que podem ser inclu\u00eddas no substitutivo j\u00e1 foram discutidas durante a transi\u00e7\u00e3o do governo, como a do deputado Mauro Benevides Filho (PDT-CE), que participou da campanha de Ciro Gomes. O pedetista sugere, entre outros pontos, um sistema de capitaliza\u00e7\u00e3o com contribui\u00e7\u00e3o patronal obrigat\u00f3ria.<\/p>\n<p>&nbsp;<\/p>\n<p>Tamb\u00e9m seriam levadas em considera\u00e7\u00e3o as ideias do deputado Pompeo de Mattos (PDT-RS), que tem conversado sobre possibilidades diferentes do que prop\u00f5e governo, e de deputados do PSB. At\u00e9 esta sexta-feira (17\/5), a comiss\u00e3o havia recebido 15 emendas.<\/p>\n<p>&nbsp;<\/p>\n<p><em>Bras\u00edlia, 16h44min<\/em><\/p>\n","protected":false},"excerpt":{"rendered":"<p>ALESSANDRA AZEVEDO A C\u00e2mara pretende assumir oficialmente o protagonismo na discuss\u00e3o sobre a reforma da Previd\u00eancia. Deputados da Comiss\u00e3o Especial defendem colocar para vota\u00e7\u00e3o um substitutivo completamente diferente do texto original da Proposta de Emenda \u00e0 Constitui\u00e7\u00e3o (PEC) n\u00ba 6, enviado pelo governo. Eles v\u00e3o aproveitar que a PEC est\u00e1 na fase em que analisam [&hellip;]<\/p>\n","protected":false},"author":22,"featured_media":10747,"comment_status":"open","ping_status":"closed","sticky":false,"template":"","format":"standard","meta":{"footnotes":""},"categories":[600],"tags":[134,254,2497,3867,429,614],"class_list":["post-10745","post","type-post","status-publish","format-standard","has-post-thumbnail","hentry","category-economia","tag-camara","tag-congresso","tag-deputados","tag-paralamentares","tag-previdencia","tag-reforma"],"_links":{"self":[{"href":"https:\/\/blogs.correiobraziliense.com.br\/vicente\/wp-json\/wp\/v2\/posts\/10745","targetHints":{"allow":["GET"]}}],"collection":[{"href":"https:\/\/blogs.correiobraziliense.com.br\/vicente\/wp-json\/wp\/v2\/posts"}],"about":[{"href":"https:\/\/blogs.correiobraziliense.com.br\/vicente\/wp-json\/wp\/v2\/types\/post"}],"author":[{"embeddable":true,"href":"https:\/\/blogs.correiobraziliense.com.br\/vicente\/wp-json\/wp\/v2\/users\/22"}],"replies":[{"embeddable":true,"href":"https:\/\/blogs.correiobraziliense.com.br\/vicente\/wp-json\/wp\/v2\/comments?post=10745"}],"version-history":[{"count":3,"href":"https:\/\/blogs.correiobraziliense.com.br\/vicente\/wp-json\/wp\/v2\/posts\/10745\/revisions"}],"predecessor-version":[{"id":10760,"href":"https:\/\/blogs.correiobraziliense.com.br\/vicente\/wp-json\/wp\/v2\/posts\/10745\/revisions\/10760"}],"wp:featuredmedia":[{"embeddable":true,"href":"https:\/\/blogs.correiobraziliense.com.br\/vicente\/wp-json\/wp\/v2\/media\/10747"}],"wp:attachment":[{"href":"https:\/\/blogs.correiobraziliense.com.br\/vicente\/wp-json\/wp\/v2\/media?parent=10745"}],"wp:term":[{"taxonomy":"category","embeddable":true,"href":"https:\/\/blogs.correiobraziliense.com.br\/vicente\/wp-json\/wp\/v2\/categories?post=10745"},{"taxonomy":"post_tag","embeddable":true,"href":"https:\/\/blogs.correiobraziliense.com.br\/vicente\/wp-json\/wp\/v2\/tags?post=10745"}],"curies":[{"name":"wp","href":"https:\/\/api.w.org\/{rel}","templated":true}]}}