{"id":10741,"date":"2019-05-17T13:02:35","date_gmt":"2019-05-17T16:02:35","guid":{"rendered":"https:\/\/blogs.correiobraziliense.com.br\/vicente\/?p=10741"},"modified":"2019-05-17T13:09:07","modified_gmt":"2019-05-17T16:09:07","slug":"eurasia-estima-em-80-a-chance-de-aprovacao-da-reforma-da-previdencia-neste-ano","status":"publish","type":"post","link":"https:\/\/blogs.correiobraziliense.com.br\/vicente\/eurasia-estima-em-80-a-chance-de-aprovacao-da-reforma-da-previdencia-neste-ano\/","title":{"rendered":"Eurasia estima em 80% a chance de aprova\u00e7\u00e3o da reforma da Previd\u00eancia neste ano"},"content":{"rendered":"<h2><span style=\"font-weight: 400\">ROSANA HESSEL<\/span><\/h2>\n<h2><\/h2>\n<h2><span style=\"font-weight: 400\">O Eurasia Group elevou a previs\u00e3o de aprova\u00e7\u00e3o da reforma da Previd\u00eancia ainda neste ano de 70% para 80%, devido \u00e0 maior apoio entre os parlamentares. Contudo, as chances de desidrata\u00e7\u00e3o da proposta enviada pelo Executivo ao Congresso s\u00e3o grandes. As estimativas projetadas pela consultoria norte-americana indicam que a economia da proposta em 10 anos ficar\u00e1 entre R$ 500 bilh\u00f5es e R$ 700 bilh\u00f5es, ou seja, praticamente a metade da previs\u00e3o inicial de quase R$ 1,2 trilh\u00e3o.<\/span><\/h2>\n<h2><\/h2>\n<p><span style=\"font-weight: 400\">Conforme o\u00a0 relat\u00f3rio do Eurasia Group divulgado nesta sexta-feira (17\/05), \u00a0o n\u00famero de legisladores que se op\u00f5em fortemente \u00e0 reforma previdenci\u00e1ria, apesar de quaisquer futuras concess\u00f5es, diminuiu de uma m\u00e9dia de 179, em mar\u00e7o, para 150, em maio. Segundo a consultoria as an\u00e1lises anal\u00edticas do comportamento dos parlamentares indica que \u201co n\u00famero de legisladores que est\u00e3o se posicionando contra a reforma est\u00e1 diminuindo\u201d.\u00a0<\/span><span style=\"font-weight: 400\">\u201cDado este desenvolvimento, e pouca mudan\u00e7a na opini\u00e3o p\u00fablica, as chances de passagem neste ano subiram de 70% para 80%\u201d, afirmou o relat\u00f3rio da equipe liderada pelo diretor geral para as Am\u00e9ricas do Eurasia, Christopher Garman. \u00a0<\/span><\/p>\n<p>&nbsp;<\/p>\n<p><span style=\"font-weight: 400\">Ao mesmo tempo, cresce a expectativa de dilui\u00e7\u00e3o da proposta, com a exclus\u00e3o de mudan\u00e7as que atingem os mais pobres, como a aposentadoria rural e o Benef\u00edcio de Presta\u00e7\u00e3o Continuada (BPC). &#8220;<\/span><span style=\"font-weight: 400\">Consultas com legisladores de centro continuam mostrando que est\u00e3o buscando um equil\u00edbrio entre o fracasso em aprovar qualquer reforma com a elimina\u00e7\u00e3o de elementos do projeto de lei para mitigar os riscos de uma rea\u00e7\u00e3o p\u00fablica\u201d, informou o documento.<\/span><\/p>\n<p>&nbsp;<\/p>\n<p><span style=\"font-weight: 400\">O levantamento destacou ainda que, apesar de o presidente Jair Bolsonaro est\u00e1 fazendo pequenas incurs\u00f5es para construir uma maioria legislativa \u00e9 \u201cimprov\u00e1vel que o presidente \u00a0construa uma coaliz\u00e3o majorit\u00e1ria no Congresso\u201d. \u201cH\u00e1 sinais crescentes de que os legisladores est\u00e3o se movendo para aprovar uma vers\u00e3o da proposta de reforma das pens\u00f5es do governo (PEC 6\/2019).&#8221;\u00a0<\/span><\/p>\n<p>&nbsp;<\/p>\n<p><span style=\"font-weight: 400\">Um dos motivos para essa mudan\u00e7a de comportamento dos parlamentares, \u00e9 que os integrantes do centro \u201cparecem ter maior reconhecimento sobre os custos de oportunidade de um cen\u00e1rio em que nada \u00e9 aprovado\u201d. A queda nas proje\u00e7\u00f5es do mercado para o crescimento do Produto Interno Bruto (PIB) neste ano, atualmente em 1,45%, indicando que a economia est\u00e1 estagnada, tem preocupado os integrantes do Congresso e ajudado no aumento das previs\u00f5es de aprova\u00e7\u00e3o. <\/span><\/p>\n<p>&nbsp;<\/p>\n<p><span style=\"font-weight: 400\">\u201cOs legisladores n\u00e3o s\u00e3o cegos para tal desenvolvimento. Nossas consultas no Congresso sugerem que eles est\u00e3o cada vez mais conscientes de que todos perdem com um cen\u00e1rio de crise econ\u00f4mica e \/ou estagna\u00e7\u00e3o sustentada &#8212; que aconteceria se nenhum ajuste fiscal fosse feito\u201d, explicou o estudo. \u00a0<\/span><\/p>\n<p>&nbsp;<\/p>\n<p><span style=\"font-weight: 400\">Outro fator que tem contribu\u00eddo para uma melhora na aposta de aprova\u00e7\u00e3o da reforma apontado pelo Eurasia Group \u00e9 a articula\u00e7\u00e3o do presidente da C\u00e2mara dos Deputados, Rodrigo Maia, que sempre defendeu a mudan\u00e7a no sistema de aposentadorias e tem um papel important\u00edssimo nesse processo. <\/span><\/p>\n","protected":false},"excerpt":{"rendered":"<p>ROSANA HESSEL O Eurasia Group elevou a previs\u00e3o de aprova\u00e7\u00e3o da reforma da Previd\u00eancia ainda neste ano de 70% para 80%, devido \u00e0 maior apoio entre os parlamentares. Contudo, as chances de desidrata\u00e7\u00e3o da proposta enviada pelo Executivo ao Congresso s\u00e3o grandes. As estimativas projetadas pela consultoria norte-americana indicam que a economia da proposta em [&hellip;]<\/p>\n","protected":false},"author":22,"featured_media":0,"comment_status":"open","ping_status":"closed","sticky":false,"template":"","format":"standard","meta":{"footnotes":""},"categories":[600],"tags":[2554,254,3866,933],"class_list":["post-10741","post","type-post","status-publish","format-standard","hentry","category-economia","tag-bolsonaro","tag-congresso","tag-eurasia","tag-reforma-da-previdencia"],"_links":{"self":[{"href":"https:\/\/blogs.correiobraziliense.com.br\/vicente\/wp-json\/wp\/v2\/posts\/10741","targetHints":{"allow":["GET"]}}],"collection":[{"href":"https:\/\/blogs.correiobraziliense.com.br\/vicente\/wp-json\/wp\/v2\/posts"}],"about":[{"href":"https:\/\/blogs.correiobraziliense.com.br\/vicente\/wp-json\/wp\/v2\/types\/post"}],"author":[{"embeddable":true,"href":"https:\/\/blogs.correiobraziliense.com.br\/vicente\/wp-json\/wp\/v2\/users\/22"}],"replies":[{"embeddable":true,"href":"https:\/\/blogs.correiobraziliense.com.br\/vicente\/wp-json\/wp\/v2\/comments?post=10741"}],"version-history":[{"count":3,"href":"https:\/\/blogs.correiobraziliense.com.br\/vicente\/wp-json\/wp\/v2\/posts\/10741\/revisions"}],"predecessor-version":[{"id":10744,"href":"https:\/\/blogs.correiobraziliense.com.br\/vicente\/wp-json\/wp\/v2\/posts\/10741\/revisions\/10744"}],"wp:attachment":[{"href":"https:\/\/blogs.correiobraziliense.com.br\/vicente\/wp-json\/wp\/v2\/media?parent=10741"}],"wp:term":[{"taxonomy":"category","embeddable":true,"href":"https:\/\/blogs.correiobraziliense.com.br\/vicente\/wp-json\/wp\/v2\/categories?post=10741"},{"taxonomy":"post_tag","embeddable":true,"href":"https:\/\/blogs.correiobraziliense.com.br\/vicente\/wp-json\/wp\/v2\/tags?post=10741"}],"curies":[{"name":"wp","href":"https:\/\/api.w.org\/{rel}","templated":true}]}}