{"id":10716,"date":"2019-05-16T18:07:50","date_gmt":"2019-05-16T21:07:50","guid":{"rendered":"https:\/\/blogs.correiobraziliense.com.br\/vicente\/?p=10716"},"modified":"2019-05-16T18:40:03","modified_gmt":"2019-05-16T21:40:03","slug":"bolsa-cai-para-90-mil-pontos-e-dolar-fica-acima-de-r-4","status":"publish","type":"post","link":"https:\/\/blogs.correiobraziliense.com.br\/vicente\/bolsa-cai-para-90-mil-pontos-e-dolar-fica-acima-de-r-4\/","title":{"rendered":"Bolsa cai para 90 mil pontos e d\u00f3lar fica acima de R$ 4"},"content":{"rendered":"<h2><a href=\"https:\/\/blogs.correiobraziliense.com.br\/vicente\/wp-content\/uploads\/sites\/16\/2019\/05\/dolar.jpg\"><img loading=\"lazy\" decoding=\"async\" class=\"wp-image-10722 alignleft\" src=\"https:\/\/blogs.correiobraziliense.com.br\/vicente\/wp-content\/uploads\/sites\/16\/2019\/05\/dolar.jpg\" alt=\"\" width=\"657\" height=\"438\" srcset=\"https:\/\/blogs.correiobraziliense.com.br\/vicente\/wp-content\/uploads\/sites\/16\/2019\/05\/dolar.jpg 800w, https:\/\/blogs.correiobraziliense.com.br\/vicente\/wp-content\/uploads\/sites\/16\/2019\/05\/dolar-300x200.jpg 300w, https:\/\/blogs.correiobraziliense.com.br\/vicente\/wp-content\/uploads\/sites\/16\/2019\/05\/dolar-768x512.jpg 768w, https:\/\/blogs.correiobraziliense.com.br\/vicente\/wp-content\/uploads\/sites\/16\/2019\/05\/dolar-350x233.jpg 350w, https:\/\/blogs.correiobraziliense.com.br\/vicente\/wp-content\/uploads\/sites\/16\/2019\/05\/dolar-550x366.jpg 550w, https:\/\/blogs.correiobraziliense.com.br\/vicente\/wp-content\/uploads\/sites\/16\/2019\/05\/dolar-230x153.jpg 230w\" sizes=\"auto, (max-width: 657px) 100vw, 657px\" \/><\/a><\/h2>\n<h2>ROSANA HESSEL<\/h2>\n<h2><\/h2>\n<h2>A maldi\u00e7\u00e3o de maio est\u00e1 firme e forte. A falta de traquejo pol\u00edtico do governo derrubou a Bolsa de Valores de S\u00e3o Paulo (B3) e ajudou a desvalorizar o real frente ao d\u00f3lar nesta quinta-feira (16\/05).\u00a0\u00a0O \u00cdndice Bovespa (Ibovespa) desabou 1,75%, encerrando o preg\u00e3o nos 90.024 pontos, a menor pontua\u00e7\u00e3o durante a administra\u00e7\u00e3o de Jair Bolsonaro. O d\u00f3lar subiu 1%, encerrando a R$ 4,04 para a venda.<\/h2>\n<h2><\/h2>\n<p>Esse \u00e9 maior valor da divisa norte-americana desde 25 de setembro de 2018.\u00a0&#8220;Voltamos ao patamar pr\u00e9-elei\u00e7\u00e3o, quando as incertezas eram enormes no mercado&#8221;, comparou Gustavo Cruz, economista da escola de neg\u00f3cios Proseek. O medo \u00e9 de que a forte alta do d\u00f3lar pressione a infla\u00e7\u00e3o num momento em que o mercado discute a possibilidade de o Banco Central voltar a cortar a taxa b\u00e1sica de juros (Selic).<\/p>\n<p>&nbsp;<\/p>\n<p>O cen\u00e1rio externo estava mais favor\u00e1vel hoje, com as bolsas dos Estados Unidos, da Europa e da \u00c1sia em alta, devido ao arrefecimento moment\u00e2neo nas tens\u00f5es entre o presidente dos EUA, Donald Trump, e os chineses. Esse desempenho evitou algo pior.\u00a0&#8220;Esse ambiente menos tenso l\u00e1 fora ajudou a evitar que as quedas da B3 e do real n\u00e3o fossem ainda maiores&#8221;, avaliou Pablo Spyer, diretor da corretora Mirae Asset.<\/p>\n<p>&nbsp;<\/p>\n<p>Segundo ele, al\u00e9m de toda a tens\u00e3o em rela\u00e7\u00e3o ao governo, pois a reforma da Previd\u00eancia pode atrasar muito mais que o previsto, a queda do Ibovespa foi puxada, pela desvaloriza\u00e7\u00e3o das a\u00e7\u00f5es da Vale, que admitiu, nesta tarde, novo risco de rompimento de outra barragem em Bar\u00e3o de Cocais (MG). A empresa emitiu um sinal de alerta que deixou os investidores em p\u00e2nico. A mineradora \u00e9 respons\u00e1vel pelos dois maiores desastres ambientais do pa\u00eds, o de Mariana e o de Sobradinho.<\/p>\n<p>&nbsp;<\/p>\n<p>Quanto ao d\u00f3lar, a tend\u00eancia de alta se mant\u00e9m, pois n\u00e3o se espera uma tr\u00e9gua na pol\u00edtica. O que se v\u00ea \u00e9 um governo cada vez mais desgastado no Congresso, e, pior, envolvido em den\u00fancias de irregularidades. O filho mais velho do presidente, o senador Fl\u00e1vio, \u00e9 acusado pelo Minist\u00e9rio P\u00fablico de ter se beneficiado de um esquema de rateio de sal\u00e1rios de servidores de seu gabinete, quando deputado estadual no Rio, e usado o mercado de im\u00f3veis para dar legalidade aos recursos.<\/p>\n<p>&nbsp;<\/p>\n<p><em>Bras\u00edlia, 18h07min<\/em><\/p>\n<p>&nbsp;<\/p>\n","protected":false},"excerpt":{"rendered":"<p>ROSANA HESSEL A maldi\u00e7\u00e3o de maio est\u00e1 firme e forte. A falta de traquejo pol\u00edtico do governo derrubou a Bolsa de Valores de S\u00e3o Paulo (B3) e ajudou a desvalorizar o real frente ao d\u00f3lar nesta quinta-feira (16\/05).\u00a0\u00a0O \u00cdndice Bovespa (Ibovespa) desabou 1,75%, encerrando o preg\u00e3o nos 90.024 pontos, a menor pontua\u00e7\u00e3o durante a administra\u00e7\u00e3o [&hellip;]<\/p>\n","protected":false},"author":22,"featured_media":0,"comment_status":"open","ping_status":"closed","sticky":false,"template":"","format":"standard","meta":{"footnotes":""},"categories":[600],"tags":[2393,2554,2939,343],"class_list":["post-10716","post","type-post","status-publish","format-standard","hentry","category-economia","tag-bolsa","tag-bolsonaro","tag-bovespa","tag-dolar"],"_links":{"self":[{"href":"https:\/\/blogs.correiobraziliense.com.br\/vicente\/wp-json\/wp\/v2\/posts\/10716","targetHints":{"allow":["GET"]}}],"collection":[{"href":"https:\/\/blogs.correiobraziliense.com.br\/vicente\/wp-json\/wp\/v2\/posts"}],"about":[{"href":"https:\/\/blogs.correiobraziliense.com.br\/vicente\/wp-json\/wp\/v2\/types\/post"}],"author":[{"embeddable":true,"href":"https:\/\/blogs.correiobraziliense.com.br\/vicente\/wp-json\/wp\/v2\/users\/22"}],"replies":[{"embeddable":true,"href":"https:\/\/blogs.correiobraziliense.com.br\/vicente\/wp-json\/wp\/v2\/comments?post=10716"}],"version-history":[{"count":15,"href":"https:\/\/blogs.correiobraziliense.com.br\/vicente\/wp-json\/wp\/v2\/posts\/10716\/revisions"}],"predecessor-version":[{"id":10733,"href":"https:\/\/blogs.correiobraziliense.com.br\/vicente\/wp-json\/wp\/v2\/posts\/10716\/revisions\/10733"}],"wp:attachment":[{"href":"https:\/\/blogs.correiobraziliense.com.br\/vicente\/wp-json\/wp\/v2\/media?parent=10716"}],"wp:term":[{"taxonomy":"category","embeddable":true,"href":"https:\/\/blogs.correiobraziliense.com.br\/vicente\/wp-json\/wp\/v2\/categories?post=10716"},{"taxonomy":"post_tag","embeddable":true,"href":"https:\/\/blogs.correiobraziliense.com.br\/vicente\/wp-json\/wp\/v2\/tags?post=10716"}],"curies":[{"name":"wp","href":"https:\/\/api.w.org\/{rel}","templated":true}]}}