{"id":10698,"date":"2019-05-16T14:35:23","date_gmt":"2019-05-16T17:35:23","guid":{"rendered":"https:\/\/blogs.correiobraziliense.com.br\/vicente\/?p=10698"},"modified":"2019-05-16T15:19:52","modified_gmt":"2019-05-16T18:19:52","slug":"bank-of-america-ve-selic-a-550-aumenta-pressao-sobre-banco-central","status":"publish","type":"post","link":"https:\/\/blogs.correiobraziliense.com.br\/vicente\/bank-of-america-ve-selic-a-550-aumenta-pressao-sobre-banco-central\/","title":{"rendered":"Bank of America v\u00ea Selic a 5,50%. Aumenta press\u00e3o sobre Banco Central"},"content":{"rendered":"<h2>Ainda que o presidente do Banco Central, Roberto Campos Neto, afirme que a taxa b\u00e1sica de juros (Selic), de 6,50% ao ano, esteja em um n\u00edvel adequado para estimular a atividade econ\u00f4mica, a press\u00e3o sobre a institui\u00e7\u00e3o vai aumentar.<\/h2>\n<p>&nbsp;<\/p>\n<figure id=\"attachment_10090\" aria-describedby=\"caption-attachment-10090\" style=\"width: 654px\" class=\"wp-caption alignleft\"><a href=\"https:\/\/blogs.correiobraziliense.com.br\/vicente\/wp-content\/uploads\/sites\/16\/2019\/02\/bc.jpg\"><img loading=\"lazy\" decoding=\"async\" class=\" wp-image-10090\" src=\"https:\/\/blogs.correiobraziliense.com.br\/vicente\/wp-content\/uploads\/sites\/16\/2019\/02\/bc-1024x682.jpg\" alt=\"Bolsonaro e Roberto Campos Neto\" width=\"654\" height=\"436\" srcset=\"https:\/\/blogs.correiobraziliense.com.br\/vicente\/wp-content\/uploads\/sites\/16\/2019\/02\/bc-1024x682.jpg 1024w, https:\/\/blogs.correiobraziliense.com.br\/vicente\/wp-content\/uploads\/sites\/16\/2019\/02\/bc-300x200.jpg 300w, https:\/\/blogs.correiobraziliense.com.br\/vicente\/wp-content\/uploads\/sites\/16\/2019\/02\/bc-768x512.jpg 768w, https:\/\/blogs.correiobraziliense.com.br\/vicente\/wp-content\/uploads\/sites\/16\/2019\/02\/bc-350x233.jpg 350w, https:\/\/blogs.correiobraziliense.com.br\/vicente\/wp-content\/uploads\/sites\/16\/2019\/02\/bc-550x367.jpg 550w, https:\/\/blogs.correiobraziliense.com.br\/vicente\/wp-content\/uploads\/sites\/16\/2019\/02\/bc-230x153.jpg 230w, https:\/\/blogs.correiobraziliense.com.br\/vicente\/wp-content\/uploads\/sites\/16\/2019\/02\/bc.jpg 1280w\" sizes=\"auto, (max-width: 654px) 100vw, 654px\" \/><\/a><figcaption id=\"caption-attachment-10090\" class=\"wp-caption-text\"><strong>Cr\u00e9dito:<\/strong> Marcos Corr\u00eaa\/PR<\/figcaption><\/figure>\n<p>Com base em relat\u00f3rios de bancos \u2014 nesta quinta-feira (16\/05), foi a vez de o Bank of America anunciar que prev\u00ea o corte da Selic para 5,50% neste ano \u2014, parte do governo j\u00e1 come\u00e7a a levantar a possibilidade de o Banco Central ser o salvador da lavoura.<\/p>\n<p>&nbsp;<\/p>\n<p>Tanto no Pal\u00e1cio do Planalto, entre os assessores mais pr\u00f3ximos do presidente Jair Bolsonaro, quanto na equipe econ\u00f4mica, t\u00e9cnicos dizem que seria muito importante o BC iniciar, j\u00e1 na pr\u00f3xima reuni\u00e3o do Comit\u00ea de Pol\u00edtica Monet\u00e1ria (Copom), em julho, o corte da Selic. Assim, acreditam esses t\u00e9cnicos, os agentes econ\u00f4micos se sentiriam mais confort\u00e1veis para investir, produzir e consumir.<\/p>\n<p>&nbsp;<\/p>\n<p>\u00c9 importante, por\u00e9m, combinar o jogo com os bancos. De nada adiantar\u00e1 o BC reduzir a Selic se n\u00e3o houver repasse dessa queda para as taxas cobradas em empr\u00e9stimos e financiamentos. Os bancos est\u00e3o no topo dos grupos mais pessimistas em rela\u00e7\u00e3o ao governo. Nesses momentos, costumam encarecer o cr\u00e9dito e serem mais seletivos nas opera\u00e7\u00f5es.<\/p>\n<p>&nbsp;<\/p>\n<p><strong>PIB em baixa<\/strong><\/p>\n<p>&nbsp;<\/p>\n<p>O BC, na ata mais recente do Copom, admitiu que a economia est\u00e1 afundando, tanto que o Produto Interno Bruto (PIB) teve queda no primeiro trimestre do ano. Em seu indicador pr\u00e9vio do PIB, o IBC-Br, o Banco Central estimou em 0,68% o recuo da economia entre janeiro e mar\u00e7o.<\/p>\n<p>&nbsp;<\/p>\n<p>Muitos est\u00e3o se perguntando como Roberto Campos Neto vai lidar com a press\u00e3o pol\u00edtica para corte de juros. No Congresso, nesta quinta-feira, ele disse que h\u00e1 tr\u00eas condi\u00e7\u00f5es que devem ser consideradas para os rumos da taxa de juros, para cima ou para baixo: a aprova\u00e7\u00e3o da reforma da Previd\u00eancia, o quadro internacional e o hiato do produto (o quanto a economia est\u00e1 crescendo em rela\u00e7\u00e3o a seu potencial).<\/p>\n<p>&nbsp;<\/p>\n<p>Levando em considera\u00e7\u00e3o esses esses pontos, neste momento, ressaltou o presidente do BC, n\u00e3o h\u00e1 porque cortar os juros. A reforma da Previd\u00eancia est\u00e1 longe de ser aprovada e o quadro internacional se mostra muito confuso. No caso do hiato do produto, sim, haveria espa\u00e7o para redu\u00e7\u00e3o da Selic, pois o PIB est\u00e1 avan\u00e7ando muito abaixo do que poderia e deveria.<\/p>\n<p>&nbsp;<\/p>\n<p>Campos Neto acredita, por\u00e9m, que o segundo semestre ser\u00e1 de atividade econ\u00f4mica mais forte, com infla\u00e7\u00e3o ancorada nas metas. \u00c9 um bom cen\u00e1rio para o BC, contudo, n\u00e3o para afrouxar a pol\u00edtica monet\u00e1ria, um dos poucos focos de credibilidade dentro do governo.<\/p>\n<p>&nbsp;<\/p>\n<p>Por\u00e9m, como se diz em Bras\u00edlia, as portas est\u00e3o abertas para tudo, inclusive para o BC cortar os juros.<\/p>\n<p>&nbsp;<\/p>\n<p><em>Bras\u00edlia, 14h35min<\/em><\/p>\n","protected":false},"excerpt":{"rendered":"<p>Ainda que o presidente do Banco Central, Roberto Campos Neto, afirme que a taxa b\u00e1sica de juros (Selic), de 6,50% ao ano, esteja em um n\u00edvel adequado para estimular a atividade econ\u00f4mica, a press\u00e3o sobre a institui\u00e7\u00e3o vai aumentar. &nbsp; Com base em relat\u00f3rios de bancos \u2014 nesta quinta-feira (16\/05), foi a vez de o [&hellip;]<\/p>\n","protected":false},"author":22,"featured_media":0,"comment_status":"open","ping_status":"closed","sticky":false,"template":"","format":"standard","meta":{"footnotes":""},"categories":[600],"tags":[3,3857,2554,1158,4,3714,34],"class_list":["post-10698","post","type-post","status-publish","format-standard","hentry","category-economia","tag-banco-central","tag-bank-of-america","tag-bolsonaro","tag-corte","tag-juros","tag-roberto-campos-neto","tag-selic"],"_links":{"self":[{"href":"https:\/\/blogs.correiobraziliense.com.br\/vicente\/wp-json\/wp\/v2\/posts\/10698","targetHints":{"allow":["GET"]}}],"collection":[{"href":"https:\/\/blogs.correiobraziliense.com.br\/vicente\/wp-json\/wp\/v2\/posts"}],"about":[{"href":"https:\/\/blogs.correiobraziliense.com.br\/vicente\/wp-json\/wp\/v2\/types\/post"}],"author":[{"embeddable":true,"href":"https:\/\/blogs.correiobraziliense.com.br\/vicente\/wp-json\/wp\/v2\/users\/22"}],"replies":[{"embeddable":true,"href":"https:\/\/blogs.correiobraziliense.com.br\/vicente\/wp-json\/wp\/v2\/comments?post=10698"}],"version-history":[{"count":1,"href":"https:\/\/blogs.correiobraziliense.com.br\/vicente\/wp-json\/wp\/v2\/posts\/10698\/revisions"}],"predecessor-version":[{"id":10699,"href":"https:\/\/blogs.correiobraziliense.com.br\/vicente\/wp-json\/wp\/v2\/posts\/10698\/revisions\/10699"}],"wp:attachment":[{"href":"https:\/\/blogs.correiobraziliense.com.br\/vicente\/wp-json\/wp\/v2\/media?parent=10698"}],"wp:term":[{"taxonomy":"category","embeddable":true,"href":"https:\/\/blogs.correiobraziliense.com.br\/vicente\/wp-json\/wp\/v2\/categories?post=10698"},{"taxonomy":"post_tag","embeddable":true,"href":"https:\/\/blogs.correiobraziliense.com.br\/vicente\/wp-json\/wp\/v2\/tags?post=10698"}],"curies":[{"name":"wp","href":"https:\/\/api.w.org\/{rel}","templated":true}]}}