{"id":10683,"date":"2019-05-15T18:25:06","date_gmt":"2019-05-15T21:25:06","guid":{"rendered":"https:\/\/blogs.correiobraziliense.com.br\/vicente\/?p=10683"},"modified":"2019-05-15T19:11:23","modified_gmt":"2019-05-15T22:11:23","slug":"governo-deu-calote-de-us-100-milhoes-na-embraer","status":"publish","type":"post","link":"https:\/\/blogs.correiobraziliense.com.br\/vicente\/governo-deu-calote-de-us-100-milhoes-na-embraer\/","title":{"rendered":"Governo deu calote de US$ 100 milh\u00f5es na Embraer"},"content":{"rendered":"<p>O governo aprovou com pompas e circunst\u00e2ncias a fus\u00e3o da Embraer com a Boeing, mas est\u00e1 descumprindo um acordo com a companhia brasileira. Balan\u00e7o da empresa divulgado nesta quarta-feira (15\/05) mostra um calote de US$ 100 milh\u00f5es dados pelo governo,<\/p>\n<p>&nbsp;<\/p>\n<p>&nbsp;<\/p>\n<p><a href=\"https:\/\/blogs.correiobraziliense.com.br\/vicente\/wp-content\/uploads\/sites\/16\/2019\/01\/Boeing.jpg\"><img loading=\"lazy\" decoding=\"async\" class=\"wp-image-9696 alignleft\" src=\"https:\/\/blogs.correiobraziliense.com.br\/vicente\/wp-content\/uploads\/sites\/16\/2019\/01\/Boeing.jpg\" alt=\"\" width=\"595\" height=\"446\" srcset=\"https:\/\/blogs.correiobraziliense.com.br\/vicente\/wp-content\/uploads\/sites\/16\/2019\/01\/Boeing.jpg 800w, https:\/\/blogs.correiobraziliense.com.br\/vicente\/wp-content\/uploads\/sites\/16\/2019\/01\/Boeing-300x225.jpg 300w, https:\/\/blogs.correiobraziliense.com.br\/vicente\/wp-content\/uploads\/sites\/16\/2019\/01\/Boeing-768x576.jpg 768w, https:\/\/blogs.correiobraziliense.com.br\/vicente\/wp-content\/uploads\/sites\/16\/2019\/01\/Boeing-350x263.jpg 350w, https:\/\/blogs.correiobraziliense.com.br\/vicente\/wp-content\/uploads\/sites\/16\/2019\/01\/Boeing-550x413.jpg 550w, https:\/\/blogs.correiobraziliense.com.br\/vicente\/wp-content\/uploads\/sites\/16\/2019\/01\/Boeing-230x173.jpg 230w\" sizes=\"auto, (max-width: 595px) 100vw, 595px\" \/><\/a><\/p>\n<p>A d\u00edvida se refere a projetos de defesa e foi acumulada no primeiro trimestre do ano. Nesse per\u00edodo, a Embraer recebeu apenas 25% do valor devido. Pelo informado pela companhia, a maior parte dos d\u00e9bitos do governo diz respeito ao\u00a0avi\u00e3o de transporte KC-390. A For\u00e7a A\u00e9rea Brasileira (FAB) encomendou 28 unidades dessas aeronaves.<\/p>\n<p>&nbsp;<\/p>\n<p>A preocupa\u00e7\u00e3o da Embraer \u00e9 grande, diante do corte de verbas das For\u00e7as Amardas. Estima-se que a tesoura passada pelo governo tenha atingindo 44% do total de desembolsos previstos para o ano. Se o Or\u00e7amento n\u00e3o for refeito, a tend\u00eancia \u00e9 de o calote aumentar.<\/p>\n<p>&nbsp;<\/p>\n<p><strong>Endividamento<\/strong><\/p>\n<p>&nbsp;<\/p>\n<p>A Embraer registrou\u00a0preju\u00edzo de R$ 160,8 milh\u00f5es no primeiro trimestre do ano, um aumento de 23% em rela\u00e7\u00e3o ao mesmo per\u00edodo do ano passado. A fabricante de avi\u00f5es declarou que os n\u00fameros n\u00e3o consideram os efeitos da separa\u00e7\u00e3o de ativos e passivos da avia\u00e7\u00e3o comercial decorrente da parceria com\u00a0Boeing<\/p>\n<p>&nbsp;<\/p>\n<p>De janeiro a mar\u00e7o, a receita da Embraer totalizou R$ 3,1 bilh\u00f5es, praticamente o mesmo n\u00edvel de igual per\u00edodo de 2018. O resultado operacional ficou negativo em R$ 53,7 milh\u00f5es, devido \u00e0 queda no volume de entregas comerciais no per\u00edodo<\/p>\n<p>&nbsp;<\/p>\n<p>No primeiro trimestre, o endividamento da Embraer recuou em R$ 156,1 milh\u00f5es, somando R$ 13,97 bilh\u00f5es. Desse total, R$ 12,8 bilh\u00f5es eram correspondentes \u00e0 d\u00edvida de longo prazo e R$ 1,16 bilh\u00e3o a d\u00e9bitos de curto prazo.<\/p>\n<p>&nbsp;<\/p>\n<p><em>Bras\u00edlia, 18h25min<\/em><\/p>\n<p>&nbsp;<\/p>\n","protected":false},"excerpt":{"rendered":"<p>O governo aprovou com pompas e circunst\u00e2ncias a fus\u00e3o da Embraer com a Boeing, mas est\u00e1 descumprindo um acordo com a companhia brasileira. Balan\u00e7o da empresa divulgado nesta quarta-feira (15\/05) mostra um calote de US$ 100 milh\u00f5es dados pelo governo, &nbsp; &nbsp; A d\u00edvida se refere a projetos de defesa e foi acumulada no primeiro [&hellip;]<\/p>\n","protected":false},"author":22,"featured_media":0,"comment_status":"open","ping_status":"closed","sticky":false,"template":"","format":"standard","meta":{"footnotes":""},"categories":[600],"tags":[6,3851,467,3853,3852],"class_list":["post-10683","post","type-post","status-publish","format-standard","hentry","category-economia","tag-calote","tag-embraer","tag-governo","tag-kc-390","tag-us-100-milhoes"],"_links":{"self":[{"href":"https:\/\/blogs.correiobraziliense.com.br\/vicente\/wp-json\/wp\/v2\/posts\/10683","targetHints":{"allow":["GET"]}}],"collection":[{"href":"https:\/\/blogs.correiobraziliense.com.br\/vicente\/wp-json\/wp\/v2\/posts"}],"about":[{"href":"https:\/\/blogs.correiobraziliense.com.br\/vicente\/wp-json\/wp\/v2\/types\/post"}],"author":[{"embeddable":true,"href":"https:\/\/blogs.correiobraziliense.com.br\/vicente\/wp-json\/wp\/v2\/users\/22"}],"replies":[{"embeddable":true,"href":"https:\/\/blogs.correiobraziliense.com.br\/vicente\/wp-json\/wp\/v2\/comments?post=10683"}],"version-history":[{"count":1,"href":"https:\/\/blogs.correiobraziliense.com.br\/vicente\/wp-json\/wp\/v2\/posts\/10683\/revisions"}],"predecessor-version":[{"id":10686,"href":"https:\/\/blogs.correiobraziliense.com.br\/vicente\/wp-json\/wp\/v2\/posts\/10683\/revisions\/10686"}],"wp:attachment":[{"href":"https:\/\/blogs.correiobraziliense.com.br\/vicente\/wp-json\/wp\/v2\/media?parent=10683"}],"wp:term":[{"taxonomy":"category","embeddable":true,"href":"https:\/\/blogs.correiobraziliense.com.br\/vicente\/wp-json\/wp\/v2\/categories?post=10683"},{"taxonomy":"post_tag","embeddable":true,"href":"https:\/\/blogs.correiobraziliense.com.br\/vicente\/wp-json\/wp\/v2\/tags?post=10683"}],"curies":[{"name":"wp","href":"https:\/\/api.w.org\/{rel}","templated":true}]}}