{"id":10672,"date":"2019-05-15T14:40:21","date_gmt":"2019-05-15T17:40:21","guid":{"rendered":"https:\/\/blogs.correiobraziliense.com.br\/vicente\/?p=10672"},"modified":"2019-05-15T16:34:53","modified_gmt":"2019-05-15T19:34:53","slug":"pm-diz-que-vai-investigar-policial-que-chamou-manifestantes-de-comunas","status":"publish","type":"post","link":"https:\/\/blogs.correiobraziliense.com.br\/vicente\/pm-diz-que-vai-investigar-policial-que-chamou-manifestantes-de-comunas\/","title":{"rendered":"PM diz que vai investigar policial que chamou manifestantes de &#8220;comunas&#8221;"},"content":{"rendered":"<p><a href=\"https:\/\/blogs.correiobraziliense.com.br\/vicente\/wp-content\/uploads\/sites\/16\/2019\/05\/PMDF.jpg\"><img loading=\"lazy\" decoding=\"async\" class=\"wp-image-10665 alignleft\" src=\"https:\/\/blogs.correiobraziliense.com.br\/vicente\/wp-content\/uploads\/sites\/16\/2019\/05\/PMDF.jpg\" alt=\"\" width=\"494\" height=\"597\" srcset=\"https:\/\/blogs.correiobraziliense.com.br\/vicente\/wp-content\/uploads\/sites\/16\/2019\/05\/PMDF.jpg 720w, https:\/\/blogs.correiobraziliense.com.br\/vicente\/wp-content\/uploads\/sites\/16\/2019\/05\/PMDF-248x300.jpg 248w, https:\/\/blogs.correiobraziliense.com.br\/vicente\/wp-content\/uploads\/sites\/16\/2019\/05\/PMDF-290x350.jpg 290w, https:\/\/blogs.correiobraziliense.com.br\/vicente\/wp-content\/uploads\/sites\/16\/2019\/05\/PMDF-550x665.jpg 550w, https:\/\/blogs.correiobraziliense.com.br\/vicente\/wp-content\/uploads\/sites\/16\/2019\/05\/PMDF-230x278.jpg 230w\" sizes=\"auto, (max-width: 494px) 100vw, 494px\" \/><\/a><\/p>\n<h2>SARAH PERES<\/h2>\n<h2><\/h2>\n<h2>A Pol\u00edcia Militar vai abrir sindic\u00e2ncia para apurar o <a href=\"http:\/\/Em rede social, PM diz que vai &quot;brincar com comunas&quot; na Esplanada\">comportamento de um\u00a0policial<\/a> que postou uma foto em uma rede social de dentro do \u00f4nibus da corpora\u00e7\u00e3o. Ele estava a caminho da Esplanada dos Minist\u00e9rios, onde h\u00e1 uma grande manifesta\u00e7\u00e3o de estudantes e professores contra o corte de verbas da educa\u00e7\u00e3o. O militar chamou os manifestantes de &#8220;comunas&#8221;.<\/h2>\n<p>&nbsp;<\/p>\n<p>Em nota , a Secretaria de Seguran\u00e7a P\u00fablica do Distrito Federal (SSP\/DF) informou que &#8220;a postagem do policial militar n\u00e3o condiz com o elevado padr\u00e3o profissional da Pol\u00edcia Militar do DF, al\u00e9m de contrariar normas de conduta preconizadas pela SSP\/DF. A pasta determinou que seja aberto procedimento administrativo para an\u00e1lise do caso&#8221;.<\/p>\n<p>&nbsp;<\/p>\n<p>Na postagem, o policial escreveu: &#8220;E vamos todos para o extra na esplanada brincar com os comunas\u201d. Muita gente viu a declara\u00e7\u00e3o como uma amea\u00e7a aos manifestantes. Tanto que a Comiss\u00e3o de Direitos Humanos da C\u00e2mara Distrital pediu investiga\u00e7\u00e3o sobre o caso.<\/p>\n<p>&nbsp;<\/p>\n<p>O clima na PM est\u00e1 tenso. Muito consideraram que o policial n\u00e3o precisava exp\u00f4r a corpora\u00e7\u00e3o desse jeito. A maior parte dos policias militares do Distrito Federal votou para a elei\u00e7\u00e3o do presidente Jair Bolsonaro, que vem dizendo que as universidades est\u00e3o dominadas &#8220;por esquerdistas e comunistas&#8221;.<\/p>\n<p>&nbsp;<\/p>\n<p><em>Bras\u00edlia, 14h40min<\/em><\/p>\n","protected":false},"excerpt":{"rendered":"<p>SARAH PERES A Pol\u00edcia Militar vai abrir sindic\u00e2ncia para apurar o comportamento de um\u00a0policial que postou uma foto em uma rede social de dentro do \u00f4nibus da corpora\u00e7\u00e3o. Ele estava a caminho da Esplanada dos Minist\u00e9rios, onde h\u00e1 uma grande manifesta\u00e7\u00e3o de estudantes e professores contra o corte de verbas da educa\u00e7\u00e3o. O militar chamou [&hellip;]<\/p>\n","protected":false},"author":22,"featured_media":0,"comment_status":"open","ping_status":"closed","sticky":false,"template":"","format":"standard","meta":{"footnotes":""},"categories":[600],"tags":[3195,3844,3847,2953,2498],"class_list":["post-10672","post","type-post","status-publish","format-standard","hentry","category-economia","tag-ameaca","tag-comunas","tag-manifestantes","tag-pm","tag-policia"],"_links":{"self":[{"href":"https:\/\/blogs.correiobraziliense.com.br\/vicente\/wp-json\/wp\/v2\/posts\/10672","targetHints":{"allow":["GET"]}}],"collection":[{"href":"https:\/\/blogs.correiobraziliense.com.br\/vicente\/wp-json\/wp\/v2\/posts"}],"about":[{"href":"https:\/\/blogs.correiobraziliense.com.br\/vicente\/wp-json\/wp\/v2\/types\/post"}],"author":[{"embeddable":true,"href":"https:\/\/blogs.correiobraziliense.com.br\/vicente\/wp-json\/wp\/v2\/users\/22"}],"replies":[{"embeddable":true,"href":"https:\/\/blogs.correiobraziliense.com.br\/vicente\/wp-json\/wp\/v2\/comments?post=10672"}],"version-history":[{"count":2,"href":"https:\/\/blogs.correiobraziliense.com.br\/vicente\/wp-json\/wp\/v2\/posts\/10672\/revisions"}],"predecessor-version":[{"id":10675,"href":"https:\/\/blogs.correiobraziliense.com.br\/vicente\/wp-json\/wp\/v2\/posts\/10672\/revisions\/10675"}],"wp:attachment":[{"href":"https:\/\/blogs.correiobraziliense.com.br\/vicente\/wp-json\/wp\/v2\/media?parent=10672"}],"wp:term":[{"taxonomy":"category","embeddable":true,"href":"https:\/\/blogs.correiobraziliense.com.br\/vicente\/wp-json\/wp\/v2\/categories?post=10672"},{"taxonomy":"post_tag","embeddable":true,"href":"https:\/\/blogs.correiobraziliense.com.br\/vicente\/wp-json\/wp\/v2\/tags?post=10672"}],"curies":[{"name":"wp","href":"https:\/\/api.w.org\/{rel}","templated":true}]}}