{"id":10670,"date":"2019-05-15T14:20:55","date_gmt":"2019-05-15T17:20:55","guid":{"rendered":"https:\/\/blogs.correiobraziliense.com.br\/vicente\/?p=10670"},"modified":"2019-05-15T16:37:19","modified_gmt":"2019-05-15T19:37:19","slug":"comissao-de-direitos-humanos-pede-apuracao-de-pm-que-ameacou-manifestantes","status":"publish","type":"post","link":"https:\/\/blogs.correiobraziliense.com.br\/vicente\/comissao-de-direitos-humanos-pede-apuracao-de-pm-que-ameacou-manifestantes\/","title":{"rendered":"Comiss\u00e3o de Direitos Humanos pede apura\u00e7\u00e3o de PM que &#8220;amea\u00e7ou&#8221; manifestantes"},"content":{"rendered":"<h2><a href=\"https:\/\/blogs.correiobraziliense.com.br\/vicente\/wp-content\/uploads\/sites\/16\/2019\/05\/PMDF.jpg\"><img loading=\"lazy\" decoding=\"async\" class=\"size-full wp-image-10665 alignleft\" src=\"https:\/\/blogs.correiobraziliense.com.br\/vicente\/wp-content\/uploads\/sites\/16\/2019\/05\/PMDF.jpg\" alt=\"\" width=\"720\" height=\"870\" srcset=\"https:\/\/blogs.correiobraziliense.com.br\/vicente\/wp-content\/uploads\/sites\/16\/2019\/05\/PMDF.jpg 720w, https:\/\/blogs.correiobraziliense.com.br\/vicente\/wp-content\/uploads\/sites\/16\/2019\/05\/PMDF-248x300.jpg 248w, https:\/\/blogs.correiobraziliense.com.br\/vicente\/wp-content\/uploads\/sites\/16\/2019\/05\/PMDF-290x350.jpg 290w, https:\/\/blogs.correiobraziliense.com.br\/vicente\/wp-content\/uploads\/sites\/16\/2019\/05\/PMDF-550x665.jpg 550w, https:\/\/blogs.correiobraziliense.com.br\/vicente\/wp-content\/uploads\/sites\/16\/2019\/05\/PMDF-230x278.jpg 230w\" sizes=\"auto, (max-width: 720px) 100vw, 720px\" \/><\/a><\/h2>\n<h2>SARAH PERES<\/h2>\n<h2><\/h2>\n<h2>A postagem realizada por um policial militar em uma rede social, <a href=\"https:\/\/blogs.correiobraziliense.com.br\/vicente\/em-rede-social-pm-diz-que-vai-brincar-com-comunas-na-esplanada\/\">como mostrou o <strong>Blog<\/strong><\/a>, causou alvoro\u00e7o nesta quarta-feira (15\/5). A publica\u00e7\u00e3o foi realizada enquanto uma equipe de militares se deslocava para a manifesta\u00e7\u00e3o da greve geral da educa\u00e7\u00e3o, que ocorre desde a manh\u00e3, na Esplanada dos Minist\u00e9rios. A Comiss\u00e3o de Direitos Humanos da C\u00e2mara Legislativa do Distrito Federal (CLDF) acionou a corregedoria da Pol\u00edcia Militar para apura\u00e7\u00e3o do caso. A corpora\u00e7\u00e3o alega que o material est\u00e1 sendo analisado.<\/h2>\n<p>&nbsp;<\/p>\n<p>\u201cE vamos todos para o extra na esplanada brincar com os comunas\u201d: este \u00e9 o texto postado com uma foto no Instagram. A imagem mostra dez policiais em um \u00f4nibus da PM. A frase foi interpretada como uma amea\u00e7a aos manifestantes. Esta tamb\u00e9m \u00e9 a an\u00e1lise da comiss\u00e3o da CLDF, a qual recebeu uma den\u00fancia em decorr\u00eancia da frase.<\/p>\n<p>&nbsp;<\/p>\n<p>O deputado distrital F\u00e1bio F\u00e9lix vai acionar a corregedoria da Pol\u00edcia Militar, para que sejam realizados os devidos esclarecimentos sobre a postura do servidor e as provid\u00eancias cab\u00edveis pela a\u00e7\u00e3o. \u201cA publica\u00e7\u00e3o \u00e9 grave e amea\u00e7a aos direitos humanos, \u00e0 liberdade de protesto, ambos garantidos pela Constitui\u00e7\u00e3o Federal. Essa viola\u00e7\u00e3o precisa ser investigada pelas autoridades competentes. N\u00e3o vamos aceitar que essa conduta fique impune\u201d, declara.<\/p>\n<p>&nbsp;<\/p>\n<p>Sobre o caso, o secret\u00e1rio de Seguran\u00e7a P\u00fablica, Anderson Torres, publicou no Twitter: \u201cA postagem do militar da PMDF n\u00e3o condiz com o elevado padr\u00e3o profissional daquela institui\u00e7\u00e3o e contraria as normas de conduta preconizadas pela SSPDF. Determinei que seja aberto procedimento administrativo para an\u00e1lise do caso.\u201d<\/p>\n<p>&nbsp;<\/p>\n<p>Em nota, o Centro de Comunica\u00e7\u00e3o da Pol\u00edcia Militar informou que a imagem est\u00e1 sendo \u201canalisada pela corregedoria e n\u00e3o temos como dar uma resposta agora. Estamos apurando todos os fatos envolvendo a publica\u00e7\u00e3o do policial\u201d.<\/p>\n<p>&nbsp;<\/p>\n<p>A manifesta\u00e7\u00e3o<\/p>\n<p>&nbsp;<\/p>\n<p>A greve geral da educa\u00e7\u00e3o ocorre contra os cortes na educa\u00e7\u00e3o realizados pelo governo do presidente Jair Bolsonaro. Entre as reivindica\u00e7\u00f5es est\u00e1 a revoga\u00e7\u00e3o da decis\u00e3o pelo fim das bolsas oferecidas aos estudantes de mestrado e doutorado das universidades de todo o pa\u00eds, o corte de 30% das verbas na educa\u00e7\u00e3o p\u00fablica federal e a reforma da previd\u00eancia.<\/p>\n<p>&nbsp;<\/p>\n<p><em>Bras\u00edlia, 14h20min<\/em><\/p>\n","protected":false},"excerpt":{"rendered":"<p>SARAH PERES A postagem realizada por um policial militar em uma rede social, como mostrou o Blog, causou alvoro\u00e7o nesta quarta-feira (15\/5). A publica\u00e7\u00e3o foi realizada enquanto uma equipe de militares se deslocava para a manifesta\u00e7\u00e3o da greve geral da educa\u00e7\u00e3o, que ocorre desde a manh\u00e3, na Esplanada dos Minist\u00e9rios. A Comiss\u00e3o de Direitos Humanos [&hellip;]<\/p>\n","protected":false},"author":22,"featured_media":0,"comment_status":"open","ping_status":"closed","sticky":false,"template":"","format":"standard","meta":{"footnotes":""},"categories":[600],"tags":[3195,3126,2238,3847,2953,891],"class_list":["post-10670","post","type-post","status-publish","format-standard","hentry","category-economia","tag-ameaca","tag-cortes","tag-educacao","tag-manifestantes","tag-pm","tag-redes-sociais"],"_links":{"self":[{"href":"https:\/\/blogs.correiobraziliense.com.br\/vicente\/wp-json\/wp\/v2\/posts\/10670","targetHints":{"allow":["GET"]}}],"collection":[{"href":"https:\/\/blogs.correiobraziliense.com.br\/vicente\/wp-json\/wp\/v2\/posts"}],"about":[{"href":"https:\/\/blogs.correiobraziliense.com.br\/vicente\/wp-json\/wp\/v2\/types\/post"}],"author":[{"embeddable":true,"href":"https:\/\/blogs.correiobraziliense.com.br\/vicente\/wp-json\/wp\/v2\/users\/22"}],"replies":[{"embeddable":true,"href":"https:\/\/blogs.correiobraziliense.com.br\/vicente\/wp-json\/wp\/v2\/comments?post=10670"}],"version-history":[{"count":2,"href":"https:\/\/blogs.correiobraziliense.com.br\/vicente\/wp-json\/wp\/v2\/posts\/10670\/revisions"}],"predecessor-version":[{"id":10676,"href":"https:\/\/blogs.correiobraziliense.com.br\/vicente\/wp-json\/wp\/v2\/posts\/10670\/revisions\/10676"}],"wp:attachment":[{"href":"https:\/\/blogs.correiobraziliense.com.br\/vicente\/wp-json\/wp\/v2\/media?parent=10670"}],"wp:term":[{"taxonomy":"category","embeddable":true,"href":"https:\/\/blogs.correiobraziliense.com.br\/vicente\/wp-json\/wp\/v2\/categories?post=10670"},{"taxonomy":"post_tag","embeddable":true,"href":"https:\/\/blogs.correiobraziliense.com.br\/vicente\/wp-json\/wp\/v2\/tags?post=10670"}],"curies":[{"name":"wp","href":"https:\/\/api.w.org\/{rel}","templated":true}]}}