{"id":10668,"date":"2019-05-15T13:02:07","date_gmt":"2019-05-15T16:02:07","guid":{"rendered":"https:\/\/blogs.correiobraziliense.com.br\/vicente\/?p=10668"},"modified":"2019-05-15T13:27:17","modified_gmt":"2019-05-15T16:27:17","slug":"investidores-querem-decisoes-com-militares-e-bolsonaro-como-rainha-da-inglaterra","status":"publish","type":"post","link":"https:\/\/blogs.correiobraziliense.com.br\/vicente\/investidores-querem-decisoes-com-militares-e-bolsonaro-como-rainha-da-inglaterra\/","title":{"rendered":"Investidores querem decis\u00f5es com militares e Bolsonaro como &#8220;rainha da Inglaterra&#8221;"},"content":{"rendered":"<h2>Depois de apoiarem abertamente a elei\u00e7\u00e3o de Jair Bolsonaro para a Presid\u00eancia da Rep\u00fablica, os investidores n\u00e3o escondem o arrependimento ante \u00e0 situa\u00e7\u00e3o dram\u00e1tica vivida pelo pa\u00eds. A aposta era de que, com a promessa de uma guinada liberal por parte do governo, a economia deslanchasse. Est\u00e1 acontecendo exatamente o contr\u00e1rio.<\/h2>\n<p>&nbsp;<\/p>\n<p><a href=\"https:\/\/blogs.correiobraziliense.com.br\/vicente\/wp-content\/uploads\/sites\/16\/2019\/03\/Bolsonaro2.jpg\"><img loading=\"lazy\" decoding=\"async\" class=\"wp-image-10126 alignleft\" src=\"https:\/\/blogs.correiobraziliense.com.br\/vicente\/wp-content\/uploads\/sites\/16\/2019\/03\/Bolsonaro2.jpg\" alt=\"\" width=\"617\" height=\"411\" srcset=\"https:\/\/blogs.correiobraziliense.com.br\/vicente\/wp-content\/uploads\/sites\/16\/2019\/03\/Bolsonaro2.jpg 820w, https:\/\/blogs.correiobraziliense.com.br\/vicente\/wp-content\/uploads\/sites\/16\/2019\/03\/Bolsonaro2-300x200.jpg 300w, https:\/\/blogs.correiobraziliense.com.br\/vicente\/wp-content\/uploads\/sites\/16\/2019\/03\/Bolsonaro2-768x511.jpg 768w, https:\/\/blogs.correiobraziliense.com.br\/vicente\/wp-content\/uploads\/sites\/16\/2019\/03\/Bolsonaro2-350x233.jpg 350w, https:\/\/blogs.correiobraziliense.com.br\/vicente\/wp-content\/uploads\/sites\/16\/2019\/03\/Bolsonaro2-550x366.jpg 550w, https:\/\/blogs.correiobraziliense.com.br\/vicente\/wp-content\/uploads\/sites\/16\/2019\/03\/Bolsonaro2-230x153.jpg 230w\" sizes=\"auto, (max-width: 617px) 100vw, 617px\" \/><\/a><\/p>\n<p>Na avalia\u00e7\u00e3o dos investidores, ante a incapacidade de Bolsonaro de formar um governo de coaliz\u00e3o forte para aprovar, sem traumas, os principais projetos no Congresso, melhor seria o presidente ficar &#8220;como uma rainha da Inglaterra&#8221; e todas as decis\u00f5es ficarem concentradas nas m\u00e3os do grupo militar, o lado mais sensato da atual administra\u00e7\u00e3o.<\/p>\n<p>&nbsp;<\/p>\n<p>Para os donos do dinheiro, se Bolsonaro n\u00e3o mudar o comportamento rapidamente, canalizando suas aten\u00e7\u00f5es e energia para o que realmente \u00e9 importante, como a aprova\u00e7\u00e3o da reforma da Previd\u00eancia, o pa\u00eds vai afundar. Eles lembram que o ministro da Economia, Paulo Guedes, disse que o Brasil est\u00e1 no fundo do po\u00e7o, mas, na verdade, o buraco \u00e9 muito maior. Ou seja, o fundo do po\u00e7o ainda n\u00e3o chegou.<\/p>\n<p>&nbsp;<\/p>\n<p><strong>Choque de realidade<\/strong><\/p>\n<p>&nbsp;<\/p>\n<p>Nas mesas de opera\u00e7\u00f5es de bancos e corretoras, o sentimento mescla decep\u00e7\u00e3o e nervosismo, pois o horizonte nublou por completo. Logo depois das elei\u00e7\u00f5es presidenciais, a confian\u00e7a dos agentes econ\u00f4micos voltou com tudo. Tanto que as proje\u00e7\u00f5es para a economia eram as melhores poss\u00edveis. Agora, todos os dias, os n\u00fameros s\u00e3o revistos para baixo.<\/p>\n<p>&nbsp;<\/p>\n<p>O Banco Central informou, nesta quarta-feira (15\/05), que a economia encolheu 0,68% nos primeiros tr\u00eas meses do ano. Foi o primeiro recuo da atividade desde o fim de 2016. N\u00e3o h\u00e1 perspectiva de melhora efetiva mais \u00e0 frente. Os analistas passaram a rever para baixo as proje\u00e7\u00f5es para o Produto Interno Bruto (PIB) de 2020.<\/p>\n<p>&nbsp;<\/p>\n<p>Segundo os investidores, Bolsonaro est\u00e1 &#8220;tendo um choque de realidade&#8221;. Ele acreditou que poderia governar o pa\u00eds pelas redes sociais e impondo uma agenda de costumes acima das quest\u00f5es econ\u00f4micas. Cinco meses depois de empossado, enfrenta queda na popularidade, economia em retra\u00e7\u00e3o e desemprego em alta. \u00c9 a vida real dando as caras.<\/p>\n<p>&nbsp;<\/p>\n<p>Resta saber, na opini\u00e3o dos investidores, se o presidente cair\u00e1 na real. As manifesta\u00e7\u00f5es contra o governo j\u00e1 est\u00e3o nas ruas. Come\u00e7aram com professores e estudantes contra o corte de gastos na educa\u00e7\u00e3o, mas podem ser engrossadas por caminhoneiros e trabalhadores de v\u00e1rias categorias. Ele est\u00e1 preparado para isso?<\/p>\n<p>&nbsp;<\/p>\n<p><em>Bras\u00edlia, 13h02min<\/em><\/p>\n","protected":false},"excerpt":{"rendered":"<p>Depois de apoiarem abertamente a elei\u00e7\u00e3o de Jair Bolsonaro para a Presid\u00eancia da Rep\u00fablica, os investidores n\u00e3o escondem o arrependimento ante \u00e0 situa\u00e7\u00e3o dram\u00e1tica vivida pelo pa\u00eds. A aposta era de que, com a promessa de uma guinada liberal por parte do governo, a economia deslanchasse. Est\u00e1 acontecendo exatamente o contr\u00e1rio. &nbsp; Na avalia\u00e7\u00e3o dos [&hellip;]<\/p>\n","protected":false},"author":22,"featured_media":0,"comment_status":"open","ping_status":"closed","sticky":false,"template":"","format":"standard","meta":{"footnotes":""},"categories":[600],"tags":[2554,202,199,769,3846],"class_list":["post-10668","post","type-post","status-publish","format-standard","hentry","category-economia","tag-bolsonaro","tag-decepcao","tag-investidores","tag-militares","tag-rainha-da-inglaterra"],"_links":{"self":[{"href":"https:\/\/blogs.correiobraziliense.com.br\/vicente\/wp-json\/wp\/v2\/posts\/10668","targetHints":{"allow":["GET"]}}],"collection":[{"href":"https:\/\/blogs.correiobraziliense.com.br\/vicente\/wp-json\/wp\/v2\/posts"}],"about":[{"href":"https:\/\/blogs.correiobraziliense.com.br\/vicente\/wp-json\/wp\/v2\/types\/post"}],"author":[{"embeddable":true,"href":"https:\/\/blogs.correiobraziliense.com.br\/vicente\/wp-json\/wp\/v2\/users\/22"}],"replies":[{"embeddable":true,"href":"https:\/\/blogs.correiobraziliense.com.br\/vicente\/wp-json\/wp\/v2\/comments?post=10668"}],"version-history":[{"count":1,"href":"https:\/\/blogs.correiobraziliense.com.br\/vicente\/wp-json\/wp\/v2\/posts\/10668\/revisions"}],"predecessor-version":[{"id":10669,"href":"https:\/\/blogs.correiobraziliense.com.br\/vicente\/wp-json\/wp\/v2\/posts\/10668\/revisions\/10669"}],"wp:attachment":[{"href":"https:\/\/blogs.correiobraziliense.com.br\/vicente\/wp-json\/wp\/v2\/media?parent=10668"}],"wp:term":[{"taxonomy":"category","embeddable":true,"href":"https:\/\/blogs.correiobraziliense.com.br\/vicente\/wp-json\/wp\/v2\/categories?post=10668"},{"taxonomy":"post_tag","embeddable":true,"href":"https:\/\/blogs.correiobraziliense.com.br\/vicente\/wp-json\/wp\/v2\/tags?post=10668"}],"curies":[{"name":"wp","href":"https:\/\/api.w.org\/{rel}","templated":true}]}}