{"id":10662,"date":"2019-05-15T11:40:39","date_gmt":"2019-05-15T14:40:39","guid":{"rendered":"https:\/\/blogs.correiobraziliense.com.br\/vicente\/?p=10662"},"modified":"2019-05-15T11:40:39","modified_gmt":"2019-05-15T14:40:39","slug":"ibc-br-confirma-que-pib-do-pais-deve-ser-negativo-no-primeiro-trimestre","status":"publish","type":"post","link":"https:\/\/blogs.correiobraziliense.com.br\/vicente\/ibc-br-confirma-que-pib-do-pais-deve-ser-negativo-no-primeiro-trimestre\/","title":{"rendered":"IBC-Br confirma que PIB do pa\u00eds deve ser negativo no primeiro trimestre"},"content":{"rendered":"<h2>HAMILTON FERRARI<\/h2>\n<h2><\/h2>\n<h2>O \u00cdndice de Atividade Econ\u00f4mica do Banco Central (IBC-Br), considerado a pr\u00e9via do Produto Interno Bruto (PIB), confirma que o primeiro trimestre do ano dever\u00e1 ter resultado negativo para a economia. O recuo no per\u00edodo foi acima do esperado, atingindo uma queda de 0,68%. A concretiza\u00e7\u00e3o do tombo \u00e9 o grande medo do governo federal, j\u00e1 que o presidente Jair Bolsonaro assumiu com um pacto para conseguir recuperar a economia.<\/h2>\n<p>&nbsp;<\/p>\n<p>Segundo os dados do Instituto Brasileiro de Geografia e Estat\u00edstica (IBGE), o quarto trimestre de 2016 foi a \u00faltima vez que o PIB veio negativo contra o trimestre imediatamente anterior, quando recuou 0,6%. Depois de ent\u00e3o, o pa\u00eds s\u00f3 teve taxas positivas, apesar de pequenas.<\/p>\n<p>&nbsp;<\/p>\n<p>Apesar do Banco Central (BC) apontar para uma queda de quase 0,7%, as estimativas dos analistas apontam que o recuo no PIB ser\u00e1 entre 0,1% e 0,2%. Segundo o economista-chefe da Necton Investimentos, Andr\u00e9 Perfeito, o que chamou a aten\u00e7\u00e3o no IBC-Br foi a revis\u00e3o dos dados de fevereiro, que passaram de uma queda de 0,73% contra janeiro, para retra\u00e7\u00e3o de 0,98%. \u201cEvidenciando assim que h\u00e1 mais tempo que a atividade mostra sinais de fraqueza\u201d, ressaltou.<\/p>\n<p>&nbsp;<\/p>\n<p>Por causa do primeiro trimestre perdido, a tend\u00eancia \u00e9 de que 2019 tamb\u00e9m seja um ano para esquecer na economia. Isso porque o crescimento pode ser inferior a 1%. Ou seja, a recupera\u00e7\u00e3o da atividade econ\u00f4mica ficar\u00e1 mais fraca do que os dois \u00faltimos anos do governo Michel Temer, quando cresceu 1,1% em cada exerc\u00edcio.<\/p>\n<p>&nbsp;<\/p>\n<p>Perfeito ressaltou que o IBC-Br n\u00e3o anda \u201ccolado\u201d com o PIB, mas que d\u00e1 par\u00e2metros para como ser\u00e1 o resultado das contas nacionais. \u201cNossa proje\u00e7\u00e3o para o PIB do primeiro trimestre \u00e9 de queda de 0,1% e esta diferen\u00e7a pode ser explicada em parte pelo comportamento da Balan\u00e7a Comercial, que registrou no super\u00e1vit de US$ 10,3 bilh\u00f5es no per\u00edodo. Refor\u00e7ando que mudamos a proje\u00e7\u00e3o de PIB de 2019 de 1,1% para 0,9% e para 2020 para 2%\u201d, afirmou o analista.<\/p>\n<p>&nbsp;<\/p>\n<p><em>Bras\u00edlia, 11h38min<\/em><\/p>\n","protected":false},"excerpt":{"rendered":"<p>HAMILTON FERRARI O \u00cdndice de Atividade Econ\u00f4mica do Banco Central (IBC-Br), considerado a pr\u00e9via do Produto Interno Bruto (PIB), confirma que o primeiro trimestre do ano dever\u00e1 ter resultado negativo para a economia. O recuo no per\u00edodo foi acima do esperado, atingindo uma queda de 0,68%. A concretiza\u00e7\u00e3o do tombo \u00e9 o grande medo do [&hellip;]<\/p>\n","protected":false},"author":22,"featured_media":0,"comment_status":"open","ping_status":"closed","sticky":false,"template":"","format":"standard","meta":{"footnotes":""},"categories":[600],"tags":[],"class_list":["post-10662","post","type-post","status-publish","format-standard","hentry","category-economia"],"_links":{"self":[{"href":"https:\/\/blogs.correiobraziliense.com.br\/vicente\/wp-json\/wp\/v2\/posts\/10662","targetHints":{"allow":["GET"]}}],"collection":[{"href":"https:\/\/blogs.correiobraziliense.com.br\/vicente\/wp-json\/wp\/v2\/posts"}],"about":[{"href":"https:\/\/blogs.correiobraziliense.com.br\/vicente\/wp-json\/wp\/v2\/types\/post"}],"author":[{"embeddable":true,"href":"https:\/\/blogs.correiobraziliense.com.br\/vicente\/wp-json\/wp\/v2\/users\/22"}],"replies":[{"embeddable":true,"href":"https:\/\/blogs.correiobraziliense.com.br\/vicente\/wp-json\/wp\/v2\/comments?post=10662"}],"version-history":[{"count":1,"href":"https:\/\/blogs.correiobraziliense.com.br\/vicente\/wp-json\/wp\/v2\/posts\/10662\/revisions"}],"predecessor-version":[{"id":10663,"href":"https:\/\/blogs.correiobraziliense.com.br\/vicente\/wp-json\/wp\/v2\/posts\/10662\/revisions\/10663"}],"wp:attachment":[{"href":"https:\/\/blogs.correiobraziliense.com.br\/vicente\/wp-json\/wp\/v2\/media?parent=10662"}],"wp:term":[{"taxonomy":"category","embeddable":true,"href":"https:\/\/blogs.correiobraziliense.com.br\/vicente\/wp-json\/wp\/v2\/categories?post=10662"},{"taxonomy":"post_tag","embeddable":true,"href":"https:\/\/blogs.correiobraziliense.com.br\/vicente\/wp-json\/wp\/v2\/tags?post=10662"}],"curies":[{"name":"wp","href":"https:\/\/api.w.org\/{rel}","templated":true}]}}