{"id":10659,"date":"2019-05-14T16:25:08","date_gmt":"2019-05-14T19:25:08","guid":{"rendered":"https:\/\/blogs.correiobraziliense.com.br\/vicente\/?p=10659"},"modified":"2019-05-15T17:26:19","modified_gmt":"2019-05-15T20:26:19","slug":"bolsonaro-e-rodrigo-maia-engatam-uma-guerra-fria","status":"publish","type":"post","link":"https:\/\/blogs.correiobraziliense.com.br\/vicente\/bolsonaro-e-rodrigo-maia-engatam-uma-guerra-fria\/","title":{"rendered":"Bolsonaro e Rodrigo Maia engatam uma &#8220;guerra fria&#8221;"},"content":{"rendered":"<h2>RODOLFO COSTA<\/h2>\n<h2><\/h2>\n<h2><span style=\"font-weight: 400\">O governo e o Congresso est\u00e3o prontos para iniciar uma \u201cguerra fria\u201d. O presidente Jair Bolsonaro e o presidente da C\u00e2mara dos Deputados, Rodrigo Maia (DEM-RJ), n\u00e3o ir\u00e3o retomar um embate como o observado em mar\u00e7o, quando ambos se alfinetaram publicamente. A disputa ser\u00e1 feita por gestos, e n\u00e3o palavras, como quando os Estados Unidos e a extinta Uni\u00e3o Sovi\u00e9tica protagonizaram embates por meio da intelig\u00eancia, sem conflitos armados. <\/span><\/h2>\n<p>&nbsp;<\/p>\n<figure id=\"attachment_10489\" aria-describedby=\"caption-attachment-10489\" style=\"width: 429px\" class=\"wp-caption alignleft\"><a href=\"https:\/\/blogs.correiobraziliense.com.br\/vicente\/wp-content\/uploads\/sites\/16\/2019\/04\/bolsopetro.jpg\"><img loading=\"lazy\" decoding=\"async\" class=\" wp-image-10489\" src=\"https:\/\/blogs.correiobraziliense.com.br\/vicente\/wp-content\/uploads\/sites\/16\/2019\/04\/bolsopetro.jpg\" alt=\"bolsonaro-petrobras\" width=\"429\" height=\"286\" srcset=\"https:\/\/blogs.correiobraziliense.com.br\/vicente\/wp-content\/uploads\/sites\/16\/2019\/04\/bolsopetro.jpg 800w, https:\/\/blogs.correiobraziliense.com.br\/vicente\/wp-content\/uploads\/sites\/16\/2019\/04\/bolsopetro-300x200.jpg 300w, https:\/\/blogs.correiobraziliense.com.br\/vicente\/wp-content\/uploads\/sites\/16\/2019\/04\/bolsopetro-768x512.jpg 768w, https:\/\/blogs.correiobraziliense.com.br\/vicente\/wp-content\/uploads\/sites\/16\/2019\/04\/bolsopetro-350x233.jpg 350w, https:\/\/blogs.correiobraziliense.com.br\/vicente\/wp-content\/uploads\/sites\/16\/2019\/04\/bolsopetro-550x366.jpg 550w, https:\/\/blogs.correiobraziliense.com.br\/vicente\/wp-content\/uploads\/sites\/16\/2019\/04\/bolsopetro-230x153.jpg 230w\" sizes=\"auto, (max-width: 429px) 100vw, 429px\" \/><\/a><figcaption id=\"caption-attachment-10489\" class=\"wp-caption-text\">Cr\u00e9dito: Ed Alves\/CB\/DA.Press.<\/figcaption><\/figure>\n<p><span style=\"font-weight: 400\">A sa\u00edda de Maia da articula\u00e7\u00e3o pol\u00edtica n\u00e3o passou despercebida por Bolsonaro. Nesta ter\u00e7a-feira (14\/5), o presidente da Rep\u00fablica jogou a press\u00e3o no Parlamento por resultados positivos \u00e0 economia. \u201cN\u00e3o esque\u00e7amos que precisamos do Congresso para que possamos, definitivamente, decolar economicamente e realizar as t\u00e3o necess\u00e1rias transforma\u00e7\u00f5es econ\u00f4micas que o Brasil precisa\u201d, declarou, em publica\u00e7\u00e3o no Twitter.\u00a0<\/span><\/p>\n<p>&nbsp;<\/p>\n<p>O governo reduziu a proje\u00e7\u00e3o de crescimento do Produto Interno Bruto (PIB) para este ano de 2,7% para 1,5%, ainda assim, uma taxa otimista em rela\u00e7\u00e3o ao que prev\u00ea o mercado, que j\u00e1 fala em avan\u00e7o inferior a 1%. O Banco Central, por sua vez, admite retra\u00e7\u00e3o do PIB no primeiro trimestre do ano, resultado com forte impacto no mercado de trabalho.<\/p>\n<p>&nbsp;<\/p>\n<p><span style=\"font-weight: 400\">N\u00e3o por acado, os n\u00edveis de desemprego continuam elevados e o governo sabe que apenas a aprova\u00e7\u00e3o das agendas reformistas pode contribuir para reativar a economia de forma mais r\u00e1pida. Como a reforma da Previd\u00eancia est\u00e1 sendo discutida na C\u00e2mara, a leitura feita por deputados \u00e9 a de que o presidente tenta pression\u00e1-los com um recado a Maia. O demista, por sua vez, deve dar uma resposta com menos desgastes que Bolsonaro. <\/span><\/p>\n<p>&nbsp;<\/p>\n<p><strong>Tributos<\/strong><\/p>\n<p>&nbsp;<\/p>\n<p><a href=\"https:\/\/blogs.correiobraziliense.com.br\/vicente\/wp-content\/uploads\/sites\/16\/2019\/04\/RodrigoMaia.jpeg\"><img loading=\"lazy\" decoding=\"async\" class=\"wp-image-10387 alignleft\" src=\"https:\/\/blogs.correiobraziliense.com.br\/vicente\/wp-content\/uploads\/sites\/16\/2019\/04\/RodrigoMaia-1024x684.jpeg\" alt=\"\" width=\"418\" height=\"279\" srcset=\"https:\/\/blogs.correiobraziliense.com.br\/vicente\/wp-content\/uploads\/sites\/16\/2019\/04\/RodrigoMaia-1024x684.jpeg 1024w, https:\/\/blogs.correiobraziliense.com.br\/vicente\/wp-content\/uploads\/sites\/16\/2019\/04\/RodrigoMaia-300x200.jpeg 300w, https:\/\/blogs.correiobraziliense.com.br\/vicente\/wp-content\/uploads\/sites\/16\/2019\/04\/RodrigoMaia-768x513.jpeg 768w, https:\/\/blogs.correiobraziliense.com.br\/vicente\/wp-content\/uploads\/sites\/16\/2019\/04\/RodrigoMaia-350x234.jpeg 350w, https:\/\/blogs.correiobraziliense.com.br\/vicente\/wp-content\/uploads\/sites\/16\/2019\/04\/RodrigoMaia-550x368.jpeg 550w, https:\/\/blogs.correiobraziliense.com.br\/vicente\/wp-content\/uploads\/sites\/16\/2019\/04\/RodrigoMaia-230x154.jpeg 230w, https:\/\/blogs.correiobraziliense.com.br\/vicente\/wp-content\/uploads\/sites\/16\/2019\/04\/RodrigoMaia.jpeg 1070w\" sizes=\"auto, (max-width: 418px) 100vw, 418px\" \/><\/a><\/p>\n<p><span style=\"font-weight: 400\">Em meio \u00e0 &#8220;guerra fria&#8221;, o deputado Jo\u00e3o Roma (PRB-BA) apresenta nesta quarta (15) o relat\u00f3rio da reforma tribut\u00e1ria em tramita\u00e7\u00e3o na Comiss\u00e3o de Constitui\u00e7\u00e3o e Justi\u00e7a (CCJ). A mat\u00e9ria foi constru\u00edda com base em estudos do economista Bernard Appy. Se aprovada, dar\u00e1 os m\u00e9ritos a Maia e \u00e0s principais lideran\u00e7as do Centr\u00e3o, como o l\u00edder do MDB na C\u00e2mara, Baleia Rossi (SP). <\/span><\/p>\n<p>&nbsp;<\/p>\n<p><span style=\"font-weight: 400\">A C\u00e2mara vinha discutindo a montagem de uma reforma tribut\u00e1ria na Subcomiss\u00e3o Especial que discute o tema com o apoio do ministro da Economia, Paulo Guedes, e do secret\u00e1rio da Receita Federal, Marcos Cintra, ambos integrantes do governo. Irritado com a articula\u00e7\u00e3o do governo, Maia se articulou para neutralizar a forma\u00e7\u00e3o da mat\u00e9ria nesse colegiado e encaminhar a proposta em discuss\u00e3o na CCJ.<\/span><\/p>\n<p>&nbsp;<\/p>\n<p><span style=\"font-weight: 400\">Os movimentos ainda s\u00e3o incipientes, mas a estrat\u00e9gia de Maia se mostra, at\u00e9 o momento, mais inteligente. Para deputados e integrantes do pr\u00f3prio governo, Bolsonaro n\u00e3o est\u00e1 em posi\u00e7\u00e3o de pressionar os parlamentares. Deveria, sim, buscar a concilia\u00e7\u00e3o. \u201cOs gestos dele deveriam ser feitos no sentido de buscar uma proximidade, e n\u00e3o o contr\u00e1rio\u201d, criticou um l\u00edder partid\u00e1rio ao <\/span><b>Blog<\/b><span style=\"font-weight: 400\">.<\/span><\/p>\n<p>&nbsp;<\/p>\n<p><em>Bras\u00edlia, 16h25min<\/em><\/p>\n","protected":false},"excerpt":{"rendered":"<p>RODOLFO COSTA O governo e o Congresso est\u00e3o prontos para iniciar uma \u201cguerra fria\u201d. O presidente Jair Bolsonaro e o presidente da C\u00e2mara dos Deputados, Rodrigo Maia (DEM-RJ), n\u00e3o ir\u00e3o retomar um embate como o observado em mar\u00e7o, quando ambos se alfinetaram publicamente. A disputa ser\u00e1 feita por gestos, e n\u00e3o palavras, como quando os [&hellip;]<\/p>\n","protected":false},"author":22,"featured_media":0,"comment_status":"open","ping_status":"closed","sticky":false,"template":"","format":"standard","meta":{"footnotes":""},"categories":[600],"tags":[2554,254,589,467,3842,2491,58,429,279,614,656,3841],"class_list":["post-10659","post","type-post","status-publish","format-standard","hentry","category-economia","tag-bolsonaro","tag-congresso","tag-economia","tag-governo","tag-guerra-fria","tag-maia","tag-pib","tag-previdencia","tag-queda","tag-reforma","tag-rodrigo-maia","tag-tributaria"],"_links":{"self":[{"href":"https:\/\/blogs.correiobraziliense.com.br\/vicente\/wp-json\/wp\/v2\/posts\/10659","targetHints":{"allow":["GET"]}}],"collection":[{"href":"https:\/\/blogs.correiobraziliense.com.br\/vicente\/wp-json\/wp\/v2\/posts"}],"about":[{"href":"https:\/\/blogs.correiobraziliense.com.br\/vicente\/wp-json\/wp\/v2\/types\/post"}],"author":[{"embeddable":true,"href":"https:\/\/blogs.correiobraziliense.com.br\/vicente\/wp-json\/wp\/v2\/users\/22"}],"replies":[{"embeddable":true,"href":"https:\/\/blogs.correiobraziliense.com.br\/vicente\/wp-json\/wp\/v2\/comments?post=10659"}],"version-history":[{"count":3,"href":"https:\/\/blogs.correiobraziliense.com.br\/vicente\/wp-json\/wp\/v2\/posts\/10659\/revisions"}],"predecessor-version":[{"id":10681,"href":"https:\/\/blogs.correiobraziliense.com.br\/vicente\/wp-json\/wp\/v2\/posts\/10659\/revisions\/10681"}],"wp:attachment":[{"href":"https:\/\/blogs.correiobraziliense.com.br\/vicente\/wp-json\/wp\/v2\/media?parent=10659"}],"wp:term":[{"taxonomy":"category","embeddable":true,"href":"https:\/\/blogs.correiobraziliense.com.br\/vicente\/wp-json\/wp\/v2\/categories?post=10659"},{"taxonomy":"post_tag","embeddable":true,"href":"https:\/\/blogs.correiobraziliense.com.br\/vicente\/wp-json\/wp\/v2\/tags?post=10659"}],"curies":[{"name":"wp","href":"https:\/\/api.w.org\/{rel}","templated":true}]}}