{"id":10648,"date":"2019-05-13T09:51:10","date_gmt":"2019-05-13T12:51:10","guid":{"rendered":"https:\/\/blogs.correiobraziliense.com.br\/vicente\/?p=10648"},"modified":"2019-05-13T10:12:46","modified_gmt":"2019-05-13T13:12:46","slug":"com-crise-entre-os-eua-e-a-china-dolar-vai-a-r-4","status":"publish","type":"post","link":"https:\/\/blogs.correiobraziliense.com.br\/vicente\/com-crise-entre-os-eua-e-a-china-dolar-vai-a-r-4\/","title":{"rendered":"Com crise entre os EUA e a China, d\u00f3lar vai a R$ 4"},"content":{"rendered":"<h2>HAMILTON FERRARI<\/h2>\n<h2><\/h2>\n<h2>O acirramento da crise comercial entre os Estados Unidos e o clima de tens\u00e3o no Oriente M\u00e9dio, devido ao enfrentamento entre Ir\u00e3 e Ar\u00e1bia Saudita, levaram o d\u00f3lar aos R$ 4 na manh\u00e3 desta segunda-feira (13\/05).<\/h2>\n<p>&nbsp;<\/p>\n<p>Segundo o economista-chefe da Corretora Necton, Andr\u00e9 Perfeito, a &#8220;guerra&#8221; entre os EUA e a China \u00e9, antes de tudo, &#8220;uma maneira ex\u00f3tica e bastante peculiar do presidente Donald Trump de administrar tens\u00f5es internas e externas e, assim, se presta a outros objetivos que n\u00e3o o \u00f3bvio do com\u00e9rcio&#8221;. J\u00e1 a tens\u00e3o no Oriente M\u00e9dio empurra o pre\u00e7o do petr\u00f3leo para cima.<\/p>\n<p>&nbsp;<\/p>\n<p>Para Perfeito, a tend\u00eancia \u00e9 de o d\u00f3lar continuar se valorizando em rela\u00e7\u00e3o ao real, &#8220;talvez menos porque o Brasil esteja pior, o que, de fato, est\u00e1, pois basta ver o mercado refazendo as proje\u00e7\u00f5es para o Produto Interno Bruto (PIB) para mais pr\u00f3ximo de 1% em 2019&#8221;, mas, sobretudo, pela quest\u00e3o internacional. &#8220;Essa diferen\u00e7a \u00e9 crucial para entender o fen\u00f4meno, e n\u00e3o h\u00e1 nada que possamos fazer a respeito&#8221;, ressalta.<\/p>\n<p>&nbsp;<\/p>\n<p>Diante desse quadro, ele n\u00e3o acredita na possibilidade de o Banco Central cortar a taxa b\u00e1sica de juros (Selic), como preveem alguns economistas. D\u00f3lar em alta \u00e9 inflacion\u00e1rio, mesmo em per\u00edodos de baixo crescimento.<\/p>\n<p>&nbsp;<\/p>\n<p>&#8220;Um corte dos juros agora teria que ser desfeito no come\u00e7o do ano que vem, quando os EUA subirem, ou amea\u00e7arem subir, sua taxa b\u00e1sica. Outro ponto \u00e9 que um corte na Selic de 6,50% at\u00e9 5,75% ao ano n\u00e3o criar\u00e1 impulsos adicionais \u00e0 economia&#8221;, frisa. No entender do economista, juros menores estimulariam o repasse mais r\u00e1pido da alta do d\u00f3lar para a infla\u00e7\u00e3o.<\/p>\n<p>&nbsp;<\/p>\n<p>&#8220;Por isso, reafirmamos nosso cen\u00e1rio de Selic est\u00e1vel neste ano, apesar da atividade econ\u00f4mica p\u00edfia. J\u00e1 sobre o d\u00f3lar, imaginamos algo entre R$ 4,05 e R$ 4,10 para o final de 2019&#8221;, diz Perfeito.<\/p>\n<p>&nbsp;<\/p>\n<p><em>Bras\u00edlia, 09h51min<\/em><\/p>\n","protected":false},"excerpt":{"rendered":"<p>HAMILTON FERRARI O acirramento da crise comercial entre os Estados Unidos e o clima de tens\u00e3o no Oriente M\u00e9dio, devido ao enfrentamento entre Ir\u00e3 e Ar\u00e1bia Saudita, levaram o d\u00f3lar aos R$ 4 na manh\u00e3 desta segunda-feira (13\/05). &nbsp; Segundo o economista-chefe da Corretora Necton, Andr\u00e9 Perfeito, a &#8220;guerra&#8221; entre os EUA e a China [&hellip;]<\/p>\n","protected":false},"author":22,"featured_media":0,"comment_status":"open","ping_status":"closed","sticky":false,"template":"","format":"standard","meta":{"footnotes":""},"categories":[600],"tags":[850,3836,246,343,363,3835,1459],"class_list":["post-10648","post","type-post","status-publish","format-standard","hentry","category-economia","tag-alta","tag-arabia","tag-china","tag-dolar","tag-estados-unidos","tag-ira","tag-petroleo"],"_links":{"self":[{"href":"https:\/\/blogs.correiobraziliense.com.br\/vicente\/wp-json\/wp\/v2\/posts\/10648","targetHints":{"allow":["GET"]}}],"collection":[{"href":"https:\/\/blogs.correiobraziliense.com.br\/vicente\/wp-json\/wp\/v2\/posts"}],"about":[{"href":"https:\/\/blogs.correiobraziliense.com.br\/vicente\/wp-json\/wp\/v2\/types\/post"}],"author":[{"embeddable":true,"href":"https:\/\/blogs.correiobraziliense.com.br\/vicente\/wp-json\/wp\/v2\/users\/22"}],"replies":[{"embeddable":true,"href":"https:\/\/blogs.correiobraziliense.com.br\/vicente\/wp-json\/wp\/v2\/comments?post=10648"}],"version-history":[{"count":1,"href":"https:\/\/blogs.correiobraziliense.com.br\/vicente\/wp-json\/wp\/v2\/posts\/10648\/revisions"}],"predecessor-version":[{"id":10651,"href":"https:\/\/blogs.correiobraziliense.com.br\/vicente\/wp-json\/wp\/v2\/posts\/10648\/revisions\/10651"}],"wp:attachment":[{"href":"https:\/\/blogs.correiobraziliense.com.br\/vicente\/wp-json\/wp\/v2\/media?parent=10648"}],"wp:term":[{"taxonomy":"category","embeddable":true,"href":"https:\/\/blogs.correiobraziliense.com.br\/vicente\/wp-json\/wp\/v2\/categories?post=10648"},{"taxonomy":"post_tag","embeddable":true,"href":"https:\/\/blogs.correiobraziliense.com.br\/vicente\/wp-json\/wp\/v2\/tags?post=10648"}],"curies":[{"name":"wp","href":"https:\/\/api.w.org\/{rel}","templated":true}]}}