{"id":10646,"date":"2019-05-13T09:41:20","date_gmt":"2019-05-13T12:41:20","guid":{"rendered":"https:\/\/blogs.correiobraziliense.com.br\/vicente\/?p=10646"},"modified":"2019-05-13T16:02:28","modified_gmt":"2019-05-13T19:02:28","slug":"e-mais-facil-bolsonaro-deixar-o-governo-do-que-os-militares-dizem-especialistas","status":"publish","type":"post","link":"https:\/\/blogs.correiobraziliense.com.br\/vicente\/e-mais-facil-bolsonaro-deixar-o-governo-do-que-os-militares-dizem-especialistas\/","title":{"rendered":"\u00c9 mais f\u00e1cil Bolsonaro deixar o governo do que os militares, dizem especialistas"},"content":{"rendered":"<p>RODOLFO COSTA E\u00a0LEONARDO CAVALCANTI<\/p>\n<p>&nbsp;<\/p>\n<p>\u00c9 mais f\u00e1cil o presidente Jair Bolsonaro (PSL) deixar o barco do que os militares o abandonarem. \u00c9 a partir dessa l\u00f3gica que os integrantes das For\u00e7as Armadas se movimentam dentro do governo, onde qualquer amea\u00e7a de desembarque \u00e9 vista como trai\u00e7\u00e3o dentro da pr\u00f3pria caserna. Assim, na pr\u00e1tica, por mais tensa que a rela\u00e7\u00e3o com o \u201cguru\u201d Olavo de Carvalho e com os filhos do capit\u00e3o reformado possa se mostrar, as chances de um \u201cmeia volta, volver\u201d s\u00e3o m\u00ednimas, por maior que possa se desenhar a crise. A presen\u00e7a do vice Hamilton Mour\u00e3o \u00e9 mais um dos motivos para a manuten\u00e7\u00e3o coesa do grupo. Assim, voltamos ao in\u00edcio do texto: \u00e9 mais f\u00e1cil Bolsonaro sair do que os generais deixarem o governo.<\/p>\n<p>&nbsp;<\/p>\n<figure id=\"attachment_10489\" aria-describedby=\"caption-attachment-10489\" style=\"width: 491px\" class=\"wp-caption alignleft\"><a href=\"https:\/\/blogs.correiobraziliense.com.br\/vicente\/wp-content\/uploads\/sites\/16\/2019\/04\/bolsopetro.jpg\"><img loading=\"lazy\" decoding=\"async\" class=\" wp-image-10489\" src=\"https:\/\/blogs.correiobraziliense.com.br\/vicente\/wp-content\/uploads\/sites\/16\/2019\/04\/bolsopetro.jpg\" alt=\"bolsonaro-petrobras\" width=\"491\" height=\"327\" srcset=\"https:\/\/blogs.correiobraziliense.com.br\/vicente\/wp-content\/uploads\/sites\/16\/2019\/04\/bolsopetro.jpg 800w, https:\/\/blogs.correiobraziliense.com.br\/vicente\/wp-content\/uploads\/sites\/16\/2019\/04\/bolsopetro-300x200.jpg 300w, https:\/\/blogs.correiobraziliense.com.br\/vicente\/wp-content\/uploads\/sites\/16\/2019\/04\/bolsopetro-768x512.jpg 768w, https:\/\/blogs.correiobraziliense.com.br\/vicente\/wp-content\/uploads\/sites\/16\/2019\/04\/bolsopetro-350x233.jpg 350w, https:\/\/blogs.correiobraziliense.com.br\/vicente\/wp-content\/uploads\/sites\/16\/2019\/04\/bolsopetro-550x366.jpg 550w, https:\/\/blogs.correiobraziliense.com.br\/vicente\/wp-content\/uploads\/sites\/16\/2019\/04\/bolsopetro-230x153.jpg 230w\" sizes=\"auto, (max-width: 491px) 100vw, 491px\" \/><\/a><figcaption id=\"caption-attachment-10489\" class=\"wp-caption-text\">Cr\u00e9dito: Ed Alves\/CB\/DA.Press.<\/figcaption><\/figure>\n<p>\u201cEntre os militares, o abandono de uma miss\u00e3o \u00e9 uma das coisas mais s\u00e9rias que pode ocorrer. \u00c9 visto como uma trai\u00e7\u00e3o, e a trai\u00e7\u00e3o \u00e9 o pior dos atos de um integrante das For\u00e7as\u201d, disse um oficial de alta patente com tr\u00e2nsito na Esplanada dos Minist\u00e9rios. Por mais que possa ter ocorrido um ou outro arrependimento, os generais dever\u00e3o permanecer \u2014 no m\u00e1ximo, para cada eventual sa\u00edda, uma troca, com um n\u00famero parecido com o de estrelas na farda. \u201cOs militares entraram num beco sem sa\u00edda\u201d, analisa Ant\u00f4nio Augusto de Queiroz, diretor de documenta\u00e7\u00e3o do Departamento Intersindical de Assessoria Parlamentar (Diap). \u201cO desgaste para as For\u00e7as \u00e9, evidentemente, por causa do tamanho do embarque. Mas agora n\u00e3o cabe mais o recuo\u201d, emenda o especialista, que entende como poucos o jogo pol\u00edtico de Bras\u00edlia.<\/p>\n<p>&nbsp;<\/p>\n<p>N\u00e3o h\u00e1 chances de os militares abandonarem o governo. Em entrevista na quarta-feira ao CB.Poder, uma parceria entre o Correio e a TV Bras\u00edlia, a deputada Carla Zambelli destacou que os oficiais encaram o governo como uma miss\u00e3o. \u201cSe o Bolsonaro disse \u2018fiquem\u2019, eles v\u00e3o ficar. N\u00e3o se discute ordem, se cumpre\u201d, afirmou. De certa forma, os olavistas \u2014 na impossibilidade de a caserna sair do governo \u2014 se apoiam nisso para estressar a rela\u00e7\u00e3o com os generais. E quando atacam, falam de nomes espec\u00edficos, tentando preservar as For\u00e7as Armadas. O general Eduardo Villas B\u00f4as, ex-comandante do Ex\u00e9rcito, percebeu tal movimento e deixou claro que os ataques de Olavo eram contra a institui\u00e7\u00e3o. O comportamento de Bolsonaro, incapaz de fazer uma defesa contundente a favor dos militares, desagrada generais como Paulo Chagas, candidato a governador do Distrito Federal no \u00faltimo pleito, que observam o comportamento com apreens\u00e3o.<\/p>\n<p>&nbsp;<\/p>\n<p><strong>Simbiose<\/strong><\/p>\n<p>&nbsp;<\/p>\n<p>O primeiro militar com respeito na tropa a assumir Bolsonaro como um candidato com potencial para vencer as elei\u00e7\u00f5es foi o atual chefe do Gabinete de Seguran\u00e7a Institucional (GSI), Augusto Heleno. O militar chancelou o capit\u00e3o reformado no Ex\u00e9rcito, ampliando pouco a pouco o n\u00famero de apoiadores dentro da caserna, algo proporcional \u00e0 pr\u00f3pria for\u00e7a de Bolsonaro nas ruas. At\u00e9 agosto do ano passado, entretanto, havia uma preocupa\u00e7\u00e3o dentro das For\u00e7as Armadas com a aproxima\u00e7\u00e3o com o candidato, por causa da imagem das For\u00e7as. \u00c0 medida que a campanha foi se tornando favorita, parte dos generais assumiu de vez o discurso. Com a vit\u00f3ria e a posse, a simbiose se completou. \u201cPor isso, agora \u00e9 quase imposs\u00edvel o abandono. Se a crise aumentar em propor\u00e7\u00f5es gigantescas, \u00e9 mais f\u00e1cil Bolsonaro cair. Os militares estar\u00e3o com Mour\u00e3o\u201d, afirma Queiroz.<\/p>\n<p>&nbsp;<\/p>\n<p>A leitura do diretor do Diap \u00e9 precisa dentro da alta c\u00fapula militar. Interlocutores e ministros ligados \u00e0s For\u00e7as Armadas conversaram com o presidente depois dos recentes ataques de Olavo. Nada semelhante a um comit\u00ea de crise para lavar roupa suja. Foram di\u00e1logos sutis para saber o posicionamento dele. De pronta resposta, receberam afagos. Bolsonaro manifestou a inten\u00e7\u00e3o de continuar contando com o apoio deles e o desejo de que a \u201cp\u00e1gina seja virada\u201d. A verdade \u00e9 que os ataques do ide\u00f3logo do capit\u00e3o reformado uniram ainda mais os militares.<\/p>\n<p>&nbsp;<\/p>\n<p><a href=\"https:\/\/blogs.correiobraziliense.com.br\/vicente\/wp-content\/uploads\/sites\/16\/2019\/01\/Mourao.jpg\"><img loading=\"lazy\" decoding=\"async\" class=\"wp-image-9755 alignleft\" src=\"https:\/\/blogs.correiobraziliense.com.br\/vicente\/wp-content\/uploads\/sites\/16\/2019\/01\/Mourao.jpg\" alt=\"\" width=\"489\" height=\"267\" srcset=\"https:\/\/blogs.correiobraziliense.com.br\/vicente\/wp-content\/uploads\/sites\/16\/2019\/01\/Mourao.jpg 820w, https:\/\/blogs.correiobraziliense.com.br\/vicente\/wp-content\/uploads\/sites\/16\/2019\/01\/Mourao-300x164.jpg 300w, https:\/\/blogs.correiobraziliense.com.br\/vicente\/wp-content\/uploads\/sites\/16\/2019\/01\/Mourao-768x420.jpg 768w, https:\/\/blogs.correiobraziliense.com.br\/vicente\/wp-content\/uploads\/sites\/16\/2019\/01\/Mourao-350x191.jpg 350w, https:\/\/blogs.correiobraziliense.com.br\/vicente\/wp-content\/uploads\/sites\/16\/2019\/01\/Mourao-550x300.jpg 550w, https:\/\/blogs.correiobraziliense.com.br\/vicente\/wp-content\/uploads\/sites\/16\/2019\/01\/Mourao-230x126.jpg 230w\" sizes=\"auto, (max-width: 489px) 100vw, 489px\" \/><\/a><\/p>\n<p><strong>Equil\u00edbrio<\/strong><\/p>\n<p>&nbsp;<\/p>\n<p>Ao longo dos 100 primeiros dias de governos, Mour\u00e3o expressou, por vezes, posi\u00e7\u00f5es desalinhadas do discurso da Presid\u00eancia da Rep\u00fablica, avaliam os pr\u00f3prios militares. As falas foram notadas pelo Congresso como uma leitura de algu\u00e9m que queria se posicionar de forma mais equilibrada que o presidente, uma esp\u00e9cie de tutelador. O sentimento foi igualmente percept\u00edvel entre oficiais das For\u00e7as Armadas na Esplanada, que atuaram para evitar o desencontro de informa\u00e7\u00f5es. A unicidade do discurso come\u00e7ou, ent\u00e3o, a ser mais percept\u00edvel depois dos atritos com o escritor.<\/p>\n<p>&nbsp;<\/p>\n<p>Os militares est\u00e3o ainda mais unidos e far\u00e3o de tudo para solucionar crises e evitar que Bolsonaro caia. Entretanto, em uma situa\u00e7\u00e3o de hecatombe pol\u00edtica em que n\u00e3o haja mais como contornar um problema em \u201cpropor\u00e7\u00f5es gigantescas\u201d, como sugere Queiroz, ficar\u00e3o com Mour\u00e3o. Os oficiais n\u00e3o falam isso abertamente e n\u00e3o s\u00e3o apegados a cargos, mas a vis\u00e3o de Estado a longo prazo os faria permanecer ao lado do vice e evitar a descontinuidade de pol\u00edticas p\u00fablicas.<\/p>\n<p>&nbsp;<\/p>\n<p>Embora n\u00e3o tenha defendido p\u00fablica e enfaticamente os militares, o presidente fez quest\u00e3o de dar for\u00e7a a eles na guerra com Olavo indicando o contra-almirante Ricardo Segovia Barbosa para a Presid\u00eancia da Ag\u00eancia Brasileira de Promo\u00e7\u00e3o de Exporta\u00e7\u00f5es e Investimentos (Apex-Brasil), o bra\u00e7o da pol\u00edtica comercial do Itamaraty, chefiado pelo ministro olavista Ernesto Ara\u00fajo. Na sexta, o oficial da Marinha indicou outro membro da For\u00e7a, o vice-almirante Edervaldo Teixeira de Abreu Filho para a diretoria de Gest\u00e3o Corporativa. \u201cBolsonaro sabe que o \u00fanico grupo que o segura no poder \u00e9 dos militares\u201d, analisa um ministro.<\/p>\n<p>&nbsp;<\/p>\n<p><strong>Confian\u00e7a do Centr\u00e3o<\/strong><\/p>\n<p>&nbsp;<\/p>\n<p>Dentro do Congresso, a avalia\u00e7\u00e3o de lideran\u00e7as do Centr\u00e3o \u00e9 de que \u201cos militares s\u00e3o essenciais ao governo\u201d. At\u00e9 hoje, os l\u00edderes desconfiam do comando do Pal\u00e1cio do Planalto por conta da continuidade de uma articula\u00e7\u00e3o pol\u00edtica sem a abertura de di\u00e1logo por indica\u00e7\u00f5es nos estados. \u00c9 algo que vem incomodando muito os congressistas, uma vez que o apadrinhamento de aliados \u00e9 uma forma de fortalecimento dos parlamentares em suas respectivas bases eleitorais. Com as elei\u00e7\u00f5es municipais a caminho, est\u00e3o sem mecanismos para se fortalecer em suas regi\u00f5es.<\/p>\n<p>&nbsp;<\/p>\n<p>A articula\u00e7\u00e3o feita pelos militares, sobretudo pelo ministro-chefe da Secretaria de Governo, Santos Cruz, tem agradado os parlamentares. Dizem que, diferentemente do ministro-chefe da Casa Civil, Onyx Lorenzoni, o general n\u00e3o prioriza pessoas pr\u00f3ximas, fi\u00e9is ou da alta c\u00fapula dos partidos. \u201cPara muitos do Centr\u00e3o, ele \u00e9, de fato, o articulador do governo. Ele n\u00e3o conversa apenas com o pr\u00f3prio entorno pol\u00edtico, mas com todos. O problema \u00e9 que, no fim das contas, n\u00e3o \u00e9 ele que tem a caneta para nomear\u201d, critica um l\u00edder de partido do bloco pol\u00edtico. Na quinta-feira, Santos Cruz organizou um caf\u00e9 da manh\u00e3 com a presen\u00e7a de cerca de 40 deputados do \u201cbaixo clero\u201d, acompanhado de Bolsonaro.<\/p>\n<p>&nbsp;<\/p>\n<p>Tamb\u00e9m \u00e9 Santos Cruz o respons\u00e1vel direto pela articula\u00e7\u00e3o com os governadores. Na mesma sexta-feira, uniu Bolsonaro e gestores estaduais do Nordeste, regi\u00e3o controlada majoritariamente pela oposi\u00e7\u00e3o. Participaram do encontro oito governadores e um vice-governador. Na segunda, esteve com o governador do Amazonas, Wilson Lima (PSC), em S\u00e3o Gabriel da Cachoeira (AM). Na \u00faltima semana, participou de uma reuni\u00e3o com o governador do Rio Grande do Sul, Eduardo Leite (PSDB), no Planalto.<\/p>\n<p>&nbsp;<\/p>\n<p><em>Bras\u00edlia, 09h41min<\/em><\/p>\n","protected":false},"excerpt":{"rendered":"<p>RODOLFO COSTA E\u00a0LEONARDO CAVALCANTI &nbsp; \u00c9 mais f\u00e1cil o presidente Jair Bolsonaro (PSL) deixar o barco do que os militares o abandonarem. \u00c9 a partir dessa l\u00f3gica que os integrantes das For\u00e7as Armadas se movimentam dentro do governo, onde qualquer amea\u00e7a de desembarque \u00e9 vista como trai\u00e7\u00e3o dentro da pr\u00f3pria caserna. Assim, na pr\u00e1tica, por [&hellip;]<\/p>\n","protected":false},"author":22,"featured_media":0,"comment_status":"open","ping_status":"closed","sticky":false,"template":"","format":"standard","meta":{"footnotes":""},"categories":[600],"tags":[2554,179,467,769,3833,3834],"class_list":["post-10646","post","type-post","status-publish","format-standard","hentry","category-economia","tag-bolsonaro","tag-crise","tag-governo","tag-militares","tag-olavo-de-carvalho","tag-saida"],"_links":{"self":[{"href":"https:\/\/blogs.correiobraziliense.com.br\/vicente\/wp-json\/wp\/v2\/posts\/10646","targetHints":{"allow":["GET"]}}],"collection":[{"href":"https:\/\/blogs.correiobraziliense.com.br\/vicente\/wp-json\/wp\/v2\/posts"}],"about":[{"href":"https:\/\/blogs.correiobraziliense.com.br\/vicente\/wp-json\/wp\/v2\/types\/post"}],"author":[{"embeddable":true,"href":"https:\/\/blogs.correiobraziliense.com.br\/vicente\/wp-json\/wp\/v2\/users\/22"}],"replies":[{"embeddable":true,"href":"https:\/\/blogs.correiobraziliense.com.br\/vicente\/wp-json\/wp\/v2\/comments?post=10646"}],"version-history":[{"count":4,"href":"https:\/\/blogs.correiobraziliense.com.br\/vicente\/wp-json\/wp\/v2\/posts\/10646\/revisions"}],"predecessor-version":[{"id":10656,"href":"https:\/\/blogs.correiobraziliense.com.br\/vicente\/wp-json\/wp\/v2\/posts\/10646\/revisions\/10656"}],"wp:attachment":[{"href":"https:\/\/blogs.correiobraziliense.com.br\/vicente\/wp-json\/wp\/v2\/media?parent=10646"}],"wp:term":[{"taxonomy":"category","embeddable":true,"href":"https:\/\/blogs.correiobraziliense.com.br\/vicente\/wp-json\/wp\/v2\/categories?post=10646"},{"taxonomy":"post_tag","embeddable":true,"href":"https:\/\/blogs.correiobraziliense.com.br\/vicente\/wp-json\/wp\/v2\/tags?post=10646"}],"curies":[{"name":"wp","href":"https:\/\/api.w.org\/{rel}","templated":true}]}}