{"id":10641,"date":"2019-05-11T10:27:48","date_gmt":"2019-05-11T13:27:48","guid":{"rendered":"https:\/\/blogs.correiobraziliense.com.br\/vicente\/?p=10641"},"modified":"2019-05-11T16:02:58","modified_gmt":"2019-05-11T19:02:58","slug":"planos-de-saude-querem-incluir-questoes-regionais-em-reajustes","status":"publish","type":"post","link":"https:\/\/blogs.correiobraziliense.com.br\/vicente\/planos-de-saude-querem-incluir-questoes-regionais-em-reajustes\/","title":{"rendered":"Planos de sa\u00fade querem incluir quest\u00f5es regionais em reajustes"},"content":{"rendered":"<h2>HAMILTON FERRARI<\/h2>\n<h2><\/h2>\n<h2>Em meio ao intenso debate sobre reajustes de planos de sa\u00fade individuais, o presidente da FenaSa\u00fade,\u00a0Jo\u00e3o Alceu Amoroso Lima, diz que o retorno das operadoras a esse mercado (h\u00e1 muito tempo elas deixaram de oferecer tal produto) depende, sobretudo, da viabilidade econ\u00f4mico-financeira do neg\u00f3cio.<\/h2>\n<p>&nbsp;<\/p>\n<p>Para que isso seja poss\u00edvel, o presidente da FenaSa\u00fade \u2014 entidade que representa 16 grupos de operadoras de planos privados de assist\u00eancia \u00e0 sa\u00fade \u2014 defende que as diferen\u00e7as regionais, a assimetria dos produtos ofertados e as caracter\u00edsticas das redes credenciadas sejam consideradas no c\u00e1lculo de reajuste.<\/p>\n<p>&nbsp;<\/p>\n<p>\u201c\u00c9 preciso levar em conta as particularidades das carteiras de cada operadora em cada regi\u00e3o do pa\u00eds, j\u00e1 que o objetivo dos reajustes \u00e9 manter o equil\u00edbrio econ\u00f4mico\/atuarial das carteiras dos planos para que todos possam usufruir das coberturas contratadas no curto, m\u00e9dio e, principalmente, no longo prazo\u201d, assinala Amoroso Lima.<\/p>\n<p>&nbsp;<\/p>\n<p><a href=\"https:\/\/blogs.correiobraziliense.com.br\/vicente\/wp-content\/uploads\/sites\/16\/2019\/05\/QuadroPlano.png\"><img loading=\"lazy\" decoding=\"async\" class=\"size-full wp-image-10642 alignleft\" src=\"https:\/\/blogs.correiobraziliense.com.br\/vicente\/wp-content\/uploads\/sites\/16\/2019\/05\/QuadroPlano.png\" alt=\"\" width=\"546\" height=\"205\" srcset=\"https:\/\/blogs.correiobraziliense.com.br\/vicente\/wp-content\/uploads\/sites\/16\/2019\/05\/QuadroPlano.png 546w, https:\/\/blogs.correiobraziliense.com.br\/vicente\/wp-content\/uploads\/sites\/16\/2019\/05\/QuadroPlano-300x113.png 300w, https:\/\/blogs.correiobraziliense.com.br\/vicente\/wp-content\/uploads\/sites\/16\/2019\/05\/QuadroPlano-350x131.png 350w, https:\/\/blogs.correiobraziliense.com.br\/vicente\/wp-content\/uploads\/sites\/16\/2019\/05\/QuadroPlano-230x86.png 230w\" sizes=\"auto, (max-width: 546px) 100vw, 546px\" \/><\/a><\/p>\n<p>Alguns exemplos da heterogeneidade regional do Brasil foram capturados por levantamento recente da FenaSa\u00fade, que mostra, entre outros dados, a diferen\u00e7a na evolu\u00e7\u00e3o dos pre\u00e7os na economia: o \u00cdndice de Pre\u00e7os ao Consumidor Amplo (IPCA), que entra com 20% na nova f\u00f3rmula de reajuste da Ag\u00eancia Nacional de Sa\u00fade Suplementar ( ANS) para os planos individuais, chega a variar um ponto percentual entre a menor (3% no Norte) e a maior (4,02% no Sul) infla\u00e7\u00e3o regional.<\/p>\n<p>&nbsp;<\/p>\n<p>Outro exemplo, segundo a FenaSa\u00fade, para demonstrar as diferen\u00e7as regionais est\u00e1 na quest\u00e3o da longevidade, que tem impacto substancial na forma\u00e7\u00e3o de pre\u00e7os do setor. Enquanto no Centro-Oeste os idosos representam 14,7% da popula\u00e7\u00e3o, no Sudeste o contingente de pessoas com mais de 60 anos \u00e9 mais do que o dobro e chega aos 32,4% dos cidad\u00e3os.<\/p>\n<p>&nbsp;<\/p>\n<p>A perspectiva \u00e9 de que a ANS anuncie o tamanho do reajuste dos planos individuais entre o fim de maio e o in\u00edcio de junho. Consumidores e empresas est\u00e3o ansiosos por ver o resultado pr\u00e1tico da nova f\u00f3rmula da corre\u00e7\u00e3o dos conv\u00eanios m\u00e9dicos.<\/p>\n<p>&nbsp;<\/p>\n<p><em>Bras\u00edlia, 10h27min<\/em><\/p>\n","protected":false},"excerpt":{"rendered":"<p>HAMILTON FERRARI Em meio ao intenso debate sobre reajustes de planos de sa\u00fade individuais, o presidente da FenaSa\u00fade,\u00a0Jo\u00e3o Alceu Amoroso Lima, diz que o retorno das operadoras a esse mercado (h\u00e1 muito tempo elas deixaram de oferecer tal produto) depende, sobretudo, da viabilidade econ\u00f4mico-financeira do neg\u00f3cio. &nbsp; Para que isso seja poss\u00edvel, o presidente da [&hellip;]<\/p>\n","protected":false},"author":22,"featured_media":0,"comment_status":"open","ping_status":"closed","sticky":false,"template":"","format":"standard","meta":{"footnotes":""},"categories":[600],"tags":[2607,3197,3832,215,264],"class_list":["post-10641","post","type-post","status-publish","format-standard","hentry","category-economia","tag-convenios","tag-fenasaude","tag-individuais","tag-planos-de-saude","tag-reajuste"],"_links":{"self":[{"href":"https:\/\/blogs.correiobraziliense.com.br\/vicente\/wp-json\/wp\/v2\/posts\/10641","targetHints":{"allow":["GET"]}}],"collection":[{"href":"https:\/\/blogs.correiobraziliense.com.br\/vicente\/wp-json\/wp\/v2\/posts"}],"about":[{"href":"https:\/\/blogs.correiobraziliense.com.br\/vicente\/wp-json\/wp\/v2\/types\/post"}],"author":[{"embeddable":true,"href":"https:\/\/blogs.correiobraziliense.com.br\/vicente\/wp-json\/wp\/v2\/users\/22"}],"replies":[{"embeddable":true,"href":"https:\/\/blogs.correiobraziliense.com.br\/vicente\/wp-json\/wp\/v2\/comments?post=10641"}],"version-history":[{"count":1,"href":"https:\/\/blogs.correiobraziliense.com.br\/vicente\/wp-json\/wp\/v2\/posts\/10641\/revisions"}],"predecessor-version":[{"id":10643,"href":"https:\/\/blogs.correiobraziliense.com.br\/vicente\/wp-json\/wp\/v2\/posts\/10641\/revisions\/10643"}],"wp:attachment":[{"href":"https:\/\/blogs.correiobraziliense.com.br\/vicente\/wp-json\/wp\/v2\/media?parent=10641"}],"wp:term":[{"taxonomy":"category","embeddable":true,"href":"https:\/\/blogs.correiobraziliense.com.br\/vicente\/wp-json\/wp\/v2\/categories?post=10641"},{"taxonomy":"post_tag","embeddable":true,"href":"https:\/\/blogs.correiobraziliense.com.br\/vicente\/wp-json\/wp\/v2\/tags?post=10641"}],"curies":[{"name":"wp","href":"https:\/\/api.w.org\/{rel}","templated":true}]}}