{"id":10633,"date":"2019-05-11T11:01:39","date_gmt":"2019-05-11T14:01:39","guid":{"rendered":"https:\/\/blogs.correiobraziliense.com.br\/vicente\/?p=10633"},"modified":"2019-05-11T13:06:53","modified_gmt":"2019-05-11T16:06:53","slug":"caminhoneiros-querem-surpreender-governo-com-greve-em-13-de-maio","status":"publish","type":"post","link":"https:\/\/blogs.correiobraziliense.com.br\/vicente\/caminhoneiros-querem-surpreender-governo-com-greve-em-13-de-maio\/","title":{"rendered":"Caminhoneiros querem surpreender governo com greve em 13 de maio"},"content":{"rendered":"<h2>RODOLFO COSTA<\/h2>\n<h2><\/h2>\n<p>Grupos de caminhoneiros amea\u00e7am com greve em \u00e2mbito nacional para segunda-feira (13\/5). A amea\u00e7a pegou de surpresa a Confedera\u00e7\u00e3o Nacional dos Transportadores Aut\u00f4nomos (CNTA) e at\u00e9 lideran\u00e7as da categoria de fora da entidade sindical. O comando do movimento n\u00e3o segue verticalidade alguma, ou seja, \u00e9 sem hierarquiza\u00e7\u00e3o. \u00c9 organizado pelos pr\u00f3prios transportadores, a ponto de n\u00e3o ter influ\u00eancia nem de l\u00edderes respons\u00e1veis pelas paralisa\u00e7\u00f5es de 2018, 2015 e 2013.<\/p>\n<p>&nbsp;<\/p>\n<p><a href=\"https:\/\/blogs.correiobraziliense.com.br\/vicente\/wp-content\/uploads\/sites\/16\/2019\/05\/Caminhoneiros1.jpg\"><img loading=\"lazy\" decoding=\"async\" class=\"wp-image-10634 aligncenter\" src=\"https:\/\/blogs.correiobraziliense.com.br\/vicente\/wp-content\/uploads\/sites\/16\/2019\/05\/Caminhoneiros1-1024x682.jpg\" alt=\"\" width=\"704\" height=\"469\" srcset=\"https:\/\/blogs.correiobraziliense.com.br\/vicente\/wp-content\/uploads\/sites\/16\/2019\/05\/Caminhoneiros1-1024x682.jpg 1024w, https:\/\/blogs.correiobraziliense.com.br\/vicente\/wp-content\/uploads\/sites\/16\/2019\/05\/Caminhoneiros1-300x200.jpg 300w, https:\/\/blogs.correiobraziliense.com.br\/vicente\/wp-content\/uploads\/sites\/16\/2019\/05\/Caminhoneiros1-768x512.jpg 768w, https:\/\/blogs.correiobraziliense.com.br\/vicente\/wp-content\/uploads\/sites\/16\/2019\/05\/Caminhoneiros1-350x233.jpg 350w, https:\/\/blogs.correiobraziliense.com.br\/vicente\/wp-content\/uploads\/sites\/16\/2019\/05\/Caminhoneiros1-550x367.jpg 550w, https:\/\/blogs.correiobraziliense.com.br\/vicente\/wp-content\/uploads\/sites\/16\/2019\/05\/Caminhoneiros1-230x153.jpg 230w, https:\/\/blogs.correiobraziliense.com.br\/vicente\/wp-content\/uploads\/sites\/16\/2019\/05\/Caminhoneiros1.jpg 1280w\" sizes=\"auto, (max-width: 704px) 100vw, 704px\" \/><\/a><\/p>\n<p>A amea\u00e7a de greve \u00e9 monitorada pelo governo. O Gabinete de Seguran\u00e7a Institucional (GSI) da Presid\u00eancia da Rep\u00fablica acompanha os movimentos dos caminhoneiros nas redes sociais e em aplicativos de mensagem instant\u00e2nea,como o WhatsApp. O governo tem feito esfor\u00e7os para minar toda e qualquer paralisa\u00e7\u00e3o, com di\u00e1logo aberto junto aos l\u00edderes pelo ministro de Infraestrutura, Tarc\u00edsio Freitas, e pela ministra da Agricultura, Tereza Cristina. Mas essa intimida\u00e7\u00e3o espec\u00edfica, com uma pauta que n\u00e3o estava no radar do governo, mobilizou a intelig\u00eancia do Pal\u00e1cio do Planalto a acompanhar tudo de perto.<\/p>\n<p>&nbsp;<\/p>\n<p>Os caminhoneiros v\u00eam organizando periodicamente greves ao longo dos \u00faltimos 30 anos. De dois em dois anos ou de tr\u00eas em tr\u00eas anos, historicamente, \u00e9 comum haver algum foco de paralisa\u00e7\u00e3o, com maior ou menor for\u00e7a. A do ano passado, no governo do ex-presidente Michel Temer, durou 10 dias e provocou impactos econ\u00f4micos no resultado do Produto Interno Bruto (PIB) do segundo trimestre.<\/p>\n<p>&nbsp;<\/p>\n<p>Em\u00a0comum entre essas paralisa\u00e7\u00f5es est\u00e1 a cria\u00e7\u00e3o de l\u00edderes. Em cada uma delas, algum aut\u00f4nomo se al\u00e7ou ao posto de lideran\u00e7a pelo respeito entre os pares como representante da categoria. Nada formal, de papel assinado, mas de reconhecimento. Nesta amea\u00e7a de nova paralisa\u00e7\u00e3o, v\u00e1rios despontam como postulantes, embora ainda seja cedo apontar algum indicado.<\/p>\n<p>&nbsp;<\/p>\n<p>A\u00a0paralisa\u00e7\u00e3o de 13 de maio \u00e9 organizada em grupos de WhatsApp. O <strong>Blog<\/strong>\u00a0acompanha\u00a0cinco desses agrupamentos no aplicativo de mensagem instant\u00e2nea. Centenas de mensagens s\u00e3o trocadas por horas, sendo alguns mais movimentados que os outros. Um deles, de nome \u201cParalisa\u00e7\u00e3o 13\/5\u201d, conta com 243 integrantes. Nem todos s\u00e3o caminhoneiros. Alguns entram apenas prestando apoio. Mas boa parte trocam mensagens por \u00e1udio e enviam fotos dos caminh\u00f5es.<\/p>\n<p>&nbsp;<\/p>\n<p>N\u00e3o\u00a0h\u00e1 uma pauta bem definida nesta paralisa\u00e7\u00e3o. A reivindica\u00e7\u00e3o central \u00e9 pela redu\u00e7\u00e3o do pre\u00e7o do \u00f3leo diesel, o que confirma a aus\u00eancia da participa\u00e7\u00e3o de l\u00edderes desse movimento. A agenda que lideran\u00e7as mant\u00eam com o governo \u00e9 por fiscaliza\u00e7\u00f5es no cumprimento da jornada de trabalho e do piso m\u00ednimo. Os caminhoneiros dispostos a fazer greve admitem que, primeiro, querem parar e, depois, discutir demandas com o governo.<\/p>\n<p>&nbsp;<\/p>\n<p><a href=\"https:\/\/blogs.correiobraziliense.com.br\/vicente\/wp-content\/uploads\/sites\/16\/2019\/05\/Caminhoneiros2.jpg\"><img loading=\"lazy\" decoding=\"async\" class=\"wp-image-10635 alignleft\" src=\"https:\/\/blogs.correiobraziliense.com.br\/vicente\/wp-content\/uploads\/sites\/16\/2019\/05\/Caminhoneiros2-756x1024.jpg\" alt=\"\" width=\"358\" height=\"485\" srcset=\"https:\/\/blogs.correiobraziliense.com.br\/vicente\/wp-content\/uploads\/sites\/16\/2019\/05\/Caminhoneiros2-756x1024.jpg 756w, https:\/\/blogs.correiobraziliense.com.br\/vicente\/wp-content\/uploads\/sites\/16\/2019\/05\/Caminhoneiros2-221x300.jpg 221w, https:\/\/blogs.correiobraziliense.com.br\/vicente\/wp-content\/uploads\/sites\/16\/2019\/05\/Caminhoneiros2-768x1040.jpg 768w, https:\/\/blogs.correiobraziliense.com.br\/vicente\/wp-content\/uploads\/sites\/16\/2019\/05\/Caminhoneiros2-258x350.jpg 258w, https:\/\/blogs.correiobraziliense.com.br\/vicente\/wp-content\/uploads\/sites\/16\/2019\/05\/Caminhoneiros2-550x745.jpg 550w, https:\/\/blogs.correiobraziliense.com.br\/vicente\/wp-content\/uploads\/sites\/16\/2019\/05\/Caminhoneiros2-230x312.jpg 230w, https:\/\/blogs.correiobraziliense.com.br\/vicente\/wp-content\/uploads\/sites\/16\/2019\/05\/Caminhoneiros2.jpg 945w\" sizes=\"auto, (max-width: 358px) 100vw, 358px\" \/><\/a><\/p>\n<p>A\u00a0revolta \u00e9 grande e o dia escolhido para paralisa\u00e7\u00e3o foi definido quase uma semana antes da data alusiva \u00e0 paralisa\u00e7\u00e3o do ano passado, iniciada em 21 de maio. Desde ent\u00e3o, os transportadores alegam que a situa\u00e7\u00e3o financeira piorou. Reclamam da falta de cargas para transportar\u00a0e do baixo pre\u00e7o do frete. Afinal, com o excesso da oferta de caminh\u00f5es no mercado e a baixa demanda no setor, o resultado \u00e9 a baixa remunera\u00e7\u00e3o.<\/p>\n<p>&nbsp;<\/p>\n<p>O\u00a0movimento de l\u00edderes era para marcar um ato de protesto em 19 de maio, um domingo. A organiza\u00e7\u00e3o se mobilizava para ir ao estacionamento do Est\u00e1dio Man\u00e9 Garrincha, Em Bras\u00edlia, e, depois, promover uma carreata na Esplanada dos Minist\u00e9rios, como na paralisa\u00e7\u00e3o de 2015. Com a\u00a0amea\u00e7a de greve para 13 de maio, l\u00edderes est\u00e3o tentando demover a ideia das bases, mas se dizem de m\u00e3os atadas.<\/p>\n<p>&nbsp;<\/p>\n<p><em>Bras\u00edlia, 11h01min<\/em><\/p>\n","protected":false},"excerpt":{"rendered":"<p>RODOLFO COSTA Grupos de caminhoneiros amea\u00e7am com greve em \u00e2mbito nacional para segunda-feira (13\/5). A amea\u00e7a pegou de surpresa a Confedera\u00e7\u00e3o Nacional dos Transportadores Aut\u00f4nomos (CNTA) e at\u00e9 lideran\u00e7as da categoria de fora da entidade sindical. O comando do movimento n\u00e3o segue verticalidade alguma, ou seja, \u00e9 sem hierarquiza\u00e7\u00e3o. \u00c9 organizado pelos pr\u00f3prios transportadores, a [&hellip;]<\/p>\n","protected":false},"author":22,"featured_media":10634,"comment_status":"open","ping_status":"closed","sticky":false,"template":"","format":"standard","meta":{"footnotes":""},"categories":[600],"tags":[3826,3390,467,347,3827],"class_list":["post-10633","post","type-post","status-publish","format-standard","has-post-thumbnail","hentry","category-economia","tag-13-de-maio","tag-caminhoneiros","tag-governo","tag-greve","tag-oleo-diesel"],"_links":{"self":[{"href":"https:\/\/blogs.correiobraziliense.com.br\/vicente\/wp-json\/wp\/v2\/posts\/10633","targetHints":{"allow":["GET"]}}],"collection":[{"href":"https:\/\/blogs.correiobraziliense.com.br\/vicente\/wp-json\/wp\/v2\/posts"}],"about":[{"href":"https:\/\/blogs.correiobraziliense.com.br\/vicente\/wp-json\/wp\/v2\/types\/post"}],"author":[{"embeddable":true,"href":"https:\/\/blogs.correiobraziliense.com.br\/vicente\/wp-json\/wp\/v2\/users\/22"}],"replies":[{"embeddable":true,"href":"https:\/\/blogs.correiobraziliense.com.br\/vicente\/wp-json\/wp\/v2\/comments?post=10633"}],"version-history":[{"count":3,"href":"https:\/\/blogs.correiobraziliense.com.br\/vicente\/wp-json\/wp\/v2\/posts\/10633\/revisions"}],"predecessor-version":[{"id":10638,"href":"https:\/\/blogs.correiobraziliense.com.br\/vicente\/wp-json\/wp\/v2\/posts\/10633\/revisions\/10638"}],"wp:featuredmedia":[{"embeddable":true,"href":"https:\/\/blogs.correiobraziliense.com.br\/vicente\/wp-json\/wp\/v2\/media\/10634"}],"wp:attachment":[{"href":"https:\/\/blogs.correiobraziliense.com.br\/vicente\/wp-json\/wp\/v2\/media?parent=10633"}],"wp:term":[{"taxonomy":"category","embeddable":true,"href":"https:\/\/blogs.correiobraziliense.com.br\/vicente\/wp-json\/wp\/v2\/categories?post=10633"},{"taxonomy":"post_tag","embeddable":true,"href":"https:\/\/blogs.correiobraziliense.com.br\/vicente\/wp-json\/wp\/v2\/tags?post=10633"}],"curies":[{"name":"wp","href":"https:\/\/api.w.org\/{rel}","templated":true}]}}