{"id":10628,"date":"2019-05-10T14:39:52","date_gmt":"2019-05-10T17:39:52","guid":{"rendered":"https:\/\/blogs.correiobraziliense.com.br\/vicente\/?p=10628"},"modified":"2019-05-10T14:52:27","modified_gmt":"2019-05-10T17:52:27","slug":"bradesco-corta-projecao-do-pib-deste-ano-de-19-para-11","status":"publish","type":"post","link":"https:\/\/blogs.correiobraziliense.com.br\/vicente\/bradesco-corta-projecao-do-pib-deste-ano-de-19-para-11\/","title":{"rendered":"Bradesco corta proje\u00e7\u00e3o do PIB deste ano de 1,9% para 1,1%"},"content":{"rendered":"<h2>ROSANA HESSEL<\/h2>\n<h2><\/h2>\n<h2>O banco Bradesco reduziu de 1,9% para 1,1% a previs\u00e3o de crescimento do Produto Interno Bruto (PIB) em 2019, &#8220;diante das decorrentes frustra\u00e7\u00f5es&#8221; com a atividade econ\u00f4mica neste primeiro trimestre. Essa nova estimativa indica que, ao menos, a economia vai andar de lado este ano, pois \u00e9 a mesma registrada em 2017 e em 2018.<\/h2>\n<p>&nbsp;<\/p>\n<p>&#8220;O crescimento mundial tem sido mais heterog\u00eaneo, se refletindo em um d\u00f3lar mais forte frente a algumas moedas emergentes, inclusive o real&#8221;, afirmou o documento da equipe do Bradesco.\u00a0A institui\u00e7\u00e3o espera que a aprova\u00e7\u00e3o da reforma da Previd\u00eancia Esperamos ocorra no segundo semestre, levando o c\u00e2mbio para algo em torno de US$ 3,80.<\/p>\n<p>&nbsp;<\/p>\n<p>O banco ainda aposta em uma redu\u00e7\u00e3o de juros na segunda metade do ano porque &#8220;h\u00e1 espa\u00e7o para cortes&#8221; e prev\u00ea a Selic (taxa b\u00e1sica da economia) em 5,75% no \u00faltimo m\u00eas do ano.\u00a0 &#8220;Embora o cen\u00e1rio econ\u00f4mico nos Estados Unidos pare\u00e7a favor\u00e1vel, n\u00e3o se pode dizer o mesmo do desempenho da atividade no resto do mundo. Na Europa, os dados recentes continuam sugerindo um fraco crescimento da regi\u00e3o. Na China, o recrudescimento das tens\u00f5es comerciais com os Estados Unidos colocam em d\u00favida a capacidade do governo sustentar o crescimento do PIB pr\u00f3ximo a 6%&#8221;, apontou o relat\u00f3rio.<\/p>\n<p>&nbsp;<\/p>\n<p>Assim como no ano passado, as previs\u00f5es do mercado em rela\u00e7\u00e3o \u00e0 retomada da economia brasileira est\u00e3o sendo cortadas consecutivamente. A mediana das estimativas est\u00e1 em 1,49%, praticamente metade do esperado no fim do ano passado. E, para piorar, esse movimento de revis\u00f5es est\u00e1 acontecendo no primeiro semestre, sinalizando\u00a0que a expans\u00e3o do PIB de 2019, se houver, poder\u00e1 ser inferior \u00e0 dos anos anteriores. Em 2018, a frustra\u00e7\u00e3o ocorreu depois da greve dos caminhoneiros estourada no fim de maio e as revis\u00f5es acabaram ocorrendo na segunda metade do ano.<\/p>\n<p>&nbsp;<\/p>\n<p><strong>Sem euforia<\/strong><\/p>\n<p>&nbsp;<\/p>\n<p>As previs\u00f5es cada vez piores do mercado\u00a0confirmam que a euforia\u00a0 ap\u00f3s a vit\u00f3ria de Jair Bolsonaro nas elei\u00e7\u00f5es de outubro de 2018 acabou. Os operadores que no fim do ano passado apostam que o \u00cdndice Bovespa passaria dos 120 mil pontos colocaram as barbas de molho e hoje torcem para que o indicador fique entre 94 mil e 95 mil pontos.\u00a0\u00a0A reforma da Previd\u00eancia mesmo se aprovada neste ano n\u00e3o conseguir\u00e1 mudar as expectativas para 2019, avisam analistas.<\/p>\n<p>&nbsp;<\/p>\n<p>A perda do otimismo tem a ver com a frustra\u00e7\u00e3o na atividade econ\u00f4mica e a piora da confian\u00e7a em meio \u00e0s\u00a0trapalhadas do novo governo que est\u00e3o se sobrepondo \u00e0s iniciativas de colocar em pr\u00e1tica a agenda econ\u00f4mica de reformas estruturais. N\u00e3o faz sentido, por exemplo, um ministro da Educa\u00e7\u00e3o, que \u00e9 economista, errar at\u00e9 uma simples conta de porcentagem.\u00a0 Isso ultrapassa qualquer amadorismo e s\u00f3 ajuda a espantar investidores s\u00e9rios, que buscam aplicar a prazos longos, gerando emprego de verdade.<\/p>\n<p>&nbsp;<\/p>\n<p>Resta saber como \u00e9 que o governo vai conseguir administrar o or\u00e7amento deste ano com um crescimento inferior aos 2,2% que est\u00e3o sendo previstos atualmente. Novos cortes vir\u00e3o. A equipe econ\u00f4mica tem sinalizado que gosta de trabalhar com a previs\u00e3o do mercado, mas tudo indica que o que o mercado prev\u00ea atualmente j\u00e1 n\u00e3o vai se concretizar, ou seja, mesmo se o governo reduzir de 2,2% para 1,5%, o governo continuar\u00e1 com frustra\u00e7\u00e3o de receita.<\/p>\n<p>&nbsp;<\/p>\n<p>&nbsp;<\/p>\n","protected":false},"excerpt":{"rendered":"<p>ROSANA HESSEL O banco Bradesco reduziu de 1,9% para 1,1% a previs\u00e3o de crescimento do Produto Interno Bruto (PIB) em 2019, &#8220;diante das decorrentes frustra\u00e7\u00f5es&#8221; com a atividade econ\u00f4mica neste primeiro trimestre. Essa nova estimativa indica que, ao menos, a economia vai andar de lado este ano, pois \u00e9 a mesma registrada em 2017 e [&hellip;]<\/p>\n","protected":false},"author":22,"featured_media":0,"comment_status":"open","ping_status":"closed","sticky":false,"template":"","format":"standard","meta":{"footnotes":""},"categories":[600],"tags":[2554,491,589,58],"class_list":["post-10628","post","type-post","status-publish","format-standard","hentry","category-economia","tag-bolsonaro","tag-bradesco","tag-economia","tag-pib"],"_links":{"self":[{"href":"https:\/\/blogs.correiobraziliense.com.br\/vicente\/wp-json\/wp\/v2\/posts\/10628","targetHints":{"allow":["GET"]}}],"collection":[{"href":"https:\/\/blogs.correiobraziliense.com.br\/vicente\/wp-json\/wp\/v2\/posts"}],"about":[{"href":"https:\/\/blogs.correiobraziliense.com.br\/vicente\/wp-json\/wp\/v2\/types\/post"}],"author":[{"embeddable":true,"href":"https:\/\/blogs.correiobraziliense.com.br\/vicente\/wp-json\/wp\/v2\/users\/22"}],"replies":[{"embeddable":true,"href":"https:\/\/blogs.correiobraziliense.com.br\/vicente\/wp-json\/wp\/v2\/comments?post=10628"}],"version-history":[{"count":4,"href":"https:\/\/blogs.correiobraziliense.com.br\/vicente\/wp-json\/wp\/v2\/posts\/10628\/revisions"}],"predecessor-version":[{"id":10632,"href":"https:\/\/blogs.correiobraziliense.com.br\/vicente\/wp-json\/wp\/v2\/posts\/10628\/revisions\/10632"}],"wp:attachment":[{"href":"https:\/\/blogs.correiobraziliense.com.br\/vicente\/wp-json\/wp\/v2\/media?parent=10628"}],"wp:term":[{"taxonomy":"category","embeddable":true,"href":"https:\/\/blogs.correiobraziliense.com.br\/vicente\/wp-json\/wp\/v2\/categories?post=10628"},{"taxonomy":"post_tag","embeddable":true,"href":"https:\/\/blogs.correiobraziliense.com.br\/vicente\/wp-json\/wp\/v2\/tags?post=10628"}],"curies":[{"name":"wp","href":"https:\/\/api.w.org\/{rel}","templated":true}]}}