{"id":10623,"date":"2019-05-08T20:20:32","date_gmt":"2019-05-08T23:20:32","guid":{"rendered":"https:\/\/blogs.correiobraziliense.com.br\/vicente\/?p=10623"},"modified":"2019-05-08T20:21:52","modified_gmt":"2019-05-08T23:21:52","slug":"13-municipios-do-rio-recebem-repasse-de-mais-de-r-1-milhao","status":"publish","type":"post","link":"https:\/\/blogs.correiobraziliense.com.br\/vicente\/13-municipios-do-rio-recebem-repasse-de-mais-de-r-1-milhao\/","title":{"rendered":"13 munic\u00edpios do Rio recebem repasse de mais de R$ 1 milh\u00e3o"},"content":{"rendered":"<h2>HAMILTON FERRARI<\/h2>\n<h2><\/h2>\n<h2>A Secretaria de Estado de Desenvolvimento Social e Direitos Humanos (SEDSDH) do Rio fez o pagamento da primeira parcela do cofinanciamento estadual de assist\u00eancia social de 2019 para os 13 munic\u00edpios fluminenses aptos a receber o recurso.<\/h2>\n<p>&nbsp;<\/p>\n<p>O total de R$ 1,079 milh\u00e3o ser\u00e1 repassado aos fundos de assist\u00eancia das seguintes cidades: Miracema, S\u00e3o Pedro da Aldeia, Resende, Angra dos Reis, Quatis, Teres\u00f3polis, Cabo Frio, Valen\u00e7a, Cambuci, Aperib\u00e9, Quissam\u00e3, Areal e Santa Maria Madalena.<\/p>\n<p>&nbsp;<\/p>\n<p>\u201cEsses recursos visam manter e desenvolver a\u00e7\u00f5es socioassistenciais nos equipamentos voltados ao atendimento da parcela mais vulner\u00e1vel da popula\u00e7\u00e3o: pessoas em situa\u00e7\u00e3o de rua, v\u00edtimas de abuso e explora\u00e7\u00e3o, bem como fam\u00edlias com crian\u00e7as e adolescentes com defici\u00eancia, por exemplo.<\/p>\n<p>&nbsp;<\/p>\n<p>Para ter direito ao repasse, os munic\u00edpios precisam prestar contas dos recursos recebidos em 2018, al\u00e9m de apresentar o plano de a\u00e7\u00e3o de 2019 aprovados pelos conselhos municipais\u201d, explica a secret\u00e1ria Fabiana Bentes.<\/p>\n<p>&nbsp;<\/p>\n<p><em>Bras\u00edlia, 19h30min<\/em><\/p>\n","protected":false},"excerpt":{"rendered":"<p>HAMILTON FERRARI A Secretaria de Estado de Desenvolvimento Social e Direitos Humanos (SEDSDH) do Rio fez o pagamento da primeira parcela do cofinanciamento estadual de assist\u00eancia social de 2019 para os 13 munic\u00edpios fluminenses aptos a receber o recurso. &nbsp; O total de R$ 1,079 milh\u00e3o ser\u00e1 repassado aos fundos de assist\u00eancia das seguintes cidades: [&hellip;]<\/p>\n","protected":false},"author":22,"featured_media":0,"comment_status":"open","ping_status":"closed","sticky":false,"template":"","format":"standard","meta":{"footnotes":""},"categories":[600],"tags":[3825,581,954,273,3081],"class_list":["post-10623","post","type-post","status-publish","format-standard","hentry","category-economia","tag-direitos-humanos","tag-municipios","tag-repasse","tag-rio","tag-secretaria"],"_links":{"self":[{"href":"https:\/\/blogs.correiobraziliense.com.br\/vicente\/wp-json\/wp\/v2\/posts\/10623","targetHints":{"allow":["GET"]}}],"collection":[{"href":"https:\/\/blogs.correiobraziliense.com.br\/vicente\/wp-json\/wp\/v2\/posts"}],"about":[{"href":"https:\/\/blogs.correiobraziliense.com.br\/vicente\/wp-json\/wp\/v2\/types\/post"}],"author":[{"embeddable":true,"href":"https:\/\/blogs.correiobraziliense.com.br\/vicente\/wp-json\/wp\/v2\/users\/22"}],"replies":[{"embeddable":true,"href":"https:\/\/blogs.correiobraziliense.com.br\/vicente\/wp-json\/wp\/v2\/comments?post=10623"}],"version-history":[{"count":1,"href":"https:\/\/blogs.correiobraziliense.com.br\/vicente\/wp-json\/wp\/v2\/posts\/10623\/revisions"}],"predecessor-version":[{"id":10624,"href":"https:\/\/blogs.correiobraziliense.com.br\/vicente\/wp-json\/wp\/v2\/posts\/10623\/revisions\/10624"}],"wp:attachment":[{"href":"https:\/\/blogs.correiobraziliense.com.br\/vicente\/wp-json\/wp\/v2\/media?parent=10623"}],"wp:term":[{"taxonomy":"category","embeddable":true,"href":"https:\/\/blogs.correiobraziliense.com.br\/vicente\/wp-json\/wp\/v2\/categories?post=10623"},{"taxonomy":"post_tag","embeddable":true,"href":"https:\/\/blogs.correiobraziliense.com.br\/vicente\/wp-json\/wp\/v2\/tags?post=10623"}],"curies":[{"name":"wp","href":"https:\/\/api.w.org\/{rel}","templated":true}]}}