{"id":10612,"date":"2019-05-07T22:36:29","date_gmt":"2019-05-08T01:36:29","guid":{"rendered":"https:\/\/blogs.correiobraziliense.com.br\/vicente\/?p=10612"},"modified":"2019-05-07T22:36:29","modified_gmt":"2019-05-08T01:36:29","slug":"em-dois-dias-bolsa-perde-r-553-bilhoes-em-valor-de-mercado","status":"publish","type":"post","link":"https:\/\/blogs.correiobraziliense.com.br\/vicente\/em-dois-dias-bolsa-perde-r-553-bilhoes-em-valor-de-mercado\/","title":{"rendered":"Em dois dias, bolsa perde R$ 55,3 bilh\u00f5es em valor de mercado"},"content":{"rendered":"<h2>ROSANA HESSEL<\/h2>\n<h2>A retomada da guerra comercial entre Estados Unidos e China fez a Bolsa de Valores de S\u00e3o Paulo (B3) recuar por dois dias seguidos, embalada pelas pelas bolsas internacionais. Em valor de mercado, as empresas listadas na bolsa paulista tiveram uma desvaloriza\u00e7\u00e3o de R$ 55,3 bilh\u00f5es nesse per\u00edodo, conforme levantamento feito pela Econom\u00e1tica.<\/h2>\n<p>&nbsp;<\/p>\n<p>Os dados foram levantados em um comparativo dos valores de mercado das empresas listadas na bolsa paulista desde sexta-feira (3\/5) at\u00e9 esta ter\u00e7a-feira (7\/5). <span style=\"font-weight: 400\">\u00a0Os bancos Bradesco, Ita\u00fa e Santander lideraram o ranking das perdas, segundo os dados da consultoria. Bradesco desvalorizou R$ 10,6 bilh\u00f5es nesse per\u00edodo; Ita\u00fa, R$ 9,2 bilh\u00f5es; e Santander, R$ 6,9 bilh\u00f5es.\u00a0<\/span><\/p>\n<p>&nbsp;<\/p>\n<p><span style=\"font-weight: 400\">A Petrobras ficou em quarto lugar. O valor de mercado da estatal foi reduzido em R$ 5,3 bilh\u00f5es, mais do que o lucro lucro l\u00edquido de R$ 4 bilh\u00f5es registrado no primeiro trimestre de 2019.\u00a0<\/span>A Ambev teve a quinta maior desvaloriza\u00e7\u00e3o em dois dias, de R$ 4,2 bilh\u00f5es.<\/p>\n<p>&nbsp;<\/p>\n<p><span style=\"font-weight: 400\">Na contram\u00e3o, Hapvida teve a maior valoriza\u00e7\u00e3o na B3 nesses dois dias de turbul\u00eancia global, de R$ 1,5 bilh\u00e3o. Terceira maior operadora de planos de sa\u00fade do pa\u00eds, a companhia comprou o grupo S\u00e3o Francisco, de Ribeir\u00e3o Preto (SP), um neg\u00f3cio de R$ 5 bilh\u00f5es e suas a\u00e7\u00f5es subiram hoje 7%, ap\u00f3s o an\u00fancio da aquisi\u00e7\u00e3o.<\/span><\/p>\n<p>&nbsp;<\/p>\n<p><span style=\"font-weight: 400\">E<\/span><span style=\"font-weight: 400\">statais que est\u00e3o na lista de serem privatizadas tamb\u00e9m registraram aumento no valor de suas a\u00e7\u00f5es. Sabesp e a BR Distribuidora, com ganhos de R$ 956,9 milh\u00e3o e R$ 955,3 milh\u00f5es, respectivamente.<\/span><\/p>\n<p>&nbsp;<\/p>\n<p><span style=\"font-weight: 400\">Ao anunciar um novo aumento de tarifas para os produtos chineses a partir de sexta-feira (10\/05), o presidente dos Estados Unidos, Donald Trump, mexeu com os mercados no mundo inteiro e fez as bolsas estrangeiras desabarem<\/span><span style=\"font-weight: 400\">.\u00a0\u00a0<\/span><\/p>\n<p>&nbsp;<\/p>\n<p>O \u00cdndice Bovespa registrou queda de 0,65%, nesta ter\u00e7a, fechando em 94.388 pontos e, pelas estimativas do economista Sidnei Nehme, da NGO Corretora, para o indicador conseguir\u00a0 subir al\u00e9m de 95.000 pontos, ser\u00e1 preciso que o governo se articule melhor para aprovar a reforma da Previd\u00eancia no Congresso ainda neste ano.<\/p>\n<p>&nbsp;<\/p>\n<p>&nbsp;<\/p>\n<p>&nbsp;<\/p>\n","protected":false},"excerpt":{"rendered":"<p>ROSANA HESSEL A retomada da guerra comercial entre Estados Unidos e China fez a Bolsa de Valores de S\u00e3o Paulo (B3) recuar por dois dias seguidos, embalada pelas pelas bolsas internacionais. Em valor de mercado, as empresas listadas na bolsa paulista tiveram uma desvaloriza\u00e7\u00e3o de R$ 55,3 bilh\u00f5es nesse per\u00edodo, conforme levantamento feito pela Econom\u00e1tica. [&hellip;]<\/p>\n","protected":false},"author":22,"featured_media":0,"comment_status":"open","ping_status":"closed","sticky":false,"template":"","format":"standard","meta":{"footnotes":""},"categories":[600],"tags":[2740,2393,3824,589,3494,2463],"class_list":["post-10612","post","type-post","status-publish","format-standard","hentry","category-economia","tag-b3","tag-bolsa","tag-economatica","tag-economia","tag-guerra-comercial","tag-perdas"],"_links":{"self":[{"href":"https:\/\/blogs.correiobraziliense.com.br\/vicente\/wp-json\/wp\/v2\/posts\/10612","targetHints":{"allow":["GET"]}}],"collection":[{"href":"https:\/\/blogs.correiobraziliense.com.br\/vicente\/wp-json\/wp\/v2\/posts"}],"about":[{"href":"https:\/\/blogs.correiobraziliense.com.br\/vicente\/wp-json\/wp\/v2\/types\/post"}],"author":[{"embeddable":true,"href":"https:\/\/blogs.correiobraziliense.com.br\/vicente\/wp-json\/wp\/v2\/users\/22"}],"replies":[{"embeddable":true,"href":"https:\/\/blogs.correiobraziliense.com.br\/vicente\/wp-json\/wp\/v2\/comments?post=10612"}],"version-history":[{"count":1,"href":"https:\/\/blogs.correiobraziliense.com.br\/vicente\/wp-json\/wp\/v2\/posts\/10612\/revisions"}],"predecessor-version":[{"id":10613,"href":"https:\/\/blogs.correiobraziliense.com.br\/vicente\/wp-json\/wp\/v2\/posts\/10612\/revisions\/10613"}],"wp:attachment":[{"href":"https:\/\/blogs.correiobraziliense.com.br\/vicente\/wp-json\/wp\/v2\/media?parent=10612"}],"wp:term":[{"taxonomy":"category","embeddable":true,"href":"https:\/\/blogs.correiobraziliense.com.br\/vicente\/wp-json\/wp\/v2\/categories?post=10612"},{"taxonomy":"post_tag","embeddable":true,"href":"https:\/\/blogs.correiobraziliense.com.br\/vicente\/wp-json\/wp\/v2\/tags?post=10612"}],"curies":[{"name":"wp","href":"https:\/\/api.w.org\/{rel}","templated":true}]}}