{"id":10558,"date":"2019-04-18T20:01:44","date_gmt":"2019-04-18T23:01:44","guid":{"rendered":"https:\/\/blogs.correiobraziliense.com.br\/vicente\/?p=10558"},"modified":"2019-04-18T21:36:41","modified_gmt":"2019-04-19T00:36:41","slug":"para-governo-concurseiros-terao-que-enfrentar-riscos-da-iniciativa-privada","status":"publish","type":"post","link":"https:\/\/blogs.correiobraziliense.com.br\/vicente\/para-governo-concurseiros-terao-que-enfrentar-riscos-da-iniciativa-privada\/","title":{"rendered":"Para governo, concurseiros ter\u00e3o que enfrentar riscos da iniciativa privada"},"content":{"rendered":"<h2>T\u00e9cnicos do governo que v\u00eam trabalhando em projetos para o enxugamento da m\u00e1quina p\u00fablica afirmam que, diante das restri\u00e7\u00f5es \u00e0 realiza\u00e7\u00e3o de concursos nos pr\u00f3ximos quatro anos, os concurseiros ter\u00e3o de se preparar para enfrentar os riscos da iniciativa privada.<\/h2>\n<p>&nbsp;<\/p>\n<figure id=\"attachment_10448\" aria-describedby=\"caption-attachment-10448\" style=\"width: 503px\" class=\"wp-caption alignleft\"><a href=\"https:\/\/blogs.correiobraziliense.com.br\/vicente\/wp-content\/uploads\/sites\/16\/2019\/04\/Esplanada.jpg\"><img loading=\"lazy\" decoding=\"async\" class=\" wp-image-10448\" src=\"https:\/\/blogs.correiobraziliense.com.br\/vicente\/wp-content\/uploads\/sites\/16\/2019\/04\/Esplanada.jpg\" alt=\"\" width=\"503\" height=\"235\" srcset=\"https:\/\/blogs.correiobraziliense.com.br\/vicente\/wp-content\/uploads\/sites\/16\/2019\/04\/Esplanada.jpg 800w, https:\/\/blogs.correiobraziliense.com.br\/vicente\/wp-content\/uploads\/sites\/16\/2019\/04\/Esplanada-300x140.jpg 300w, https:\/\/blogs.correiobraziliense.com.br\/vicente\/wp-content\/uploads\/sites\/16\/2019\/04\/Esplanada-768x359.jpg 768w, https:\/\/blogs.correiobraziliense.com.br\/vicente\/wp-content\/uploads\/sites\/16\/2019\/04\/Esplanada-350x164.jpg 350w, https:\/\/blogs.correiobraziliense.com.br\/vicente\/wp-content\/uploads\/sites\/16\/2019\/04\/Esplanada-550x257.jpg 550w, https:\/\/blogs.correiobraziliense.com.br\/vicente\/wp-content\/uploads\/sites\/16\/2019\/04\/Esplanada-230x108.jpg 230w\" sizes=\"auto, (max-width: 503px) 100vw, 503px\" \/><\/a><figcaption id=\"caption-attachment-10448\" class=\"wp-caption-text\"><strong>Foto:<\/strong> Breno Fortes\/CB\/D.A. Press<\/figcaption><\/figure>\n<p>Isso que dizer, segundo os t\u00e9cnicos, que aqueles que dedicam horas do dia para estudar para sele\u00e7\u00f5es p\u00fablicas dever\u00e3o dar uma guinada e mirar as oportunidades de emprego em empresas privadas. O setor p\u00fablico empregar\u00e1 cada vez menos.<\/p>\n<p>&nbsp;<\/p>\n<p>Perante essa realidade, afirmam os t\u00e9cnicos, a ind\u00fastria de cursinhos, que fatura milh\u00f5es de reais oferecendo facilidades mas sem grandes resultados, vai encolher muito. Quanto mais enxuta for a Esplanada dos Minist\u00e9rios, menos cursinhos haver\u00e1.<\/p>\n<p>&nbsp;<\/p>\n<p>&#8220;N\u00e3o faz mais sentido manter tantas escolas preparat\u00f3rias para concursos. Esse mercado vai encolher na mesma propor\u00e7\u00e3o que o governo fechar\u00e1 as torneiras das sele\u00e7\u00f5es&#8221;, diz um dos t\u00e9cnicos. A restri\u00e7\u00e3o a concursos valer\u00e1 tanto para o governo federal quanto para estados e munic\u00edpios, que est\u00e3o quebrados.<\/p>\n<p>&nbsp;<\/p>\n<p><strong>Pente-fino<\/strong><\/p>\n<p>&nbsp;<\/p>\n<p>Segundo o secret\u00e1rio de Gest\u00e3o e Desempenho de Pessoal do Minist\u00e9rio da Economia, Wagner Lenhart, o governo federal vem passando um grande pente-fino na estrutura de pessoal do Executivo federal. Com isso, est\u00e3o sendo extintos cargos vagos e aqueles considerados obsoletos.<\/p>\n<p>&nbsp;<\/p>\n<p>Somente neste m\u00eas de abril, um decreto acabou com <a href=\"https:\/\/blogs.correiobraziliense.com.br\/vicente\/bolsonaro-extinguira-13-mil-cargos-considerados-obsoletos\/\">13 mil vagas<\/a> que n\u00e3o cabem mais em um Estado moderno. S\u00e3o fun\u00e7\u00f5es que deixaram de existir ou se renovaram. Em 2018, mais de 60 mil postos obsoletos haviam sido extintos.<\/p>\n<p>&nbsp;<\/p>\n<p>O Estado, acredita Lenhart, precisar\u00e1 cada vez mais de tecnologia e cada vez menos de pessoas para a presta\u00e7\u00e3o de servi\u00e7os \u00e0 sociedade. Isso permitir\u00e1 uma economia significativa aos cofres p\u00fablicos.<\/p>\n<p>&nbsp;<\/p>\n<p>Hoje, os gastos com pessoal e com Previd\u00eancia Social consomem quase 70% dos recursos dispon\u00edveis no caixa do Tesouro Nacional. N\u00e3o por acaso, \u00e1reas essenciais, como sa\u00fade, educa\u00e7\u00e3o, seguran\u00e7a e infraestrutura, est\u00e3o em p\u00e9ssimo estado.<\/p>\n<p>&nbsp;<\/p>\n<p>Sendo assim, mais do que prometer o sonho da estabilidade no emprego e sal\u00e1rios acima da iniciativa privada, o governo federal ter\u00e1 que estimular o crescimento econ\u00f4mico para a cria\u00e7\u00e3o de empregos.<\/p>\n<p>&nbsp;<\/p>\n<p>Os concurseiros ter\u00e3o que deixar as salas dos cursinhos para disputar o acirrado mercado privado.<\/p>\n<p>&nbsp;<\/p>\n<p><em>Bras\u00edlia, 20h01min<\/em><\/p>\n","protected":false},"excerpt":{"rendered":"<p>T\u00e9cnicos do governo que v\u00eam trabalhando em projetos para o enxugamento da m\u00e1quina p\u00fablica afirmam que, diante das restri\u00e7\u00f5es \u00e0 realiza\u00e7\u00e3o de concursos nos pr\u00f3ximos quatro anos, os concurseiros ter\u00e3o de se preparar para enfrentar os riscos da iniciativa privada. &nbsp; Isso que dizer, segundo os t\u00e9cnicos, que aqueles que dedicam horas do dia para [&hellip;]<\/p>\n","protected":false},"author":22,"featured_media":0,"comment_status":"open","ping_status":"closed","sticky":false,"template":"","format":"standard","meta":{"footnotes":""},"categories":[600],"tags":[3809,3808,911,1390,3506,1375,3810],"class_list":["post-10558","post","type-post","status-publish","format-standard","hentry","category-economia","tag-13-mil-vagas","tag-concurseiros","tag-concursos","tag-enxugamento","tag-estado","tag-extincao","tag-maquina"],"_links":{"self":[{"href":"https:\/\/blogs.correiobraziliense.com.br\/vicente\/wp-json\/wp\/v2\/posts\/10558","targetHints":{"allow":["GET"]}}],"collection":[{"href":"https:\/\/blogs.correiobraziliense.com.br\/vicente\/wp-json\/wp\/v2\/posts"}],"about":[{"href":"https:\/\/blogs.correiobraziliense.com.br\/vicente\/wp-json\/wp\/v2\/types\/post"}],"author":[{"embeddable":true,"href":"https:\/\/blogs.correiobraziliense.com.br\/vicente\/wp-json\/wp\/v2\/users\/22"}],"replies":[{"embeddable":true,"href":"https:\/\/blogs.correiobraziliense.com.br\/vicente\/wp-json\/wp\/v2\/comments?post=10558"}],"version-history":[{"count":4,"href":"https:\/\/blogs.correiobraziliense.com.br\/vicente\/wp-json\/wp\/v2\/posts\/10558\/revisions"}],"predecessor-version":[{"id":10562,"href":"https:\/\/blogs.correiobraziliense.com.br\/vicente\/wp-json\/wp\/v2\/posts\/10558\/revisions\/10562"}],"wp:attachment":[{"href":"https:\/\/blogs.correiobraziliense.com.br\/vicente\/wp-json\/wp\/v2\/media?parent=10558"}],"wp:term":[{"taxonomy":"category","embeddable":true,"href":"https:\/\/blogs.correiobraziliense.com.br\/vicente\/wp-json\/wp\/v2\/categories?post=10558"},{"taxonomy":"post_tag","embeddable":true,"href":"https:\/\/blogs.correiobraziliense.com.br\/vicente\/wp-json\/wp\/v2\/tags?post=10558"}],"curies":[{"name":"wp","href":"https:\/\/api.w.org\/{rel}","templated":true}]}}