{"id":10541,"date":"2019-04-17T18:26:39","date_gmt":"2019-04-17T21:26:39","guid":{"rendered":"https:\/\/blogs.correiobraziliense.com.br\/vicente\/?p=10541"},"modified":"2024-01-02T16:56:54","modified_gmt":"2024-01-02T19:56:54","slug":"governo-injetara-mais-r-12-bilhao-na-telebras","status":"publish","type":"post","link":"https:\/\/blogs.correiobraziliense.com.br\/vicente\/governo-injetara-mais-r-12-bilhao-na-telebras\/","title":{"rendered":"Governo injetar\u00e1 mais R$ 1,2 bilh\u00e3o na Telebras"},"content":{"rendered":"<h2>A Telebras, estatal recriada nas administra\u00e7\u00f5es petistas, receber\u00e1 inje\u00e7\u00e3o de R$ 1,2 bilh\u00e3o do governo para refor\u00e7ar seu capital e para tocar projetos considerados estrat\u00e9gicos, como levar internet para as regi\u00f5es mais remotas do pa\u00eds.<\/h2>\n<p>&nbsp;<\/p>\n<p><a href=\"https:\/\/blogs.correiobraziliense.com.br\/vicente\/wp-content\/uploads\/sites\/16\/2019\/04\/Telebras.jpg\"><img loading=\"lazy\" decoding=\"async\" class=\"wp-image-10423 alignleft\" src=\"https:\/\/blogs.correiobraziliense.com.br\/vicente\/wp-content\/uploads\/sites\/16\/2019\/04\/Telebras-1024x767.jpg\" alt=\"\" width=\"613\" height=\"459\" srcset=\"https:\/\/blogs.correiobraziliense.com.br\/vicente\/wp-content\/uploads\/sites\/16\/2019\/04\/Telebras-1024x767.jpg 1024w, https:\/\/blogs.correiobraziliense.com.br\/vicente\/wp-content\/uploads\/sites\/16\/2019\/04\/Telebras-300x225.jpg 300w, https:\/\/blogs.correiobraziliense.com.br\/vicente\/wp-content\/uploads\/sites\/16\/2019\/04\/Telebras-768x575.jpg 768w, https:\/\/blogs.correiobraziliense.com.br\/vicente\/wp-content\/uploads\/sites\/16\/2019\/04\/Telebras-350x262.jpg 350w, https:\/\/blogs.correiobraziliense.com.br\/vicente\/wp-content\/uploads\/sites\/16\/2019\/04\/Telebras-550x412.jpg 550w, https:\/\/blogs.correiobraziliense.com.br\/vicente\/wp-content\/uploads\/sites\/16\/2019\/04\/Telebras-230x172.jpg 230w, https:\/\/blogs.correiobraziliense.com.br\/vicente\/wp-content\/uploads\/sites\/16\/2019\/04\/Telebras.jpg 1280w\" sizes=\"auto, (max-width: 613px) 100vw, 613px\" \/><\/a><\/p>\n<p>Em nota, a estatal explica o porqu\u00ea de estar registrando consecutivos preju\u00edzos. Em 2018, as perdas chegaram a R$ 224,8 <em>milh\u00f5es. Veja a \u00edntegra do documento.<\/em><\/p>\n<p>&nbsp;<\/p>\n<p><em>&#8220;Com base na not\u00edcia \u201cTelebras continua torrando dinheiro p\u00fablico. Em 2018: preju\u00edzos de R$ 224,8 milh\u00f5es\u201d, veiculada na ter\u00e7a-feira, 9 de abril, pelo \u201cBlog do Vicente\u201d, a Telebras esclarece:<\/em><\/p>\n<p><em><strong>\u00b7<\/strong> O Governo n\u00e3o foi obrigado a injetar R$1,3 bilh\u00e3o no caixa da Telebras. A Telebras \u00e9 uma empresa estatal independente e recebe aportes da Uni\u00e3o, exclusivamente do Or\u00e7amento de Investimentos, para implementar pol\u00edticas p\u00fablicas por meio da constru\u00e7\u00e3o de Rede de Terrestre para o PNBL e constru\u00e7\u00e3o do Sat\u00e9lite Geoestacion\u00e1rio de Defesa e Comunica\u00e7\u00f5es Estrat\u00e9gicas (SGDC).<\/em><\/p>\n<p><em><strong>\u00b7<\/strong> Os recursos s\u00e3o enviados pela Uni\u00e3o e n\u00e3o t\u00eam finalidade de cobrir d\u00e9ficits, mas sim a aquisi\u00e7\u00e3o de bens de infraestrutura, de acordo com as pol\u00edticas p\u00fablicas estabelecidas pelo Governo.<\/em><\/p>\n<p><em>\u00b7 Em rela\u00e7\u00e3o ao R$1,3 bilh\u00e3o citado na reportagem, trata-se da formaliza\u00e7\u00e3o do aumento de capital da companhia de aportes feitos entre 2011 e 2015 para constru\u00e7\u00e3o de rede terrestre e do SGDC.<\/em><\/p>\n<p><em><strong>\u00b7<\/strong> O Patrim\u00f4nio L\u00edquido da Telebras n\u00e3o ficar\u00e1 negativo, pois est\u00e1 em andamento um novo processo de formaliza\u00e7\u00e3o de aumento de capital de aportes feitos entre 2015 e 2018, no valor aproximado de R$ 1,2 bilh\u00e3o, aportes esses j\u00e1 reconhecidos nas Demonstra\u00e7\u00f5es Cont\u00e1beis da empresa. Esse aporte tamb\u00e9m foi destinado a constru\u00e7\u00e3o sat\u00e9lite SGDC, e t\u00e3o logo haja autoriza\u00e7\u00e3o presidencial, esses recursos tamb\u00e9m ser\u00e3o capitalizados. Reitera-se que n\u00e3o se trata de envio de recursos do Tesouro, mas somente de formaliza\u00e7\u00e3o do processo de aumento de capital.<\/em><\/p>\n<p><em><strong>\u00b7<\/strong> Cabe ressaltar que a Uni\u00e3o escolheu a Telebras para implementar projetos estrat\u00e9gicos de Estado, cujo per\u00edodo de matura\u00e7\u00e3o para a gera\u00e7\u00e3o de resultados \u00e9 demorado pela complexidade e infraestrutura demandas para sua operacionaliza\u00e7\u00e3o integral.<\/em><\/p>\n<p><em><strong>Sat\u00e9lite<\/strong><\/em><\/p>\n<p><em><strong>\u00b7<\/strong> Quanto ao sat\u00e9lite, os mais de R$ 2 bilh\u00f5es investidos n\u00e3o foram apenas para o SGDC, mas tamb\u00e9m para a viabiliza\u00e7\u00e3o da infraestrutura operacional terrestre do sat\u00e9lite, compreendendo, inclusive, dois Centros de Opera\u00e7\u00f5es Espaciais (em Bras\u00edlia e no Rio de Janeiro) e cinco gateways (ou esta\u00e7\u00f5es de acesso) em Campo Grande-MS, Florian\u00f3polis-SC, Salvador-BA, Bras\u00edlia-DF e Rio de Janeiro-RJ. O sat\u00e9lite est\u00e1 operacional desde julho de 2018, com 100% dos seus feixes ativados, significando cobertura em todo territ\u00f3rio nacional, sendo instrumento fundamental para levar conex\u00e3o de internet em banda larga a escolas p\u00fablicas, unidades de sa\u00fade e postos de fronteira situados em localidades distantes e isoladas do pa\u00eds, j\u00e1 s\u00e3o mais de 700 mil alunos positivamente impactados.<\/em><\/p>\n<p><em><strong>\u00b7<\/strong> Por fim, \u00e9 importante ressaltar que o SGDC tem tido papel importante no apoio \u00e0s causas humanit\u00e1rias e de relevante interesse coletivo, como \u00e9 foi o caso da ativa\u00e7\u00e3o do sistema de comunica\u00e7\u00e3o via sat\u00e9lite que ocorreu durante a trag\u00e9dia em Brumadinho. Ao todo, 22 antenas foram instaladas para a oferta de servi\u00e7os de comunica\u00e7\u00f5es, com Wi-Fi de 20 Mbps cada, atendendo, de forma gratuita, ao Comando Central de Opera\u00e7\u00f5es, \u00e0s Pol\u00edcias Federal e Militar de Minas Gerais, \u00e0 For\u00e7a A\u00e9rea, Corpo de Bombeiros, Defesa Civil, aos militares israelenses no apoio \u00e0s opera\u00e7\u00f5es de campo, ao servi\u00e7o de cadastramento das fam\u00edlias das v\u00edtimas e \u00e0 comunidade na regi\u00e3o.&#8221;<\/em><\/p>\n<p>&nbsp;<\/p>\n<p><em>Bras\u00edlia, 18h26min\u00a0<\/em><\/p>\n","protected":false},"excerpt":{"rendered":"<p>A Telebras, estatal recriada nas administra\u00e7\u00f5es petistas, receber\u00e1 inje\u00e7\u00e3o de R$ 1,2 bilh\u00e3o do governo para refor\u00e7ar seu capital e para tocar projetos considerados estrat\u00e9gicos, como levar internet para as regi\u00f5es mais remotas do pa\u00eds. &nbsp; Em nota, a estatal explica o porqu\u00ea de estar registrando consecutivos preju\u00edzos. Em 2018, as perdas chegaram a R$ [&hellip;]<\/p>\n","protected":false},"author":22,"featured_media":0,"comment_status":"open","ping_status":"closed","sticky":false,"template":"","format":"standard","meta":{"footnotes":""},"categories":[600],"tags":[1128,3804,3610,168,1127,1895],"class_list":["post-10541","post","type-post","status-publish","format-standard","hentry","category-economia","tag-2-bilhao","tag-injecao-de-capital","tag-internet","tag-prejuizos","tag-r-1","tag-telebras"],"_links":{"self":[{"href":"https:\/\/blogs.correiobraziliense.com.br\/vicente\/wp-json\/wp\/v2\/posts\/10541","targetHints":{"allow":["GET"]}}],"collection":[{"href":"https:\/\/blogs.correiobraziliense.com.br\/vicente\/wp-json\/wp\/v2\/posts"}],"about":[{"href":"https:\/\/blogs.correiobraziliense.com.br\/vicente\/wp-json\/wp\/v2\/types\/post"}],"author":[{"embeddable":true,"href":"https:\/\/blogs.correiobraziliense.com.br\/vicente\/wp-json\/wp\/v2\/users\/22"}],"replies":[{"embeddable":true,"href":"https:\/\/blogs.correiobraziliense.com.br\/vicente\/wp-json\/wp\/v2\/comments?post=10541"}],"version-history":[{"count":3,"href":"https:\/\/blogs.correiobraziliense.com.br\/vicente\/wp-json\/wp\/v2\/posts\/10541\/revisions"}],"predecessor-version":[{"id":29463,"href":"https:\/\/blogs.correiobraziliense.com.br\/vicente\/wp-json\/wp\/v2\/posts\/10541\/revisions\/29463"}],"wp:attachment":[{"href":"https:\/\/blogs.correiobraziliense.com.br\/vicente\/wp-json\/wp\/v2\/media?parent=10541"}],"wp:term":[{"taxonomy":"category","embeddable":true,"href":"https:\/\/blogs.correiobraziliense.com.br\/vicente\/wp-json\/wp\/v2\/categories?post=10541"},{"taxonomy":"post_tag","embeddable":true,"href":"https:\/\/blogs.correiobraziliense.com.br\/vicente\/wp-json\/wp\/v2\/tags?post=10541"}],"curies":[{"name":"wp","href":"https:\/\/api.w.org\/{rel}","templated":true}]}}