{"id":10532,"date":"2019-04-17T16:36:39","date_gmt":"2019-04-17T19:36:39","guid":{"rendered":"https:\/\/blogs.correiobraziliense.com.br\/vicente\/?p=10532"},"modified":"2019-04-17T16:52:35","modified_gmt":"2019-04-17T19:52:35","slug":"pai-de-neymar-se-reune-com-o-ministro-da-economia-e-receita-federal","status":"publish","type":"post","link":"https:\/\/blogs.correiobraziliense.com.br\/vicente\/pai-de-neymar-se-reune-com-o-ministro-da-economia-e-receita-federal\/","title":{"rendered":"Pai de Neymar se re\u00fane com o ministro da Economia e Receita Federal"},"content":{"rendered":"<h2>HAMILTON FERRARI<\/h2>\n<h2><\/h2>\n<h2>Com pend\u00eancias com o Fisco, o pai do Neymar, Neymar da Silva Santos, presidente da Funda\u00e7\u00e3o Neymar Esportes, se reuniu na tarde desta quarta-feira (17\/4), com o ministro da Economia, Paulo Guedes, e o secret\u00e1rio da Receita Federal, Marcos Cintra.<\/h2>\n<p>&nbsp;<\/p>\n<p>Segundo a assessoria de imprensa do \u00f3rg\u00e3o, o encontro tratou sobre quest\u00f5es tribut\u00e1rias relativas \u00e0 atividades esportivas. O empres\u00e1rio e pai do jogador n\u00e3o estava previsto na agenda p\u00fablica do ministro, que foi atualizada ap\u00f3s a reuni\u00e3o.<\/p>\n<p>&nbsp;<\/p>\n<p>No fim de 2018, a Receita Federal cobrou R$ 69.364.164,65 do atacante, valor calculado pelo Conselho Administrativo de Recursos Fiscais (Carf), em julgamento realizado em 2017.<\/p>\n","protected":false},"excerpt":{"rendered":"<p>HAMILTON FERRARI Com pend\u00eancias com o Fisco, o pai do Neymar, Neymar da Silva Santos, presidente da Funda\u00e7\u00e3o Neymar Esportes, se reuniu na tarde desta quarta-feira (17\/4), com o ministro da Economia, Paulo Guedes, e o secret\u00e1rio da Receita Federal, Marcos Cintra. &nbsp; Segundo a assessoria de imprensa do \u00f3rg\u00e3o, o encontro tratou sobre quest\u00f5es [&hellip;]<\/p>\n","protected":false},"author":22,"featured_media":10535,"comment_status":"open","ping_status":"closed","sticky":false,"template":"","format":"standard","meta":{"footnotes":""},"categories":[600],"tags":[],"class_list":["post-10532","post","type-post","status-publish","format-standard","has-post-thumbnail","hentry","category-economia"],"_links":{"self":[{"href":"https:\/\/blogs.correiobraziliense.com.br\/vicente\/wp-json\/wp\/v2\/posts\/10532","targetHints":{"allow":["GET"]}}],"collection":[{"href":"https:\/\/blogs.correiobraziliense.com.br\/vicente\/wp-json\/wp\/v2\/posts"}],"about":[{"href":"https:\/\/blogs.correiobraziliense.com.br\/vicente\/wp-json\/wp\/v2\/types\/post"}],"author":[{"embeddable":true,"href":"https:\/\/blogs.correiobraziliense.com.br\/vicente\/wp-json\/wp\/v2\/users\/22"}],"replies":[{"embeddable":true,"href":"https:\/\/blogs.correiobraziliense.com.br\/vicente\/wp-json\/wp\/v2\/comments?post=10532"}],"version-history":[{"count":3,"href":"https:\/\/blogs.correiobraziliense.com.br\/vicente\/wp-json\/wp\/v2\/posts\/10532\/revisions"}],"predecessor-version":[{"id":10537,"href":"https:\/\/blogs.correiobraziliense.com.br\/vicente\/wp-json\/wp\/v2\/posts\/10532\/revisions\/10537"}],"wp:featuredmedia":[{"embeddable":true,"href":"https:\/\/blogs.correiobraziliense.com.br\/vicente\/wp-json\/wp\/v2\/media\/10535"}],"wp:attachment":[{"href":"https:\/\/blogs.correiobraziliense.com.br\/vicente\/wp-json\/wp\/v2\/media?parent=10532"}],"wp:term":[{"taxonomy":"category","embeddable":true,"href":"https:\/\/blogs.correiobraziliense.com.br\/vicente\/wp-json\/wp\/v2\/categories?post=10532"},{"taxonomy":"post_tag","embeddable":true,"href":"https:\/\/blogs.correiobraziliense.com.br\/vicente\/wp-json\/wp\/v2\/tags?post=10532"}],"curies":[{"name":"wp","href":"https:\/\/api.w.org\/{rel}","templated":true}]}}