{"id":10529,"date":"2019-04-17T13:58:51","date_gmt":"2019-04-17T16:58:51","guid":{"rendered":"https:\/\/blogs.correiobraziliense.com.br\/vicente\/?p=10529"},"modified":"2019-04-17T16:25:47","modified_gmt":"2019-04-17T19:25:47","slug":"dolar-se-aproxima-de-r-4-apos-reforma-da-previdencia-ser-adiada-na-ccj","status":"publish","type":"post","link":"https:\/\/blogs.correiobraziliense.com.br\/vicente\/dolar-se-aproxima-de-r-4-apos-reforma-da-previdencia-ser-adiada-na-ccj\/","title":{"rendered":"D\u00f3lar se aproxima de R$ 4 ap\u00f3s reforma da Previd\u00eancia ser adiada na CCJ"},"content":{"rendered":"<h2>HAMILTON FERRARI<\/h2>\n<h2><\/h2>\n<h2>Diante das incertezas em rela\u00e7\u00e3o \u00e0 aprova\u00e7\u00e3o da reforma da Previd\u00eancia, o d\u00f3lar se aproxima novamente de R$ 4. No come\u00e7o da tarde desta quarta-feira (17\/4) a moeda norte-americana subia 0,82%, superando os R$ 3,94. O Ibovespa, principal \u00edndice da Bolsa de Valores de S\u00e3o Paulo (B3), tombava 1,76%, aos 92.670 pontos.<\/h2>\n<p>&nbsp;<\/p>\n<p>O movimento de inquieta\u00e7\u00e3o do mercado foi intensificado depois que os parlamentares da Comiss\u00e3o de Constitui\u00e7\u00e3o e Justi\u00e7a (CCJ) adiaram a vota\u00e7\u00e3o da reforma da Previd\u00eancia para a <a href=\"https:\/\/www.correiobraziliense.com.br\/app\/noticia\/politica\/2019\/04\/17\/interna_politica,750072\/votacao-do-parecer-da-reforma-da-previdencia-fica-para-semana-que-vem.shtml\">pr\u00f3xima semana<\/a>.<\/p>\n<p>&nbsp;<\/p>\n<p>Parlamentares do centr\u00e3o se mobilizaram para realizar altera\u00e7\u00f5es no texto e pressionaram o relator, delegado Marcelo Freitas (PSL-MG), que admitiu que pode modificar alguns pontos do texto. Para o governo, o movimento \u00e9 uma derrota, porque, al\u00e9m de a equipe econ\u00f4mica defender a celeridade na tramita\u00e7\u00e3o da reforma, poss\u00edveis mudan\u00e7as devem desidratar o texto.<\/p>\n<p>&nbsp;<\/p>\n<p>Antes, as modifica\u00e7\u00f5es seriam feitas apenas na comiss\u00e3o especial, que \u00e9 a pr\u00f3xima fase da Proposta de Emenda \u00e0 Constitui\u00e7\u00e3o (PEC) na C\u00e2mara. \u201cAlguns temas que verdadeiramente apresentam uma maior complexidade e exige uma an\u00e1lise desde que fui designado relator. Observamos tamb\u00e9m que foram apresentados 13 votos em separados. Fizemos um levantamento dos temas relevantes e estamos na busca de construir algo mostrando efetivamente a soberania deste Parlamento\u201d, disse o relator da reforma.<\/p>\n<p>&nbsp;<\/p>\n<p>Freitas deve se reunir com o secret\u00e1rio de Previd\u00eancia e Trabalho, Rog\u00e9rio Marinho, e com algumas lideran\u00e7as, para discutir a poss\u00edvel retirada de alguns trechos do relat\u00f3rio. Entre as principais demandas do centr\u00e3o est\u00e3o os \u201cjabutis\u201d, temas que s\u00e3o considerados alheios \u00e0 reforma da Previd\u00eancia.<\/p>\n<p>&nbsp;<\/p>\n<p><em>Bras\u00edlia, 13h55min<\/em><\/p>\n","protected":false},"excerpt":{"rendered":"<p>HAMILTON FERRARI Diante das incertezas em rela\u00e7\u00e3o \u00e0 aprova\u00e7\u00e3o da reforma da Previd\u00eancia, o d\u00f3lar se aproxima novamente de R$ 4. No come\u00e7o da tarde desta quarta-feira (17\/4) a moeda norte-americana subia 0,82%, superando os R$ 3,94. O Ibovespa, principal \u00edndice da Bolsa de Valores de S\u00e3o Paulo (B3), tombava 1,76%, aos 92.670 pontos. &nbsp; [&hellip;]<\/p>\n","protected":false},"author":22,"featured_media":10531,"comment_status":"open","ping_status":"closed","sticky":false,"template":"","format":"standard","meta":{"footnotes":""},"categories":[600],"tags":[],"class_list":["post-10529","post","type-post","status-publish","format-standard","has-post-thumbnail","hentry","category-economia"],"_links":{"self":[{"href":"https:\/\/blogs.correiobraziliense.com.br\/vicente\/wp-json\/wp\/v2\/posts\/10529","targetHints":{"allow":["GET"]}}],"collection":[{"href":"https:\/\/blogs.correiobraziliense.com.br\/vicente\/wp-json\/wp\/v2\/posts"}],"about":[{"href":"https:\/\/blogs.correiobraziliense.com.br\/vicente\/wp-json\/wp\/v2\/types\/post"}],"author":[{"embeddable":true,"href":"https:\/\/blogs.correiobraziliense.com.br\/vicente\/wp-json\/wp\/v2\/users\/22"}],"replies":[{"embeddable":true,"href":"https:\/\/blogs.correiobraziliense.com.br\/vicente\/wp-json\/wp\/v2\/comments?post=10529"}],"version-history":[{"count":1,"href":"https:\/\/blogs.correiobraziliense.com.br\/vicente\/wp-json\/wp\/v2\/posts\/10529\/revisions"}],"predecessor-version":[{"id":10530,"href":"https:\/\/blogs.correiobraziliense.com.br\/vicente\/wp-json\/wp\/v2\/posts\/10529\/revisions\/10530"}],"wp:featuredmedia":[{"embeddable":true,"href":"https:\/\/blogs.correiobraziliense.com.br\/vicente\/wp-json\/wp\/v2\/media\/10531"}],"wp:attachment":[{"href":"https:\/\/blogs.correiobraziliense.com.br\/vicente\/wp-json\/wp\/v2\/media?parent=10529"}],"wp:term":[{"taxonomy":"category","embeddable":true,"href":"https:\/\/blogs.correiobraziliense.com.br\/vicente\/wp-json\/wp\/v2\/categories?post=10529"},{"taxonomy":"post_tag","embeddable":true,"href":"https:\/\/blogs.correiobraziliense.com.br\/vicente\/wp-json\/wp\/v2\/tags?post=10529"}],"curies":[{"name":"wp","href":"https:\/\/api.w.org\/{rel}","templated":true}]}}