{"id":10512,"date":"2019-04-16T14:11:04","date_gmt":"2019-04-16T17:11:04","guid":{"rendered":"https:\/\/blogs.correiobraziliense.com.br\/vicente\/?p=10512"},"modified":"2019-04-16T17:21:02","modified_gmt":"2019-04-16T20:21:02","slug":"caminhoneiros-desdenham-de-propostas-do-governo-e-ja-falam-em-greve","status":"publish","type":"post","link":"https:\/\/blogs.correiobraziliense.com.br\/vicente\/caminhoneiros-desdenham-de-propostas-do-governo-e-ja-falam-em-greve\/","title":{"rendered":"Caminhoneiros desdenham de propostas do governo e j\u00e1 falam em greve"},"content":{"rendered":"<p dir=\"ltr\">RODOLFO COSTA<\/p>\n<p dir=\"ltr\">As medidas anunciadas pelo governo para solucionar a vida dos caminhoneiros n\u00e3o colou com a categoria. Para eles, medidas como a libera\u00e7\u00e3o de linhas de financiamento do Banco Nacional do Desenvolvimento Econ\u00f4mico e Social (BNDES), a constru\u00e7\u00e3o de pontos de parada e de descanso nas rodovias em regime de concess\u00e3o, obras em estradas e at\u00e9 a fiscaliza\u00e7\u00e3o do piso m\u00ednimo de frete n\u00e3o convenceram. Em grupos de WhatsApp, alguns j\u00e1 falam em promover uma greve. Os mais indignados comentam em uma nova paralisa\u00e7\u00e3o, como em 2018, sugerindo a obstru\u00e7\u00e3o de rodovias. Os mais radicais falam em greve em 21 de maio.<\/p>\n<p dir=\"ltr\"><a href=\"https:\/\/blogs.correiobraziliense.com.br\/vicente\/wp-content\/uploads\/sites\/16\/2019\/04\/Caminhoneiro1.jpg\"><img loading=\"lazy\" decoding=\"async\" class=\"wp-image-10513 alignleft\" src=\"https:\/\/blogs.correiobraziliense.com.br\/vicente\/wp-content\/uploads\/sites\/16\/2019\/04\/Caminhoneiro1-512x1024.jpg\" alt=\"\" width=\"229\" height=\"458\" srcset=\"https:\/\/blogs.correiobraziliense.com.br\/vicente\/wp-content\/uploads\/sites\/16\/2019\/04\/Caminhoneiro1-512x1024.jpg 512w, https:\/\/blogs.correiobraziliense.com.br\/vicente\/wp-content\/uploads\/sites\/16\/2019\/04\/Caminhoneiro1-150x300.jpg 150w, https:\/\/blogs.correiobraziliense.com.br\/vicente\/wp-content\/uploads\/sites\/16\/2019\/04\/Caminhoneiro1-175x350.jpg 175w, https:\/\/blogs.correiobraziliense.com.br\/vicente\/wp-content\/uploads\/sites\/16\/2019\/04\/Caminhoneiro1-230x460.jpg 230w, https:\/\/blogs.correiobraziliense.com.br\/vicente\/wp-content\/uploads\/sites\/16\/2019\/04\/Caminhoneiro1.jpg 540w\" sizes=\"auto, (max-width: 229px) 100vw, 229px\" \/><\/a><\/p>\n<p dir=\"ltr\">O <strong>Blog<\/strong> obteve acesso a protestos de caminhoneiros em dois grupos de WhatsApp. O Comando Nacional do Transporte, que conta com 188 participantes de norte a sul do pa\u00eds, e a Transporte Rodovi\u00e1rio de Carga (TRC), que tem 197 membros. S\u00e3o v\u00e1rios l\u00edderes dentro dos dois grupos que, por sua vez, representam outros transportadores aut\u00f4nomos nas respectivas regi\u00f5es ou nos estados.<\/p>\n<p dir=\"ltr\"><strong>Dois grupos<\/strong><\/p>\n<p dir=\"ltr\">O processo de paralisa\u00e7\u00e3o \u00e9 definido basicamente nesses dois grupos atualmente, onde est\u00e3o as principais lideran\u00e7as. A possibilidade real de greve ainda n\u00e3o existe. Por ora, o que tem s\u00e3o murm\u00farios, pondera o caminhoneiro Ivar Schmidt, l\u00edder do Comando Nacional de Transporte. Entretanto, admite que, ap\u00f3s as medidas anunciadas pelo governo, uma nova greve pode ocorrer este ano. \u201cN\u00e3o irei incentivar jamais, mas, enquanto n\u00e3o houver o cumprimento da fiscaliza\u00e7\u00e3o da jornada de trabalho, paralisa\u00e7\u00f5es podem ser deflagradas a qualquer momento, por qualquer motivo\u201d, ponderou.<\/p>\n<p dir=\"ltr\"><a href=\"https:\/\/blogs.correiobraziliense.com.br\/vicente\/wp-content\/uploads\/sites\/16\/2019\/04\/Caminhoneiro2.jpg\"><img loading=\"lazy\" decoding=\"async\" class=\"wp-image-10514 alignleft\" src=\"https:\/\/blogs.correiobraziliense.com.br\/vicente\/wp-content\/uploads\/sites\/16\/2019\/04\/Caminhoneiro2-512x1024.jpg\" alt=\"\" width=\"236\" height=\"472\" srcset=\"https:\/\/blogs.correiobraziliense.com.br\/vicente\/wp-content\/uploads\/sites\/16\/2019\/04\/Caminhoneiro2-512x1024.jpg 512w, https:\/\/blogs.correiobraziliense.com.br\/vicente\/wp-content\/uploads\/sites\/16\/2019\/04\/Caminhoneiro2-150x300.jpg 150w, https:\/\/blogs.correiobraziliense.com.br\/vicente\/wp-content\/uploads\/sites\/16\/2019\/04\/Caminhoneiro2-175x350.jpg 175w, https:\/\/blogs.correiobraziliense.com.br\/vicente\/wp-content\/uploads\/sites\/16\/2019\/04\/Caminhoneiro2-230x460.jpg 230w, https:\/\/blogs.correiobraziliense.com.br\/vicente\/wp-content\/uploads\/sites\/16\/2019\/04\/Caminhoneiro2.jpg 540w\" sizes=\"auto, (max-width: 236px) 100vw, 236px\" \/><\/a><\/p>\n<p dir=\"ltr\">A argumenta\u00e7\u00e3o do governo para cumprir com a jornada de trabalho da categoria, de 8h mais 2h extras di\u00e1rias, n\u00e3o convence a categoria. O ministro da Infraestrutura, Tarc\u00edsio de Freitas, afirmou que ser\u00e3o constru\u00eddos pontos de parada e descanso nas rodovias concedidas. &#8220;J\u00e1 estamos aumentando a fiscaliza\u00e7\u00e3o e vai aumentar ainda mais. A Lei do Descanso a gente tem que atuar na provis\u00e3o de infraestrutura para que haja o descanso. Tem que haver o descanso, mas onde vai parar o caminhoneiro? N\u00e3o tem seguran\u00e7a, local de parada adequada. Muitas vezes o local n\u00e3o permite que tenha um banho e \u00e9 quase impelido a seguir em jornada quase suicida para chegar ao seu destino o mais r\u00e1pido poss\u00edvel\u201d, explicou.<\/p>\n<p dir=\"ltr\"><strong>Justificativa<\/strong><\/p>\n<p dir=\"ltr\"><a href=\"https:\/\/blogs.correiobraziliense.com.br\/vicente\/wp-content\/uploads\/sites\/16\/2019\/04\/Caminhoneiro6.jpg\"><img loading=\"lazy\" decoding=\"async\" class=\"wp-image-10526 alignleft\" src=\"https:\/\/blogs.correiobraziliense.com.br\/vicente\/wp-content\/uploads\/sites\/16\/2019\/04\/Caminhoneiro6-512x1024.jpg\" alt=\"\" width=\"253\" height=\"506\" srcset=\"https:\/\/blogs.correiobraziliense.com.br\/vicente\/wp-content\/uploads\/sites\/16\/2019\/04\/Caminhoneiro6-512x1024.jpg 512w, https:\/\/blogs.correiobraziliense.com.br\/vicente\/wp-content\/uploads\/sites\/16\/2019\/04\/Caminhoneiro6-150x300.jpg 150w, https:\/\/blogs.correiobraziliense.com.br\/vicente\/wp-content\/uploads\/sites\/16\/2019\/04\/Caminhoneiro6-175x350.jpg 175w, https:\/\/blogs.correiobraziliense.com.br\/vicente\/wp-content\/uploads\/sites\/16\/2019\/04\/Caminhoneiro6-230x460.jpg 230w, https:\/\/blogs.correiobraziliense.com.br\/vicente\/wp-content\/uploads\/sites\/16\/2019\/04\/Caminhoneiro6.jpg 540w\" sizes=\"auto, (max-width: 253px) 100vw, 253px\" \/><\/a><\/p>\n<p dir=\"ltr\">A justificativa n\u00e3o convence a categoria. A constru\u00e7\u00e3o de pontos \u00e9 avaliado por eles como garantia de seguran\u00e7a, e n\u00e3o como uma medida que fortalece a categoria. Como o Correio revelou em mat\u00e9ria publicada nesta ter\u00e7a-feira (16\/4), o cumprimento da jornada de trabalho \u00e9 uma medida mais eficaz para equilibrar o excesso da oferta com a demanda no setor do que o pr\u00f3prio piso m\u00ednimo de frete. \u201cPontos de parada n\u00e3o vai resolver o problema da jornada, que se resolve com fiscaliza\u00e7\u00e3o. PRF tem que parar caminh\u00f5es e punir quem n\u00e3o cumpre com a jornada de trabalho, como \u00e9 feito em pa\u00edses de primeiro mundo\u201d, destacou o caminhoneiro Aldacir Cadore, l\u00edder de caminhoneiros do entorno do Distrito Federal.<\/p>\n<p dir=\"ltr\"><a href=\"https:\/\/blogs.correiobraziliense.com.br\/vicente\/wp-content\/uploads\/sites\/16\/2019\/04\/Caminhoneiro4.jpg\"><img loading=\"lazy\" decoding=\"async\" class=\"wp-image-10516 alignleft\" src=\"https:\/\/blogs.correiobraziliense.com.br\/vicente\/wp-content\/uploads\/sites\/16\/2019\/04\/Caminhoneiro4-512x1024.jpg\" alt=\"\" width=\"239\" height=\"478\" srcset=\"https:\/\/blogs.correiobraziliense.com.br\/vicente\/wp-content\/uploads\/sites\/16\/2019\/04\/Caminhoneiro4-512x1024.jpg 512w, https:\/\/blogs.correiobraziliense.com.br\/vicente\/wp-content\/uploads\/sites\/16\/2019\/04\/Caminhoneiro4-150x300.jpg 150w, https:\/\/blogs.correiobraziliense.com.br\/vicente\/wp-content\/uploads\/sites\/16\/2019\/04\/Caminhoneiro4-175x350.jpg 175w, https:\/\/blogs.correiobraziliense.com.br\/vicente\/wp-content\/uploads\/sites\/16\/2019\/04\/Caminhoneiro4-230x460.jpg 230w, https:\/\/blogs.correiobraziliense.com.br\/vicente\/wp-content\/uploads\/sites\/16\/2019\/04\/Caminhoneiro4.jpg 540w\" sizes=\"auto, (max-width: 239px) 100vw, 239px\" \/><\/a><\/p>\n<p dir=\"ltr\">As lideran\u00e7as evitam falar em greve, mas a leitura dos l\u00edderes \u00e9 que est\u00e1 mais dif\u00edcil conter os \u00e2nimos. \u201cA paralisa\u00e7\u00e3o tem efeito domin\u00f3. Basta um aut\u00f4nomo tomar a iniciativa em uma regi\u00e3o e a\u00ed \u00e9 quest\u00e3o de horas ela se alastrar em todo o pa\u00eds. N\u00e3o tem data nem hor\u00e1rio para come\u00e7ar, nem terminar. Sou totalmente contra uma nova greve, mas \u00e9 o desenho que vejo hoje nos grupos por medidas erradas do governo e a falta de representatividade certa da categoria\u201d, advertiu Cadore.<\/p>\n<p dir=\"ltr\"><strong>Qualidade<\/strong><\/p>\n<p dir=\"ltr\">A avalia\u00e7\u00e3o feita por caminhoneiros \u00e9 de que as medidas anunciadas pelo governo n\u00e3o d\u00e3o garantias concretas para melhorar a qualidade de vida dos trabalhadores. \u201cIsso a\u00ed n\u00e3o \u00e9 nada, nada. N\u00e3o tem com o que se apegar. N\u00e3o temos garantia de nada.\u00a0 Ou o governo est\u00e1 muito mal assessorado ou quem conversa com o governo por n\u00f3s est\u00e1 passando as coisas erradas\u201d, criticou um caminhoneiro.<\/p>\n<p dir=\"ltr\"><a href=\"https:\/\/blogs.correiobraziliense.com.br\/vicente\/wp-content\/uploads\/sites\/16\/2019\/04\/Caminhoneiro5.jpg\"><img loading=\"lazy\" decoding=\"async\" class=\"wp-image-10517 alignleft\" src=\"https:\/\/blogs.correiobraziliense.com.br\/vicente\/wp-content\/uploads\/sites\/16\/2019\/04\/Caminhoneiro5-512x1024.jpg\" alt=\"\" width=\"234\" height=\"468\" srcset=\"https:\/\/blogs.correiobraziliense.com.br\/vicente\/wp-content\/uploads\/sites\/16\/2019\/04\/Caminhoneiro5-512x1024.jpg 512w, https:\/\/blogs.correiobraziliense.com.br\/vicente\/wp-content\/uploads\/sites\/16\/2019\/04\/Caminhoneiro5-150x300.jpg 150w, https:\/\/blogs.correiobraziliense.com.br\/vicente\/wp-content\/uploads\/sites\/16\/2019\/04\/Caminhoneiro5-175x350.jpg 175w, https:\/\/blogs.correiobraziliense.com.br\/vicente\/wp-content\/uploads\/sites\/16\/2019\/04\/Caminhoneiro5-230x460.jpg 230w, https:\/\/blogs.correiobraziliense.com.br\/vicente\/wp-content\/uploads\/sites\/16\/2019\/04\/Caminhoneiro5.jpg 540w\" sizes=\"auto, (max-width: 234px) 100vw, 234px\" \/><\/a><\/p>\n<p dir=\"ltr\">Outro diz que \u00e9 preciso parar as grandes transportadoras. \u201cTemos que saber a for\u00e7a que n\u00f3s temos e fazer eles parar na marra. O governo est\u00e1 morrendo de medo de n\u00f3s pararmos de novo. \u00c9 s\u00f3 anunciar que vamos parar que, daqui a uma semana e voc\u00eas v\u00e3o ver o que acontece. Est\u00e3o analisando n\u00f3s, ensaboando n\u00f3s e estamos ficando quietinhos. Simplesmente n\u00e3o d\u00e1 mais. Temos que chegar e ser unidos. Temos uni\u00e3o. \u00c9 s\u00f3 unir todo mundo. Temos que parar mesmo\u201d, comentou outro.<\/p>\n<p dir=\"ltr\"><em>Bras\u00edlia, 14h11min<\/em><\/p>\n","protected":false},"excerpt":{"rendered":"<p>RODOLFO COSTA As medidas anunciadas pelo governo para solucionar a vida dos caminhoneiros n\u00e3o colou com a categoria. Para eles, medidas como a libera\u00e7\u00e3o de linhas de financiamento do Banco Nacional do Desenvolvimento Econ\u00f4mico e Social (BNDES), a constru\u00e7\u00e3o de pontos de parada e de descanso nas rodovias em regime de concess\u00e3o, obras em estradas [&hellip;]<\/p>\n","protected":false},"author":22,"featured_media":0,"comment_status":"open","ping_status":"closed","sticky":false,"template":"","format":"standard","meta":{"footnotes":""},"categories":[600],"tags":[89,2554,3803,467,347,1634],"class_list":["post-10512","post","type-post","status-publish","format-standard","hentry","category-economia","tag-bndes","tag-bolsonaro","tag-caminhoneiro","tag-governo","tag-greve","tag-medidas"],"_links":{"self":[{"href":"https:\/\/blogs.correiobraziliense.com.br\/vicente\/wp-json\/wp\/v2\/posts\/10512","targetHints":{"allow":["GET"]}}],"collection":[{"href":"https:\/\/blogs.correiobraziliense.com.br\/vicente\/wp-json\/wp\/v2\/posts"}],"about":[{"href":"https:\/\/blogs.correiobraziliense.com.br\/vicente\/wp-json\/wp\/v2\/types\/post"}],"author":[{"embeddable":true,"href":"https:\/\/blogs.correiobraziliense.com.br\/vicente\/wp-json\/wp\/v2\/users\/22"}],"replies":[{"embeddable":true,"href":"https:\/\/blogs.correiobraziliense.com.br\/vicente\/wp-json\/wp\/v2\/comments?post=10512"}],"version-history":[{"count":8,"href":"https:\/\/blogs.correiobraziliense.com.br\/vicente\/wp-json\/wp\/v2\/posts\/10512\/revisions"}],"predecessor-version":[{"id":10528,"href":"https:\/\/blogs.correiobraziliense.com.br\/vicente\/wp-json\/wp\/v2\/posts\/10512\/revisions\/10528"}],"wp:attachment":[{"href":"https:\/\/blogs.correiobraziliense.com.br\/vicente\/wp-json\/wp\/v2\/media?parent=10512"}],"wp:term":[{"taxonomy":"category","embeddable":true,"href":"https:\/\/blogs.correiobraziliense.com.br\/vicente\/wp-json\/wp\/v2\/categories?post=10512"},{"taxonomy":"post_tag","embeddable":true,"href":"https:\/\/blogs.correiobraziliense.com.br\/vicente\/wp-json\/wp\/v2\/tags?post=10512"}],"curies":[{"name":"wp","href":"https:\/\/api.w.org\/{rel}","templated":true}]}}