{"id":10499,"date":"2019-04-15T09:01:15","date_gmt":"2019-04-15T12:01:15","guid":{"rendered":"https:\/\/blogs.correiobraziliense.com.br\/vicente\/?p=10499"},"modified":"2019-04-15T21:05:32","modified_gmt":"2019-04-16T00:05:32","slug":"a-pior-noticia-para-bolsonaro-a-economia-afunda","status":"publish","type":"post","link":"https:\/\/blogs.correiobraziliense.com.br\/vicente\/a-pior-noticia-para-bolsonaro-a-economia-afunda\/","title":{"rendered":"A pior not\u00edcia para Bolsonaro: a economia afunda"},"content":{"rendered":"<h2>O presidente Jair Bolsonaro n\u00e3o poderia ter recebido pior not\u00edcia nesta segunda-feira, 15 de abril. Dados dos Banco Central mostram que o n\u00edvel da atividade econ\u00f4mica desabou. O IBC-Br, que funciona como uma pr\u00e9via do Produto Interno Bruto (PIB), afundou 0,73% em fevereiro, o pior resultado desde a greve dos caminhoneiros, em maio de 2018.<\/h2>\n<p>&nbsp;<\/p>\n<p><a href=\"https:\/\/blogs.correiobraziliense.com.br\/vicente\/wp-content\/uploads\/sites\/16\/2019\/03\/Bolsonaro2.jpg\"><img loading=\"lazy\" decoding=\"async\" class=\"wp-image-10126 alignleft\" src=\"https:\/\/blogs.correiobraziliense.com.br\/vicente\/wp-content\/uploads\/sites\/16\/2019\/03\/Bolsonaro2.jpg\" alt=\"\" width=\"619\" height=\"412\" srcset=\"https:\/\/blogs.correiobraziliense.com.br\/vicente\/wp-content\/uploads\/sites\/16\/2019\/03\/Bolsonaro2.jpg 820w, https:\/\/blogs.correiobraziliense.com.br\/vicente\/wp-content\/uploads\/sites\/16\/2019\/03\/Bolsonaro2-300x200.jpg 300w, https:\/\/blogs.correiobraziliense.com.br\/vicente\/wp-content\/uploads\/sites\/16\/2019\/03\/Bolsonaro2-768x511.jpg 768w, https:\/\/blogs.correiobraziliense.com.br\/vicente\/wp-content\/uploads\/sites\/16\/2019\/03\/Bolsonaro2-350x233.jpg 350w, https:\/\/blogs.correiobraziliense.com.br\/vicente\/wp-content\/uploads\/sites\/16\/2019\/03\/Bolsonaro2-550x366.jpg 550w, https:\/\/blogs.correiobraziliense.com.br\/vicente\/wp-content\/uploads\/sites\/16\/2019\/03\/Bolsonaro2-230x153.jpg 230w\" sizes=\"auto, (max-width: 619px) 100vw, 619px\" \/><\/a><\/p>\n<p>O n\u00famero divulgado pelo Banco Central veio pior do que todas as estimativas do mercado, que giravam em torno de uma queda de 0,38%. Isso mostra, segundo t\u00e9cnicos da institui\u00e7\u00e3o, que, em vez de ganhar f\u00f4lego, como se esperava, a economia est\u00e1 indo ladeira abaixo. O motivo principal: a falta de confian\u00e7a.<\/p>\n<p>&nbsp;<\/p>\n<p>Logo depois da elei\u00e7\u00e3o de Bolsonaro, em outubro do ano passado, os n\u00edveis de confian\u00e7a dispararam. Empres\u00e1rios, consumidores e investidores acreditavam que o governo eleito, com seu discurso liberal, recolocaria o Brasil novamente na rota do crescimento. Mas n\u00e3o \u00e9 o que se est\u00e1 vendo. Muito pelo contr\u00e1rio.<\/p>\n<p>&nbsp;<\/p>\n<p><strong>Ano perdido<\/strong><\/p>\n<p>&nbsp;<\/p>\n<p>A confian\u00e7a voltou a cair e, com ela, os indicadores que monitoram os n\u00edveis de atividade. Os agentes econ\u00f4micos perderam o otimismo de que o governo ser\u00e1 capaz de arrumar, rapidamente, as contas p\u00fablicas, pois vai demorar mais do que o previsto a aprova\u00e7\u00e3o da reforma da Previd\u00eancia. Sem mudan\u00e7as no sistema de aposentadorias, n\u00e3o h\u00e1 como se falar em ajuste fiscal e retomada da confian\u00e7a.<\/p>\n<p>&nbsp;<\/p>\n<p>Dentro da equipe econ\u00f4mica, o discurso \u00e9 de que o primeiro trimestre do ano n\u00e3o deve ser levado muito em considera\u00e7\u00e3o, porque os ajustes que est\u00e3o sendo feitos no pa\u00eds v\u00e3o demorar mais tempo para apresentar resultados. Mas, aos poucos, a economia ir\u00e1 deslanchar. \u00c9 um otimismo que n\u00e3o conversa com a realidade.<\/p>\n<p>&nbsp;<\/p>\n<p>O problema \u00e9 que o governo n\u00e3o para de criar problemas, assustando, sistematicamente, os donos do dinheiro, aqueles que poderiam liberar investimentos para impulsionar a atividade. O mais recente baque na confian\u00e7a dos investidores veio de Bolsonaro, que\u00a0 mandou a Petrobras suspender o reajuste de 5,7% do diesel. Voltou com tudo o medo do excesso de intervencionismo na economia.<\/p>\n<p>&nbsp;<\/p>\n<p>O descontentamento entre os agentes econ\u00f4micos \u00e9 t\u00e3o grande, que alguns analistas j\u00e1 d\u00e3o como perdido o ano de 2019. Em vez de crescer mais de 2%, como se previa inicialmente, na melhor das hip\u00f3teses, o avan\u00e7o do PIB ficar\u00e1 pr\u00f3ximo de 1%. H\u00e1 quem j\u00e1 fale em um resultado inferior a 1%. Um desastre para um governo que chegou prometendo o para\u00edso.<\/p>\n<p>&nbsp;<\/p>\n<p><em>Bras\u00edlia, 09h01min<\/em><\/p>\n","protected":false},"excerpt":{"rendered":"<p>O presidente Jair Bolsonaro n\u00e3o poderia ter recebido pior not\u00edcia nesta segunda-feira, 15 de abril. Dados dos Banco Central mostram que o n\u00edvel da atividade econ\u00f4mica desabou. O IBC-Br, que funciona como uma pr\u00e9via do Produto Interno Bruto (PIB), afundou 0,73% em fevereiro, o pior resultado desde a greve dos caminhoneiros, em maio de 2018. [&hellip;]<\/p>\n","protected":false},"author":22,"featured_media":0,"comment_status":"open","ping_status":"closed","sticky":false,"template":"","format":"standard","meta":{"footnotes":""},"categories":[600],"tags":[3800,3,2554,335,589,2580,58],"class_list":["post-10499","post","type-post","status-publish","format-standard","hentry","category-economia","tag-ano-perdido","tag-banco-central","tag-bolsonaro","tag-confianca","tag-economia","tag-ibc-br","tag-pib"],"_links":{"self":[{"href":"https:\/\/blogs.correiobraziliense.com.br\/vicente\/wp-json\/wp\/v2\/posts\/10499","targetHints":{"allow":["GET"]}}],"collection":[{"href":"https:\/\/blogs.correiobraziliense.com.br\/vicente\/wp-json\/wp\/v2\/posts"}],"about":[{"href":"https:\/\/blogs.correiobraziliense.com.br\/vicente\/wp-json\/wp\/v2\/types\/post"}],"author":[{"embeddable":true,"href":"https:\/\/blogs.correiobraziliense.com.br\/vicente\/wp-json\/wp\/v2\/users\/22"}],"replies":[{"embeddable":true,"href":"https:\/\/blogs.correiobraziliense.com.br\/vicente\/wp-json\/wp\/v2\/comments?post=10499"}],"version-history":[{"count":2,"href":"https:\/\/blogs.correiobraziliense.com.br\/vicente\/wp-json\/wp\/v2\/posts\/10499\/revisions"}],"predecessor-version":[{"id":10511,"href":"https:\/\/blogs.correiobraziliense.com.br\/vicente\/wp-json\/wp\/v2\/posts\/10499\/revisions\/10511"}],"wp:attachment":[{"href":"https:\/\/blogs.correiobraziliense.com.br\/vicente\/wp-json\/wp\/v2\/media?parent=10499"}],"wp:term":[{"taxonomy":"category","embeddable":true,"href":"https:\/\/blogs.correiobraziliense.com.br\/vicente\/wp-json\/wp\/v2\/categories?post=10499"},{"taxonomy":"post_tag","embeddable":true,"href":"https:\/\/blogs.correiobraziliense.com.br\/vicente\/wp-json\/wp\/v2\/tags?post=10499"}],"curies":[{"name":"wp","href":"https:\/\/api.w.org\/{rel}","templated":true}]}}