{"id":10473,"date":"2019-04-12T13:50:24","date_gmt":"2019-04-12T16:50:24","guid":{"rendered":"https:\/\/blogs.correiobraziliense.com.br\/vicente\/?p=10473"},"modified":"2019-04-12T13:50:24","modified_gmt":"2019-04-12T16:50:24","slug":"itau-corta-projecao-do-pib-de-2-para-13","status":"publish","type":"post","link":"https:\/\/blogs.correiobraziliense.com.br\/vicente\/itau-corta-projecao-do-pib-de-2-para-13\/","title":{"rendered":"Ita\u00fa corta proje\u00e7\u00e3o do PIB de 2% para 1,3%"},"content":{"rendered":"<p>ROSANA HESSEL<\/p>\n<p>As previs\u00f5es de crescimento do Produto Interno Bruto (PIB) brasileiro n\u00e3o param de cair e come\u00e7am a ficar mais perto de 1%, como aconteceu no ano passado. Agora foi a vez do banco Ita\u00fa reduzir\u00a0de 2% para 1,3% a sua estimativa de expans\u00e3o do PIB deste ano. Os sinais de que economia continuar\u00e1 andando de lado s\u00e3o cada vez mais claros. A institui\u00e7\u00e3o tamb\u00e9m revisou a proje\u00e7\u00e3o para 2020, de 2,7% para 2,5%.<\/p>\n<p>O banco\u00a0n\u00e3o v\u00ea melhora no resultado das contas p\u00fablicas do governo de Jair Bolsonaro.\u00a0Pelo contr\u00e1rio. &#8220;Pioramos as estimativas de deficit prim\u00e1rio de 1,4% para 1,5% do PIB, em 2019, e de 0,9% para 1% do PIB, em 2020&#8221;, avisa o comunicado da equipe liderada pelo economista-chefe M\u00e1rio Mesquita. Pela proje\u00e7\u00e3o do banco, a d\u00edvida p\u00fablica bruta chegar\u00e1 a 79,5% do PIB, neste ano, e a 80,2% do PIB, no seguinte. Esse dado segue a contabilidade do Banco Central, que \u00e9 diferente das estimativas do Fundo Monet\u00e1rio Internacional (FMI). O \u00f3rg\u00e3o prev\u00ea um cen\u00e1rio ainda pior para a d\u00edvida p\u00fablica, chegando a 90,3% neste ano.<\/p>\n<p>As revis\u00f5es do s\u00e3o decorrentes de dados mais fracos da atividade e da queda da confian\u00e7a do empres\u00e1rio. Segundo a institui\u00e7\u00e3o, a ind\u00fastria &#8220;segue estagnada&#8221; e o uso da capacidade instalada est\u00e1 em patamar baixo da produ\u00e7\u00e3o, com queda de 14,8% no setor extrativista no primeiro trimestre do ano.<\/p>\n<p>O banco manteve a proje\u00e7\u00e3o de infla\u00e7\u00e3o de 3,6% neste ano, mas prev\u00ea queda na taxa b\u00e1sica de juros (Selic) para 5,75% ao ano, no fim de 2019, e para 5,5% anuais, no fim de 2020, como resposta ao ritmo lento de recupera\u00e7\u00e3o da atividade. Atualmente a Selic est\u00e1 em 6,50% ao ano. A expectativa do banco \u00e9 que um novo ciclo de redu\u00e7\u00e3o dos juros ocorra a partir de setembro, com a aprova\u00e7\u00e3o da reforma da Previd\u00eancia na C\u00e2mara dos Deputados.<\/p>\n<p>&nbsp;<\/p>\n","protected":false},"excerpt":{"rendered":"<p>ROSANA HESSEL As previs\u00f5es de crescimento do Produto Interno Bruto (PIB) brasileiro n\u00e3o param de cair e come\u00e7am a ficar mais perto de 1%, como aconteceu no ano passado. Agora foi a vez do banco Ita\u00fa reduzir\u00a0de 2% para 1,3% a sua estimativa de expans\u00e3o do PIB deste ano. Os sinais de que economia continuar\u00e1 [&hellip;]<\/p>\n","protected":false},"author":22,"featured_media":0,"comment_status":"open","ping_status":"closed","sticky":false,"template":"","format":"standard","meta":{"footnotes":""},"categories":[600],"tags":[673,58,279,34],"class_list":["post-10473","post","type-post","status-publish","format-standard","hentry","category-economia","tag-itau","tag-pib","tag-queda","tag-selic"],"_links":{"self":[{"href":"https:\/\/blogs.correiobraziliense.com.br\/vicente\/wp-json\/wp\/v2\/posts\/10473","targetHints":{"allow":["GET"]}}],"collection":[{"href":"https:\/\/blogs.correiobraziliense.com.br\/vicente\/wp-json\/wp\/v2\/posts"}],"about":[{"href":"https:\/\/blogs.correiobraziliense.com.br\/vicente\/wp-json\/wp\/v2\/types\/post"}],"author":[{"embeddable":true,"href":"https:\/\/blogs.correiobraziliense.com.br\/vicente\/wp-json\/wp\/v2\/users\/22"}],"replies":[{"embeddable":true,"href":"https:\/\/blogs.correiobraziliense.com.br\/vicente\/wp-json\/wp\/v2\/comments?post=10473"}],"version-history":[{"count":1,"href":"https:\/\/blogs.correiobraziliense.com.br\/vicente\/wp-json\/wp\/v2\/posts\/10473\/revisions"}],"predecessor-version":[{"id":10477,"href":"https:\/\/blogs.correiobraziliense.com.br\/vicente\/wp-json\/wp\/v2\/posts\/10473\/revisions\/10477"}],"wp:attachment":[{"href":"https:\/\/blogs.correiobraziliense.com.br\/vicente\/wp-json\/wp\/v2\/media?parent=10473"}],"wp:term":[{"taxonomy":"category","embeddable":true,"href":"https:\/\/blogs.correiobraziliense.com.br\/vicente\/wp-json\/wp\/v2\/categories?post=10473"},{"taxonomy":"post_tag","embeddable":true,"href":"https:\/\/blogs.correiobraziliense.com.br\/vicente\/wp-json\/wp\/v2\/tags?post=10473"}],"curies":[{"name":"wp","href":"https:\/\/api.w.org\/{rel}","templated":true}]}}