{"id":10463,"date":"2019-04-12T13:03:59","date_gmt":"2019-04-12T16:03:59","guid":{"rendered":"https:\/\/blogs.correiobraziliense.com.br\/vicente\/?p=10463"},"modified":"2019-04-12T13:30:44","modified_gmt":"2019-04-12T16:30:44","slug":"agencia-da-caixa-e-interditada-por-causa-de-surto-de-caxumba","status":"publish","type":"post","link":"https:\/\/blogs.correiobraziliense.com.br\/vicente\/agencia-da-caixa-e-interditada-por-causa-de-surto-de-caxumba\/","title":{"rendered":"Ag\u00eancia da Caixa \u00e9 interditada por causa de surto de caxumba"},"content":{"rendered":"<p>GABRIELA TUNES<\/p>\n<p>&nbsp;<\/p>\n<p>Uma ag\u00eancia da Caixa Econ\u00f4mica Federal, na 512 Norte, foi interditada por causa da suspeita de um surto de caxumba. Fala-se em 18 casos.<\/p>\n<p>&nbsp;<\/p>\n<p><a href=\"https:\/\/blogs.correiobraziliense.com.br\/vicente\/wp-content\/uploads\/sites\/16\/2019\/04\/Caixa1.jpg\"><img loading=\"lazy\" decoding=\"async\" class=\"wp-image-10464 alignleft\" src=\"https:\/\/blogs.correiobraziliense.com.br\/vicente\/wp-content\/uploads\/sites\/16\/2019\/04\/Caixa1-576x1024.jpg\" alt=\"\" width=\"380\" height=\"676\" srcset=\"https:\/\/blogs.correiobraziliense.com.br\/vicente\/wp-content\/uploads\/sites\/16\/2019\/04\/Caixa1-576x1024.jpg 576w, https:\/\/blogs.correiobraziliense.com.br\/vicente\/wp-content\/uploads\/sites\/16\/2019\/04\/Caixa1-169x300.jpg 169w, https:\/\/blogs.correiobraziliense.com.br\/vicente\/wp-content\/uploads\/sites\/16\/2019\/04\/Caixa1-197x350.jpg 197w, https:\/\/blogs.correiobraziliense.com.br\/vicente\/wp-content\/uploads\/sites\/16\/2019\/04\/Caixa1-550x978.jpg 550w, https:\/\/blogs.correiobraziliense.com.br\/vicente\/wp-content\/uploads\/sites\/16\/2019\/04\/Caixa1-230x409.jpg 230w, https:\/\/blogs.correiobraziliense.com.br\/vicente\/wp-content\/uploads\/sites\/16\/2019\/04\/Caixa1.jpg 720w\" sizes=\"auto, (max-width: 380px) 100vw, 380px\" \/><\/a><\/p>\n<p>Os funcion\u00e1rios est\u00e3o aguardando representantes da Secretaria de Sa\u00fade do Distrito Federal para fazer a higieniza\u00e7\u00e3o do local. O acesso est\u00e1 proibido no t\u00e9rreo, sendo poss\u00edvel apenas pelo subsolo.<\/p>\n<p>&nbsp;<\/p>\n<p>Funcion\u00e1rios tentaram chegar para trabalhar e foram impedidos de entrar. \u201cN\u00e3o sabia de nada. Fiquei sabendo pela mo\u00e7a da limpeza que est\u00e1 com surto.\u201d, comentou um deles. Os que est\u00e3o dentro da ag\u00eancia usam m\u00e1scaras.<\/p>\n<p>&nbsp;<\/p>\n<p>A preocupa\u00e7\u00e3o entre a clientela \u00e9 grande. Muitos souberam da interdi\u00e7\u00e3o e dos riscos que estavam correndo por meio de um aviso no megafone.<\/p>\n<p>&nbsp;<\/p>\n<p>Por nota, a Caixa &#8220;informa que uma das alas da sua unidade, na 512 Norte, est\u00e1 isolada para entrada devido suspeita de surto de caxumba. O banco j\u00e1 est\u00e1 realizando todos os procedimentos cab\u00edveis, conforme orienta\u00e7\u00f5es da Vigil\u00e2ncia Sanit\u00e1ria no local&#8221;.<\/p>\n<p>&nbsp;<\/p>\n<p><em>Bras\u00edlia, 13h03min<\/em><\/p>\n","protected":false},"excerpt":{"rendered":"<p>GABRIELA TUNES &nbsp; Uma ag\u00eancia da Caixa Econ\u00f4mica Federal, na 512 Norte, foi interditada por causa da suspeita de um surto de caxumba. Fala-se em 18 casos. &nbsp; Os funcion\u00e1rios est\u00e3o aguardando representantes da Secretaria de Sa\u00fade do Distrito Federal para fazer a higieniza\u00e7\u00e3o do local. O acesso est\u00e1 proibido no t\u00e9rreo, sendo poss\u00edvel apenas [&hellip;]<\/p>\n","protected":false},"author":22,"featured_media":0,"comment_status":"open","ping_status":"closed","sticky":false,"template":"","format":"standard","meta":{"footnotes":""},"categories":[600],"tags":[110,3794,476,3793],"class_list":["post-10463","post","type-post","status-publish","format-standard","hentry","category-economia","tag-caixa","tag-caxumba","tag-funcionarios","tag-surto"],"_links":{"self":[{"href":"https:\/\/blogs.correiobraziliense.com.br\/vicente\/wp-json\/wp\/v2\/posts\/10463","targetHints":{"allow":["GET"]}}],"collection":[{"href":"https:\/\/blogs.correiobraziliense.com.br\/vicente\/wp-json\/wp\/v2\/posts"}],"about":[{"href":"https:\/\/blogs.correiobraziliense.com.br\/vicente\/wp-json\/wp\/v2\/types\/post"}],"author":[{"embeddable":true,"href":"https:\/\/blogs.correiobraziliense.com.br\/vicente\/wp-json\/wp\/v2\/users\/22"}],"replies":[{"embeddable":true,"href":"https:\/\/blogs.correiobraziliense.com.br\/vicente\/wp-json\/wp\/v2\/comments?post=10463"}],"version-history":[{"count":8,"href":"https:\/\/blogs.correiobraziliense.com.br\/vicente\/wp-json\/wp\/v2\/posts\/10463\/revisions"}],"predecessor-version":[{"id":10476,"href":"https:\/\/blogs.correiobraziliense.com.br\/vicente\/wp-json\/wp\/v2\/posts\/10463\/revisions\/10476"}],"wp:attachment":[{"href":"https:\/\/blogs.correiobraziliense.com.br\/vicente\/wp-json\/wp\/v2\/media?parent=10463"}],"wp:term":[{"taxonomy":"category","embeddable":true,"href":"https:\/\/blogs.correiobraziliense.com.br\/vicente\/wp-json\/wp\/v2\/categories?post=10463"},{"taxonomy":"post_tag","embeddable":true,"href":"https:\/\/blogs.correiobraziliense.com.br\/vicente\/wp-json\/wp\/v2\/tags?post=10463"}],"curies":[{"name":"wp","href":"https:\/\/api.w.org\/{rel}","templated":true}]}}