{"id":10455,"date":"2019-04-12T10:45:27","date_gmt":"2019-04-12T13:45:27","guid":{"rendered":"https:\/\/blogs.correiobraziliense.com.br\/vicente\/?p=10455"},"modified":"2019-04-12T10:59:04","modified_gmt":"2019-04-12T13:59:04","slug":"inflacao-para-as-familias-mais-pobres-se-aproxima-de-5-diz-ipea","status":"publish","type":"post","link":"https:\/\/blogs.correiobraziliense.com.br\/vicente\/inflacao-para-as-familias-mais-pobres-se-aproxima-de-5-diz-ipea\/","title":{"rendered":"Infla\u00e7\u00e3o para as fam\u00edlias mais pobres se aproxima de 5%, diz Ipea"},"content":{"rendered":"<h2>HAMILTON FERRARI<\/h2>\n<h2><\/h2>\n<h2>A acelera\u00e7\u00e3o da infla\u00e7\u00e3o em mar\u00e7o prejudicou principalmente as fam\u00edlias mais pobres, segundo estudo divulgado na manh\u00e3 desta sexta-feira (12\/4) pelo Instituto de Pesquisa Econ\u00f4mica Aplicada (Ipea). Enquanto o \u00cdndice Nacional de Pre\u00e7os ao Consumidor Amplo (IPCA) variou 4,58% nos \u00faltimos 12 meses, a taxa para a classe de renda \u201cmuito baixa\u201d foi de 4,96% no mesmo per\u00edodo.<\/h2>\n<p>&nbsp;<\/p>\n<p>O \u00f3rg\u00e3o se baseia no indicador divulgado mensalmente pelo Instituto Brasileiro de Geografia e Estat\u00edstica (IBGE). Em mar\u00e7o, a \u00edndice variou 0,75%, puxado principalmente pelos pre\u00e7os dos alimentos e gasolina. Aos mais ricos, a infla\u00e7\u00e3o foi de 0,7%, mas, aos que t\u00eam a renda muito baixa, a taxa foi de 0,8% no m\u00eas.\u00a0<strong>Confira como foram as varia\u00e7\u00f5es por faixa de renda:<\/strong><\/p>\n<p>&nbsp;<\/p>\n<p><strong>Renda muito baixa<\/strong><\/p>\n<p>Mar\u00e7o: 0,8%<\/p>\n<p>Acumulado de 12 meses: 4,96%<\/p>\n<p><strong>Renda baixa <\/strong><\/p>\n<p>Mar\u00e7o: 0,77%<\/p>\n<p>Acumulado de 12 meses: 4,74%<\/p>\n<p><strong>Renda m\u00e9dia-baixa<\/strong><\/p>\n<p>Mar\u00e7o: 0,76%<\/p>\n<p>Acumulado de 12 meses: 4,67%<\/p>\n<p><strong>Renda m\u00e9dia<\/strong><\/p>\n<p>Mar\u00e7o: 0,73%<\/p>\n<p>Acumulado de 12 meses: 4,49%<\/p>\n<p><strong>Renda m\u00e9dia-alta<\/strong><\/p>\n<p>Mar\u00e7o: 0,72%<\/p>\n<p>Acumulado de 12 meses: 4,37%<\/p>\n<p><strong>Renda alta<\/strong><\/p>\n<p>Mar\u00e7o: 0,7%<\/p>\n<p>Acumulado de 12 meses: 4,28%<\/p>\n<p><strong>Infla\u00e7\u00e3o (IPCA)<\/strong><\/p>\n<p>Mar\u00e7o: 0,75%<\/p>\n<p>Acumulado de 12 meses: 4,58%<\/p>\n<p>&nbsp;<\/p>\n<p>Segundo o Ipea, assim como vem ocorrendo ao longo dos \u00faltimos meses, a alta dos alimentos vem impactando de forma mais significativa as fam\u00edlias mais pobres. No IPCA, o grupo de alimenta\u00e7\u00e3o e bebidas subiu 1,37% em mar\u00e7o e 6,74% no acumulado de 12 meses.<\/p>\n<p>&nbsp;<\/p>\n<p>\u201cEm mar\u00e7o, dos dezesseis subgrupos que comp\u00f5em o segmento alimenta\u00e7\u00e3o no domic\u00edlio, quatorze apresentaram varia\u00e7\u00f5es positivas, as maiores altas ocorreram justamente nos itens de maior peso no consumo das fam\u00edlias de menor renda, como cereais (5,2%), tub\u00e9rculos (18,7%), hortali\u00e7as (6,1%) e frutas (4,3%)\u201d, informou o Ipea.<\/p>\n<p>&nbsp;<\/p>\n<p>O custo mais caro nos supermercados tem contribu\u00eddo para distanciar a infla\u00e7\u00e3o por faixa de renda. O \u00f3rg\u00e3o mostra que a separa\u00e7\u00e3o entre as taxas de ricos e pobres est\u00e1 mais evidente neste ano. \u201cNota-se que, em mar\u00e7o de 2019, enquanto a infla\u00e7\u00e3o da classe mais baixa foi vinte vezes maior que a registrada nesse mesmo m\u00eas de 2018, a acelera\u00e7\u00e3o da taxa de infla\u00e7\u00e3o da classe mais alta em 2019 foi mais amena \u2013 cerca de 6,5 vezes maior\u201d, comunicou.<\/p>\n<p>&nbsp;<\/p>\n<p><em>Bras\u00edlia, 10h34min<\/em><\/p>\n","protected":false},"excerpt":{"rendered":"<p>HAMILTON FERRARI A acelera\u00e7\u00e3o da infla\u00e7\u00e3o em mar\u00e7o prejudicou principalmente as fam\u00edlias mais pobres, segundo estudo divulgado na manh\u00e3 desta sexta-feira (12\/4) pelo Instituto de Pesquisa Econ\u00f4mica Aplicada (Ipea). Enquanto o \u00cdndice Nacional de Pre\u00e7os ao Consumidor Amplo (IPCA) variou 4,58% nos \u00faltimos 12 meses, a taxa para a classe de renda \u201cmuito baixa\u201d foi [&hellip;]<\/p>\n","protected":false},"author":22,"featured_media":10457,"comment_status":"open","ping_status":"closed","sticky":false,"template":"","format":"standard","meta":{"footnotes":""},"categories":[600],"tags":[],"class_list":["post-10455","post","type-post","status-publish","format-standard","has-post-thumbnail","hentry","category-economia"],"_links":{"self":[{"href":"https:\/\/blogs.correiobraziliense.com.br\/vicente\/wp-json\/wp\/v2\/posts\/10455","targetHints":{"allow":["GET"]}}],"collection":[{"href":"https:\/\/blogs.correiobraziliense.com.br\/vicente\/wp-json\/wp\/v2\/posts"}],"about":[{"href":"https:\/\/blogs.correiobraziliense.com.br\/vicente\/wp-json\/wp\/v2\/types\/post"}],"author":[{"embeddable":true,"href":"https:\/\/blogs.correiobraziliense.com.br\/vicente\/wp-json\/wp\/v2\/users\/22"}],"replies":[{"embeddable":true,"href":"https:\/\/blogs.correiobraziliense.com.br\/vicente\/wp-json\/wp\/v2\/comments?post=10455"}],"version-history":[{"count":1,"href":"https:\/\/blogs.correiobraziliense.com.br\/vicente\/wp-json\/wp\/v2\/posts\/10455\/revisions"}],"predecessor-version":[{"id":10456,"href":"https:\/\/blogs.correiobraziliense.com.br\/vicente\/wp-json\/wp\/v2\/posts\/10455\/revisions\/10456"}],"wp:featuredmedia":[{"embeddable":true,"href":"https:\/\/blogs.correiobraziliense.com.br\/vicente\/wp-json\/wp\/v2\/media\/10457"}],"wp:attachment":[{"href":"https:\/\/blogs.correiobraziliense.com.br\/vicente\/wp-json\/wp\/v2\/media?parent=10455"}],"wp:term":[{"taxonomy":"category","embeddable":true,"href":"https:\/\/blogs.correiobraziliense.com.br\/vicente\/wp-json\/wp\/v2\/categories?post=10455"},{"taxonomy":"post_tag","embeddable":true,"href":"https:\/\/blogs.correiobraziliense.com.br\/vicente\/wp-json\/wp\/v2\/tags?post=10455"}],"curies":[{"name":"wp","href":"https:\/\/api.w.org\/{rel}","templated":true}]}}